{"id":8254,"date":"2025-07-18T11:41:41","date_gmt":"2025-07-18T09:41:41","guid":{"rendered":"https:\/\/www.e-wczasy.pl\/blog\/?p=8254"},"modified":"2025-07-18T11:41:41","modified_gmt":"2025-07-18T09:41:41","slug":"co-spakowac-na-wakacje-krotki-poradnik","status":"publish","type":"post","link":"https:\/\/www.e-wczasy.pl\/blog\/co-spakowac-na-wakacje-krotki-poradnik\/","title":{"rendered":"Co spakowa\u0107 na wakacje? Kr\u00f3tki poradnik"},"content":{"rendered":"<p>Sztuka pakowania to klucz do udanego wyjazdu, gdy\u017c dobrze przygotowana walizka pozwala unikn\u0105\u0107 stresu, niepotrzebnych wydatk\u00f3w i sprawia, \u017ce mo\u017cna w pe\u0142ni cieszy\u0107 si\u0119 wypoczynkiem. Przemy\u015blana lista rzeczy do zabrania jest wi\u0119c podstaw\u0105. Zamiast wrzuca\u0107 do walizki wszystko, co wpadnie w r\u0119ce, warto po\u015bwi\u0119ci\u0107 chwil\u0119 na zaplanowanie garderoby i akcesori\u00f3w dopasowanych do charakteru podr\u00f3\u017cy.<\/p>\n<p>&#8212; artyku\u0142 sponsorowany &#8212;<\/p>\n<h2>Spakuj si\u0119 na wakacje w zale\u017cno\u015bci od miejsca, gdzie jedziesz<\/h2>\n<p>Podstawowa zasada brzmi: walizka musi odpowiada\u0107 na potrzeby miejsca, do kt\u00f3rego si\u0119 wybieramy. Nikt nie ma magicznego kufra bez dna, wi\u0119c starannie skomponowany zestaw to fundament udanego urlopu. Dlaczego? Po prostu co innego przyda si\u0119 w wilgotnym, tropikalnym kurorcie, gdzie grube swetry by\u0142yby absurdem, a co innego podczas wyprawy na ch\u0142odn\u0105 i wietrzn\u0105 p\u00f3\u0142noc Europy, gdzie zwiewna sukienka sprawdzi si\u0119 co najwy\u017cej jako chusteczka. Aby unikn\u0105\u0107 pomy\u0142ek, kluczowe jest uwzgl\u0119dnienie trzech fundamentalnych czynnik\u00f3w: klimatu, planowanych aktywno\u015bci oraz lokalnej kultury.<\/p>\n<p>Sprawdzenie prognozy pogody to absolutna podstawa, ale nie wystarczy rzut oka na temperatur\u0119. Wa\u017cna jest te\u017c wilgotno\u015b\u0107, prawdopodobie\u0144stwo opad\u00f3w i ich typ oraz si\u0142a wiatru, kt\u00f3re decyduj\u0105 o tym, czy lepiej sprawdzi si\u0119 zwyk\u0142a kurtka czy niezb\u0119dna b\u0119dzie ta nieprzemakalna lub ocieplana.<\/p>\n<p>Planowane aktywno\u015bci to kolejny drogowskaz \u2013 inaczej spakuje si\u0119 osoba nastawiona na wielogodzinne zwiedzanie miasta w Gracji, potrzebuj\u0105ca przede wszystkim wygodnych, lekkich but\u00f3w i stroju na przebranie, a inaczej mi\u0142o\u015bnik trekkingu i wypraw w wysokie g\u00f3ry, dla kt\u00f3rego priorytetem b\u0119d\u0105 nieprzemakalne buty, odzie\u017c g\u00f3rska i kurtka przeciwdeszczowa.<\/p>\n<p>Nie mo\u017cna te\u017c ignorowa\u0107 kontekstu kulturowego. Wybieraj\u0105c si\u0119 do kraj\u00f3w o bardziej konserwatywnych normach obyczajowych lub planuj\u0105c zwiedzanie miejsc kultu religijnego, warto mie\u0107 w baga\u017cu co\u015b, co pozwoli zakry\u0107 g\u0142ow\u0119 i ramiona, a w razie potrzeby zas\u0142oni odkryte nogi.<\/p>\n<p><img fetchpriority=\"high\" decoding=\"async\" class=\"alignnone size-large wp-image-8256\" src=\"https:\/\/www.e-wczasy.pl\/blog\/wp-content\/uploads\/2025\/07\/co-spakowac-na-wakacje-02-1024x548.webp\" alt=\"\" width=\"696\" height=\"372\" srcset=\"https:\/\/www.e-wczasy.pl\/blog\/wp-content\/uploads\/2025\/07\/co-spakowac-na-wakacje-02-1024x548.webp 1024w, https:\/\/www.e-wczasy.pl\/blog\/wp-content\/uploads\/2025\/07\/co-spakowac-na-wakacje-02-300x161.webp 300w, https:\/\/www.e-wczasy.pl\/blog\/wp-content\/uploads\/2025\/07\/co-spakowac-na-wakacje-02-768x411.webp 768w, https:\/\/www.e-wczasy.pl\/blog\/wp-content\/uploads\/2025\/07\/co-spakowac-na-wakacje-02-1536x822.webp 1536w, https:\/\/www.e-wczasy.pl\/blog\/wp-content\/uploads\/2025\/07\/co-spakowac-na-wakacje-02.webp 1779w\" sizes=\"(max-width: 696px) 100vw, 696px\" \/><\/p>\n<h2>Co spakowa\u0107 na wakacje all-inclusive w ciep\u0142ych krajach?<\/h2>\n<p>Wyjazdy do ciep\u0142ych kraj\u00f3w, zw\u0142aszcza w formule all-inclusive, kojarz\u0105 si\u0119 z beztrosk\u0105, s\u0142o\u0144cem i wod\u0105. Podstaw\u0105 garderoby na takie wakacje s\u0105 oczywi\u015bcie stroje k\u0105pielowe \u2013 warto zabra\u0107 co najmniej dwa, niezale\u017cnie od p\u0142ci i wieku.<\/p>\n<p>Niezb\u0119dn\u0105 s\u0105 r\u00f3wnie\u017c przewiewne ubrania, zw\u0142aszcza gdy w planach jest zwiedzanie okolicy. Warto spakowa\u0107 lekkie sukienki, a tak\u017ce szorty damskie, kt\u00f3re mo\u017cna zestawia\u0107 z topami. Dla pan\u00f3w idealne b\u0119d\u0105 szorty m\u0119ski z bawe\u0142ny czy lnu. Je\u015bli planujesz w\u0142a\u015bnie zrobi\u0107 zakupy przed wyjazdem sprawd\u017a ofert\u0119\u00a0<u><a href=\"https:\/\/diversesystem.com\/pl\/on\/spodenki\">spodenek m\u0119skich na https:\/\/diversesystem.com\/pl\/on\/spodenki<\/a><\/u>.<\/p>\n<p>Absolutnym must huve jest krem z filtrem UVA oraz UVB, a tak\u017ce nakrycie g\u0142owy i okulary przeciws\u0142oneczne. Na wieczorne kolacje w hotelowej restauracji przyda si\u0119 nieco bardziej elegancki str\u00f3j. Niezb\u0119dna b\u0119dzie tak\u017ce podr\u0119czna apteczka z podstawowymi lekami, \u015brodkami na oparzenia s\u0142oneczne i problemami \u017co\u0142\u0105dkowymi.<\/p>\n<h2>Co spakowa\u0107 na wakacje w g\u00f3rach?<\/h2>\n<p>G\u00f3rskie wyprawy wymagaj\u0105 zupe\u0142nie innego przygotowania. Pogoda w g\u00f3rach bywa zmienna i kapry\u015bna, dlatego kluczowe jest ubieranie si\u0119 \u201ena cebulk\u0119\u201d. Najwa\u017cniejszym elementem ekwipunku s\u0105 bez w\u0105tpienia wygodne buty do chodzenia po g\u00f3rach, kt\u00f3re zapewni\u0105 stabilno\u015b\u0107 i ochron\u0119 stopy oraz kostki.<\/p>\n<p>W plecaku powinny znale\u017a\u0107 si\u0119 oddychaj\u0105ce koszulki, polar lub bluza oraz nieprzemakalna kurtka. Zamiast d\u017cins\u00f3w lepiej sprawdz\u0105 si\u0119 elastyczne spodnie trekkingowe. Warto spakowa\u0107 tak\u017ce czapk\u0119, map\u0119 miejsca docelowego oraz wysokoenergetyczne przek\u0105ski i wod\u0119. Dobrze wyposa\u017cona apteczka to konieczno\u015b\u0107 \u2013 powinna zawiera\u0107 plastry na otarcia, \u015brodek do dezynfekcji i leki przeciwb\u00f3lowe.<\/p>\n<p>Plecak warto zapakowa\u0107 w zale\u017cno\u015bci od tego, czy w planach jest spanie pod namiotem czy nocleg w schroniskach g\u00f3rskich. To podstawa, kt\u00f3rej nie warto lekcewa\u017cy\u0107.<\/p>\n<h2>Co spakowa\u0107 na wakacje, gdzie nie ma lata?<\/h2>\n<p>Wyjazd do ch\u0142odniejszych rejon\u00f3w, jak Skandynawia czy Islandia, wymaga skupienia si\u0119 na ochronie przed zimnem i wiatrem. Tu r\u00f3wnie\u017c sprawdza si\u0119 zasada warstw, zw\u0142aszcza gdy wyprawa jest planowana w ch\u0142odnym okresie roku. Podstaw\u0105 wtedy jest bielizna termiczna, kt\u00f3ra utrzymuje ciep\u0142o i odprowadza wilgo\u0107. Do niej niezb\u0119dne s\u0105 kolejne warstwy \u2013 wygodne i ciep\u0142e spodnie, buzy, polary lub swetry. Kluczowym elementem jest solidna, ocieplana i wodoodporna kurtka.<\/p>\n<p>Konieczne do zabrania s\u0105 wygodne, sprawdzone i nieprzemakalne buty, grube skarpety, czapka, szalik i r\u0119kawiczki. Nawet w ch\u0142odnym klimacie s\u0142o\u0144ce mo\u017ce by\u0107 zdradliwe, dlatego warto pami\u0119ta\u0107 o okularach przeciws\u0142onecznych i kremie z filtrem.<\/p>\n<h2>Podsumowanie<\/h2>\n<p>Niezale\u017cnie od kierunku podr\u00f3\u017cy, inteligentne pakowanie to fundament udanego urlopu. Kluczem nie jest ilo\u015b\u0107 zabranych rzeczy, ale ich przemy\u015blany dob\u00f3r, dopasowany do klimatu i planowanych aktywno\u015bci. Stworzenie listy i spakowanie si\u0119 zgodnie z ni\u0105 pozwala zaoszcz\u0119dzi\u0107 miejsce w walizce i unikn\u0105\u0107 niepotrzebnego stresu. Dobre przygotowanie to gwarancja spokoju i beztroskiego odpoczynku, bez wzgl\u0119du na to, gdzie poniesie podr\u00f3\u017cnicza fantazja.<\/p>\n","protected":false},"excerpt":{"rendered":"<p>Sztuka pakowania to klucz do udanego wyjazdu, gdy\u017c dobrze przygotowana walizka pozwala unikn\u0105\u0107 stresu, niepotrzebnych wydatk\u00f3w i sprawia, \u017ce mo\u017cna w pe\u0142ni cieszy\u0107 si\u0119 wypoczynkiem. Przemy\u015blana lista rzeczy do zabrania jest wi\u0119c podstaw\u0105. Zamiast wrzuca\u0107 do walizki wszystko, co wpadnie w r\u0119ce, warto po\u015bwi\u0119ci\u0107 chwil\u0119 na zaplanowanie garderoby i akcesori\u00f3w dopasowanych do charakteru podr\u00f3\u017cy. &#8212; [&hellip;]<\/p>\n","protected":false},"author":15,"featured_media":8255,"comment_status":"closed","ping_status":"closed","sticky":false,"template":"","format":"standard","meta":{"_lmt_disableupdate":"","_lmt_disable":"","footnotes":""},"categories":[433],"tags":[464,422],"class_list":{"0":"post-8254","1":"post","2":"type-post","3":"status-publish","4":"format-standard","5":"has-post-thumbnail","7":"category-artykul-partnera","8":"tag-na-czasie","9":"tag-polecamy"},"yoast_head":"<!-- This site is optimized with the Yoast SEO plugin v26.1.1 - https:\/\/yoast.com\/wordpress\/plugins\/seo\/ -->\n<title>Co spakowa\u0107 na wakacje? Kr\u00f3tki poradnik - Blog E-wczasy.pl - Noclegi w Polsce. Atrakcje i porady<\/title>\n<meta name=\"robots\" content=\"index, follow, max-snippet:-1, max-image-preview:large, max-video-preview:-1\" \/>\n<link rel=\"canonical\" href=\"https:\/\/www.e-wczasy.pl\/blog\/co-spakowac-na-wakacje-krotki-poradnik\/\" \/>\n<meta property=\"og:locale\" content=\"pl_PL\" \/>\n<meta property=\"og:type\" content=\"article\" \/>\n<meta property=\"og:title\" content=\"Co spakowa\u0107 na wakacje? Kr\u00f3tki poradnik - Blog E-wczasy.pl - Noclegi w Polsce. Atrakcje i porady\" \/>\n<meta property=\"og:description\" content=\"Sztuka pakowania to klucz do udanego wyjazdu, gdy\u017c dobrze przygotowana walizka pozwala unikn\u0105\u0107 stresu, niepotrzebnych wydatk\u00f3w i sprawia, \u017ce mo\u017cna w pe\u0142ni cieszy\u0107 si\u0119 wypoczynkiem. Przemy\u015blana lista rzeczy do zabrania jest wi\u0119c podstaw\u0105. Zamiast wrzuca\u0107 do walizki wszystko, co wpadnie w r\u0119ce, warto po\u015bwi\u0119ci\u0107 chwil\u0119 na zaplanowanie garderoby i akcesori\u00f3w dopasowanych do charakteru podr\u00f3\u017cy. &#8212; [&hellip;]\" \/>\n<meta property=\"og:url\" content=\"https:\/\/www.e-wczasy.pl\/blog\/co-spakowac-na-wakacje-krotki-poradnik\/\" \/>\n<meta property=\"og:site_name\" content=\"Blog E-wczasy.pl - Noclegi w Polsce. Atrakcje i porady\" \/>\n<meta property=\"article:published_time\" content=\"2025-07-18T09:41:41+00:00\" \/>\n<meta property=\"og:image\" content=\"https:\/\/www.e-wczasy.pl\/blog\/wp-content\/uploads\/2025\/07\/co-spakowac-na-wakacje-01.webp\" \/>\n\t<meta property=\"og:image:width\" content=\"2000\" \/>\n\t<meta property=\"og:image:height\" content=\"1333\" \/>\n\t<meta property=\"og:image:type\" content=\"image\/jpeg\" \/>\n<meta name=\"author\" content=\"Redakcja E-WCZASY\" \/>\n<meta name=\"twitter:card\" content=\"summary_large_image\" \/>\n<meta name=\"twitter:label1\" content=\"Napisane przez\" \/>\n\t<meta name=\"twitter:data1\" content=\"Redakcja E-WCZASY\" \/>\n\t<meta name=\"twitter:label2\" content=\"Szacowany czas czytania\" \/>\n\t<meta name=\"twitter:data2\" content=\"5 minut\" \/>\n<script type=\"application\/ld+json\" class=\"yoast-schema-graph\">{\"@context\":\"https:\/\/schema.org\",\"@graph\":[{\"@type\":\"WebPage\",\"@id\":\"https:\/\/www.e-wczasy.pl\/blog\/co-spakowac-na-wakacje-krotki-poradnik\/\",\"url\":\"https:\/\/www.e-wczasy.pl\/blog\/co-spakowac-na-wakacje-krotki-poradnik\/\",\"name\":\"Co spakowa\u0107 na wakacje? Kr\u00f3tki poradnik - Blog E-wczasy.pl - Noclegi w Polsce. Atrakcje i porady\",\"isPartOf\":{\"@id\":\"https:\/\/www.e-wczasy.pl\/blog\/#website\"},\"primaryImageOfPage\":{\"@id\":\"https:\/\/www.e-wczasy.pl\/blog\/co-spakowac-na-wakacje-krotki-poradnik\/#primaryimage\"},\"image\":{\"@id\":\"https:\/\/www.e-wczasy.pl\/blog\/co-spakowac-na-wakacje-krotki-poradnik\/#primaryimage\"},\"thumbnailUrl\":\"https:\/\/www.e-wczasy.pl\/blog\/wp-content\/uploads\/2025\/07\/co-spakowac-na-wakacje-01.webp\",\"datePublished\":\"2025-07-18T09:41:41+00:00\",\"author\":{\"@id\":\"https:\/\/www.e-wczasy.pl\/blog\/#\/schema\/person\/3e339acdf5665ef8e7d483a4c8cc22b9\"},\"breadcrumb\":{\"@id\":\"https:\/\/www.e-wczasy.pl\/blog\/co-spakowac-na-wakacje-krotki-poradnik\/#breadcrumb\"},\"inLanguage\":\"pl-PL\",\"potentialAction\":[{\"@type\":\"ReadAction\",\"target\":[\"https:\/\/www.e-wczasy.pl\/blog\/co-spakowac-na-wakacje-krotki-poradnik\/\"]}]},{\"@type\":\"ImageObject\",\"inLanguage\":\"pl-PL\",\"@id\":\"https:\/\/www.e-wczasy.pl\/blog\/co-spakowac-na-wakacje-krotki-poradnik\/#primaryimage\",\"url\":\"https:\/\/www.e-wczasy.pl\/blog\/wp-content\/uploads\/2025\/07\/co-spakowac-na-wakacje-01.webp\",\"contentUrl\":\"https:\/\/www.e-wczasy.pl\/blog\/wp-content\/uploads\/2025\/07\/co-spakowac-na-wakacje-01.webp\",\"width\":2000,\"height\":1333,\"caption\":\"Co spakowa\u0107 na wakacje\"},{\"@type\":\"BreadcrumbList\",\"@id\":\"https:\/\/www.e-wczasy.pl\/blog\/co-spakowac-na-wakacje-krotki-poradnik\/#breadcrumb\",\"itemListElement\":[{\"@type\":\"ListItem\",\"position\":1,\"name\":\"Strona g\u0142\u00f3wna\",\"item\":\"https:\/\/www.e-wczasy.pl\/blog\/\"},{\"@type\":\"ListItem\",\"position\":2,\"name\":\"Co spakowa\u0107 na wakacje? Kr\u00f3tki poradnik\"}]},{\"@type\":\"WebSite\",\"@id\":\"https:\/\/www.e-wczasy.pl\/blog\/#website\",\"url\":\"https:\/\/www.e-wczasy.pl\/blog\/\",\"name\":\"Blog E-wczasy.pl - Noclegi w Polsce. Atrakcje i porady\",\"description\":\"\",\"potentialAction\":[{\"@type\":\"SearchAction\",\"target\":{\"@type\":\"EntryPoint\",\"urlTemplate\":\"https:\/\/www.e-wczasy.pl\/blog\/?s={search_term_string}\"},\"query-input\":{\"@type\":\"PropertyValueSpecification\",\"valueRequired\":true,\"valueName\":\"search_term_string\"}}],\"inLanguage\":\"pl-PL\"},{\"@type\":\"Person\",\"@id\":\"https:\/\/www.e-wczasy.pl\/blog\/#\/schema\/person\/3e339acdf5665ef8e7d483a4c8cc22b9\",\"name\":\"Redakcja E-WCZASY\",\"image\":{\"@type\":\"ImageObject\",\"inLanguage\":\"pl-PL\",\"@id\":\"https:\/\/www.e-wczasy.pl\/blog\/#\/schema\/person\/image\/\",\"url\":\"https:\/\/secure.gravatar.com\/avatar\/0ce932598cf333b1cb77ecfa8a846d5c7bb7db403fd658e5ed06fc8eb3dce7cc?s=96&d=mm&r=g\",\"contentUrl\":\"https:\/\/secure.gravatar.com\/avatar\/0ce932598cf333b1cb77ecfa8a846d5c7bb7db403fd658e5ed06fc8eb3dce7cc?s=96&d=mm&r=g\",\"caption\":\"Redakcja E-WCZASY\"},\"url\":\"https:\/\/www.e-wczasy.pl\/blog\/author\/redakcja\/\"}]}<\/script>\n<!-- \/ Yoast SEO plugin. -->","yoast_head_json":{"title":"Co spakowa\u0107 na wakacje? Kr\u00f3tki poradnik - Blog E-wczasy.pl - Noclegi w Polsce. Atrakcje i porady","robots":{"index":"index","follow":"follow","max-snippet":"max-snippet:-1","max-image-preview":"max-image-preview:large","max-video-preview":"max-video-preview:-1"},"canonical":"https:\/\/www.e-wczasy.pl\/blog\/co-spakowac-na-wakacje-krotki-poradnik\/","og_locale":"pl_PL","og_type":"article","og_title":"Co spakowa\u0107 na wakacje? Kr\u00f3tki poradnik - Blog E-wczasy.pl - Noclegi w Polsce. Atrakcje i porady","og_description":"Sztuka pakowania to klucz do udanego wyjazdu, gdy\u017c dobrze przygotowana walizka pozwala unikn\u0105\u0107 stresu, niepotrzebnych wydatk\u00f3w i sprawia, \u017ce mo\u017cna w pe\u0142ni cieszy\u0107 si\u0119 wypoczynkiem. Przemy\u015blana lista rzeczy do zabrania jest wi\u0119c podstaw\u0105. Zamiast wrzuca\u0107 do walizki wszystko, co wpadnie w r\u0119ce, warto po\u015bwi\u0119ci\u0107 chwil\u0119 na zaplanowanie garderoby i akcesori\u00f3w dopasowanych do charakteru podr\u00f3\u017cy. &#8212; [&hellip;]","og_url":"https:\/\/www.e-wczasy.pl\/blog\/co-spakowac-na-wakacje-krotki-poradnik\/","og_site_name":"Blog E-wczasy.pl - Noclegi w Polsce. Atrakcje i porady","article_published_time":"2025-07-18T09:41:41+00:00","og_image":[{"width":2000,"height":1333,"url":"https:\/\/www.e-wczasy.pl\/blog\/wp-content\/uploads\/2025\/07\/co-spakowac-na-wakacje-01.webp","type":"image\/jpeg"}],"author":"Redakcja E-WCZASY","twitter_card":"summary_large_image","twitter_misc":{"Napisane przez":"Redakcja E-WCZASY","Szacowany czas czytania":"5 minut"},"schema":{"@context":"https:\/\/schema.org","@graph":[{"@type":"WebPage","@id":"https:\/\/www.e-wczasy.pl\/blog\/co-spakowac-na-wakacje-krotki-poradnik\/","url":"https:\/\/www.e-wczasy.pl\/blog\/co-spakowac-na-wakacje-krotki-poradnik\/","name":"Co spakowa\u0107 na wakacje? Kr\u00f3tki poradnik - Blog E-wczasy.pl - Noclegi w Polsce. Atrakcje i porady","isPartOf":{"@id":"https:\/\/www.e-wczasy.pl\/blog\/#website"},"primaryImageOfPage":{"@id":"https:\/\/www.e-wczasy.pl\/blog\/co-spakowac-na-wakacje-krotki-poradnik\/#primaryimage"},"image":{"@id":"https:\/\/www.e-wczasy.pl\/blog\/co-spakowac-na-wakacje-krotki-poradnik\/#primaryimage"},"thumbnailUrl":"https:\/\/www.e-wczasy.pl\/blog\/wp-content\/uploads\/2025\/07\/co-spakowac-na-wakacje-01.webp","datePublished":"2025-07-18T09:41:41+00:00","author":{"@id":"https:\/\/www.e-wczasy.pl\/blog\/#\/schema\/person\/3e339acdf5665ef8e7d483a4c8cc22b9"},"breadcrumb":{"@id":"https:\/\/www.e-wczasy.pl\/blog\/co-spakowac-na-wakacje-krotki-poradnik\/#breadcrumb"},"inLanguage":"pl-PL","potentialAction":[{"@type":"ReadAction","target":["https:\/\/www.e-wczasy.pl\/blog\/co-spakowac-na-wakacje-krotki-poradnik\/"]}]},{"@type":"ImageObject","inLanguage":"pl-PL","@id":"https:\/\/www.e-wczasy.pl\/blog\/co-spakowac-na-wakacje-krotki-poradnik\/#primaryimage","url":"https:\/\/www.e-wczasy.pl\/blog\/wp-content\/uploads\/2025\/07\/co-spakowac-na-wakacje-01.webp","contentUrl":"https:\/\/www.e-wczasy.pl\/blog\/wp-content\/uploads\/2025\/07\/co-spakowac-na-wakacje-01.webp","width":2000,"height":1333,"caption":"Co spakowa\u0107 na wakacje"},{"@type":"BreadcrumbList","@id":"https:\/\/www.e-wczasy.pl\/blog\/co-spakowac-na-wakacje-krotki-poradnik\/#breadcrumb","itemListElement":[{"@type":"ListItem","position":1,"name":"Strona g\u0142\u00f3wna","item":"https:\/\/www.e-wczasy.pl\/blog\/"},{"@type":"ListItem","position":2,"name":"Co spakowa\u0107 na wakacje? Kr\u00f3tki poradnik"}]},{"@type":"WebSite","@id":"https:\/\/www.e-wczasy.pl\/blog\/#website","url":"https:\/\/www.e-wczasy.pl\/blog\/","name":"Blog E-wczasy.pl - Noclegi w Polsce. Atrakcje i porady","description":"","potentialAction":[{"@type":"SearchAction","target":{"@type":"EntryPoint","urlTemplate":"https:\/\/www.e-wczasy.pl\/blog\/?s={search_term_string}"},"query-input":{"@type":"PropertyValueSpecification","valueRequired":true,"valueName":"search_term_string"}}],"inLanguage":"pl-PL"},{"@type":"Person","@id":"https:\/\/www.e-wczasy.pl\/blog\/#\/schema\/person\/3e339acdf5665ef8e7d483a4c8cc22b9","name":"Redakcja E-WCZASY","image":{"@type":"ImageObject","inLanguage":"pl-PL","@id":"https:\/\/www.e-wczasy.pl\/blog\/#\/schema\/person\/image\/","url":"https:\/\/secure.gravatar.com\/avatar\/0ce932598cf333b1cb77ecfa8a846d5c7bb7db403fd658e5ed06fc8eb3dce7cc?s=96&d=mm&r=g","contentUrl":"https:\/\/secure.gravatar.com\/avatar\/0ce932598cf333b1cb77ecfa8a846d5c7bb7db403fd658e5ed06fc8eb3dce7cc?s=96&d=mm&r=g","caption":"Redakcja E-WCZASY"},"url":"https:\/\/www.e-wczasy.pl\/blog\/author\/redakcja\/"}]}},"modified_by":"Redakcja E-WCZASY","_links":{"self":[{"href":"https:\/\/www.e-wczasy.pl\/blog\/wp-json\/wp\/v2\/posts\/8254","targetHints":{"allow":["GET"]}}],"collection":[{"href":"https:\/\/www.e-wczasy.pl\/blog\/wp-json\/wp\/v2\/posts"}],"about":[{"href":"https:\/\/www.e-wczasy.pl\/blog\/wp-json\/wp\/v2\/types\/post"}],"author":[{"embeddable":true,"href":"https:\/\/www.e-wczasy.pl\/blog\/wp-json\/wp\/v2\/users\/15"}],"replies":[{"embeddable":true,"href":"https:\/\/www.e-wczasy.pl\/blog\/wp-json\/wp\/v2\/comments?post=8254"}],"version-history":[{"count":1,"href":"https:\/\/www.e-wczasy.pl\/blog\/wp-json\/wp\/v2\/posts\/8254\/revisions"}],"predecessor-version":[{"id":8257,"href":"https:\/\/www.e-wczasy.pl\/blog\/wp-json\/wp\/v2\/posts\/8254\/revisions\/8257"}],"wp:featuredmedia":[{"embeddable":true,"href":"https:\/\/www.e-wczasy.pl\/blog\/wp-json\/wp\/v2\/media\/8255"}],"wp:attachment":[{"href":"https:\/\/www.e-wczasy.pl\/blog\/wp-json\/wp\/v2\/media?parent=8254"}],"wp:term":[{"taxonomy":"category","embeddable":true,"href":"https:\/\/www.e-wczasy.pl\/blog\/wp-json\/wp\/v2\/categories?post=8254"},{"taxonomy":"post_tag","embeddable":true,"href":"https:\/\/www.e-wczasy.pl\/blog\/wp-json\/wp\/v2\/tags?post=8254"}],"curies":[{"name":"wp","href":"https:\/\/api.w.org\/{rel}","templated":true}]}}