{"id":8162,"date":"2025-01-13T16:41:19","date_gmt":"2025-01-13T15:41:19","guid":{"rendered":"https:\/\/www.e-wczasy.pl\/blog\/?p=8162"},"modified":"2025-05-15T15:14:30","modified_gmt":"2025-05-15T13:14:30","slug":"ferie-zimowe-2025-spedz-je-w-gorach","status":"publish","type":"post","link":"https:\/\/www.e-wczasy.pl\/blog\/ferie-zimowe-2025-spedz-je-w-gorach\/","title":{"rendered":"Ferie zimowe 2025. Sp\u0119d\u017a je w g\u00f3rach"},"content":{"rendered":"<p class=\"p4\">Wszystko wskazuje na to, \u017ce w 2025 roku najwi\u0119ksz\u0105 popularno\u015bci\u0105 w\u015br\u00f3d planuj\u0105cych wyjazdy na ferie zimowe b\u0119d\u0105 cieszy\u0107 si\u0119 kurorty w g\u00f3rach. Nic dziwnego. W Karpatach i Sudetach znajdziesz zapieraj\u0105ce dech w piersiach widoki, kt\u00f3re potrafi\u0105 przy\u0107mi\u0107 alpejskie krajobrazy, strome szczyty i d\u0142ugie, malownicze szlaki turystyczne. Infrastruktura w o\u015brodkach narciarskich jest nowoczesna i dobrze rozwini\u0119ta, a trasy bardzo zr\u00f3\u017cnicowane. To wszystko powoduje, \u017ce ferie w miejscowo\u015bciach takich jak Zakopane, Karpacz czy Wis\u0142a mog\u0105 by\u0107 szalenie ciekawe.<\/p>\n<h2 class=\"p5\">Gdzie zaplanowa\u0107 ferie zimowe w 2025 roku? Przede wszystkim polskie g\u00f3ry!<\/h2>\n<h3 class=\"p6\">Zakopane<\/h3>\n<figure id=\"attachment_8163\" aria-describedby=\"caption-attachment-8163\" style=\"width: 900px\" class=\"wp-caption alignnone\"><img fetchpriority=\"high\" decoding=\"async\" class=\"size-full wp-image-8163\" src=\"https:\/\/www.e-wczasy.pl\/blog\/wp-content\/uploads\/2025\/01\/Zakopane_panorama_900p_244931266.avif\" alt=\"Zakopane - Panorama\" width=\"900\" height=\"600\" srcset=\"https:\/\/www.e-wczasy.pl\/blog\/wp-content\/uploads\/2025\/01\/Zakopane_panorama_900p_244931266.avif 900w, https:\/\/www.e-wczasy.pl\/blog\/wp-content\/uploads\/2025\/01\/Zakopane_panorama_900p_244931266-300x200.avif 300w, https:\/\/www.e-wczasy.pl\/blog\/wp-content\/uploads\/2025\/01\/Zakopane_panorama_900p_244931266-768x512.avif 768w\" sizes=\"(max-width: 900px) 100vw, 900px\" \/><figcaption id=\"caption-attachment-8163\" class=\"wp-caption-text\">Zakopane zim\u0105 ma wyj\u0105tkowy urok<\/figcaption><\/figure>\n<p class=\"p3\"><a href=\"https:\/\/www.e-wczasy.pl\/noclegi\/zakopane\">Zakopane<\/a> nie bez powodu bywa nazywane zimow\u0105 stolic\u0105 Polski. To idealne miejsce, by napawa\u0107 si\u0119 pi\u0119knem g\u00f3rskiego krajobrazu i szale\u0107 na stokach. Z ca\u0142\u0105 pewno\u015bci\u0105 wyjazd do Zakopanego b\u0119dzie idealnym wyborem dla narciarzy. Wybierz si\u0119 do o\u015brodka na Kasprowym Wierchu, gdzie czeka kilka ekscytuj\u0105cych tras, w tym Goryczkowa i G\u0105sienicowa. Najbardziej znan\u0105 stacj\u0105 narciarsk\u0105 jest Polana Szymoszkowa. Rozpo\u015bcieraj\u0105ce si\u0119 z niej widoki wr\u0119cz zapieraj\u0105 dech w piersiach. Warto r\u00f3wnie\u017c odwiedzi\u0107 stoki: Harend\u0119 i Nosal, a tak\u017ce znajduj\u0105c\u0105 si\u0119 poza miastem Kotelnic\u0119 Bia\u0142cza\u0144sk\u0105.<\/p>\n<p class=\"p7\">Nie jeste\u015b fanem sport\u00f3w zimowych? Nie przejmuj si\u0119! Podczas pobytu w Zakopanem mo\u017cesz oczywi\u015bcie skupi\u0107 si\u0119 r\u00f3wnie\u017c po prostu na spacerach malowniczymi dolinami i buszowaniu po Krup\u00f3wkach. Je\u017celi lubisz klimat Zakopanego, a obawiasz si\u0119 t\u0142um\u00f3w, dobrym rozwi\u0105zaniem mo\u017ce by\u0107 rezerwacja noclegu w jednej z mniejszych miejscowo\u015bci z okolicy np. Murzasichle. B\u0119dzie to dobra baza wypadowa do eksplorowania okolicy.<\/p>\n<h3 class=\"p6\">Karpacz<\/h3>\n<p class=\"p3\">Sudety r\u00f3wnie\u017c oferuj\u0105 bardzo interesuj\u0105ce mo\u017cliwo\u015bci, by zaplanowa\u0107 ferie zimowe w 2025 roku. Ogromn\u0105 popularno\u015bci\u0105 ciesz\u0105 si\u0119 wyjazdy Karpacza po\u0142o\u017conego w dolinie rzeki \u0141omnicy. W mie\u015bcie znajduje si\u0119 jeden z najd\u0142u\u017cszych tor\u00f3w saneczkowych, a tak\u017ce wiele atrakcyjnych tras narciarskich odpowiednich dla os\u00f3b o r\u00f3\u017cnym poziomie zaawansowania.<\/p>\n<p class=\"p7\"><a href=\"https:\/\/www.e-wczasy.pl\/noclegi\/karpacz\">Karpacz<\/a> b\u0119dzie tak\u017ce odpowiedni dla os\u00f3b, kt\u00f3re pragn\u0105 skupi\u0107 si\u0119 przede wszystkim na spacerach i zwiedzaniu. B\u0119d\u0105c w mie\u015bcie warto zobaczy\u0107 \u015bwi\u0105tyni\u0119 Wang \u2013 800-letni\u0105 budowl\u0119 sakraln\u0105, kt\u00f3ra \u0142\u0105czy tradycje chrze\u015bcija\u0144skie i nordyckie, zapor\u0119 na rzece \u0141omnicy i Dziki Wodospad.<\/p>\n<figure id=\"attachment_8164\" aria-describedby=\"caption-attachment-8164\" style=\"width: 900px\" class=\"wp-caption alignnone\"><img decoding=\"async\" class=\"size-full wp-image-8164\" src=\"https:\/\/www.e-wczasy.pl\/blog\/wp-content\/uploads\/2025\/01\/karpacz_wang_zima_3652_900p.avif\" alt=\"Karpacz zim\u0105. \u015awi\u0105tynia Wang\" width=\"900\" height=\"540\" srcset=\"https:\/\/www.e-wczasy.pl\/blog\/wp-content\/uploads\/2025\/01\/karpacz_wang_zima_3652_900p.avif 900w, https:\/\/www.e-wczasy.pl\/blog\/wp-content\/uploads\/2025\/01\/karpacz_wang_zima_3652_900p-300x180.avif 300w, https:\/\/www.e-wczasy.pl\/blog\/wp-content\/uploads\/2025\/01\/karpacz_wang_zima_3652_900p-768x461.avif 768w\" sizes=\"(max-width: 900px) 100vw, 900px\" \/><figcaption id=\"caption-attachment-8164\" class=\"wp-caption-text\">Karpacz zim\u0105. \u015awi\u0105tynia Wang<\/figcaption><\/figure>\n<h3 class=\"p6\">Wis\u0142a<\/h3>\n<p class=\"p4\">Strza\u0142em w dziesi\u0105tk\u0119 mog\u0105 okaza\u0107 si\u0119 r\u00f3wnie\u017c ferie w Wi\u015ble \u2013 miasto, na kt\u00f3rego terenie znajduj\u0105 si\u0119 \u017ar\u00f3d\u0142a najd\u0142u\u017cszej polskiej rzeki nazywana bywa \u201cPer\u0142\u0105 Beskid\u00f3w\u201d.<span class=\"Apple-converted-space\">\u00a0 <\/span>To kolejne z miejsc bardzo atrakcyjnych dla mi\u0142o\u015bnik\u00f3w g\u00f3rskich w\u0119dr\u00f3wek i narciarzy. <a href=\"https:\/\/www.e-wczasy.pl\/noclegi\/wisla\">Wis\u0142a<\/a> jest rodzinn\u0105 miejscowo\u015bci\u0105 Adama Ma\u0142ysza, dlatego te\u017c znajdziesz tu mn\u00f3stwo atrakcji zwi\u0105zanych ze s\u0142ynnym skoczkiem. Najbardziej znan\u0105 z nich jest oczywi\u015bcie skocznia, na kt\u00f3rej regularnie odbywaj\u0105 si\u0119 mi\u0119dzynarodowe zawody.<\/p>\n<figure id=\"attachment_8165\" aria-describedby=\"caption-attachment-8165\" style=\"width: 900px\" class=\"wp-caption alignnone\"><img decoding=\"async\" class=\"size-full wp-image-8165\" src=\"https:\/\/www.e-wczasy.pl\/blog\/wp-content\/uploads\/2025\/01\/wisla_panorama_miasta_62182_900p.avif\" alt=\"Wis\u0142a. Per\u0142a Beskid\u00f3w\" width=\"900\" height=\"540\" srcset=\"https:\/\/www.e-wczasy.pl\/blog\/wp-content\/uploads\/2025\/01\/wisla_panorama_miasta_62182_900p.avif 900w, https:\/\/www.e-wczasy.pl\/blog\/wp-content\/uploads\/2025\/01\/wisla_panorama_miasta_62182_900p-300x180.avif 300w, https:\/\/www.e-wczasy.pl\/blog\/wp-content\/uploads\/2025\/01\/wisla_panorama_miasta_62182_900p-768x461.avif 768w\" sizes=\"(max-width: 900px) 100vw, 900px\" \/><figcaption id=\"caption-attachment-8165\" class=\"wp-caption-text\">Wis\u0142a. Per\u0142a Beskid\u00f3w<\/figcaption><\/figure>\n<h2 class=\"p8\">Ferie w polskich g\u00f3rach <span class=\"s1\">\u2013<\/span> r\u00f3\u017cnorodno\u015b\u0107 atrakcji<\/h2>\n<p class=\"p4\">Ogromna r\u00f3\u017cnorodno\u015b\u0107 atrakcji, jakie oferuj\u0105 kurorty w polskich g\u00f3rach powoduje, \u017ce podczas pobytu z ca\u0142\u0105 pewno\u015bci\u0105 nikt nie b\u0119dzie narzeka\u0142 na nud\u0119, tak\u017ce podczas gorszej pogody. Dotyczy to r\u00f3wnie\u017c podr\u00f3\u017cnych z ma\u0142ymi dzie\u0107mi, os\u00f3b starszych czy o ograniczonej sprawno\u015bci ruchowej.<span class=\"Apple-converted-space\">\u00a0 <\/span>Tak\u017ce dla nich nie brakuje interesuj\u0105cych opcji. W wielu miejscowo\u015bciach organizowane s\u0105 kuligi z pochodniami czy ogniska po\u0142\u0105czone z pieczeniem kie\u0142basek i g\u00f3ralsk\u0105 muzyk\u0105. Mo\u017cna wybra\u0107 si\u0119 na lodowisko lub skorzysta\u0107 z oferty basen\u00f3w termalnych i SPA. Warto po\u015bwi\u0119ci\u0107 wolny czas na odkrywanie lokalnych muze\u00f3w, galerii sztuki czy urokliwych, zabytkowych ko\u015bci\u00f3\u0142k\u00f3w.<\/p>\n<p class=\"p8\"><strong>Na co zwraca\u0107 uwag\u0119 rezerwuj\u0105c noclegi na ferie zimowe w 2025 roku?<\/strong><\/p>\n<p class=\"p3\">Z rezerwacj\u0105 nocleg\u00f3w na ferie zimowe z ca\u0142\u0105 pewno\u015bci\u0105 nie warto czeka\u0107 do ostatniej chwili \u2013 w\u00f3wczas mo\u017ce si\u0119 okaza\u0107, \u017ce wyb\u00f3r jest ju\u017c nieco ograniczony, cho\u0107 zdarzaj\u0105 si\u0119 r\u00f3wnie\u017c bardzo atrakcyjne oferty. Poluj\u0105c na okazje szczeg\u00f3lnie nale\u017cy zachowa\u0107 czujno\u015b\u0107. Podejrzanie niska cena mo\u017ce by\u0107 oszustwem. Z tego powodu zawsze warto wybiera\u0107 zweryfikowane obiekty za po\u015brednictwem znanych serwis\u00f3w.<\/p>\n","protected":false},"excerpt":{"rendered":"<p>Wszystko wskazuje na to, \u017ce w 2025 roku najwi\u0119ksz\u0105 popularno\u015bci\u0105 w\u015br\u00f3d planuj\u0105cych wyjazdy na ferie zimowe b\u0119d\u0105 cieszy\u0107 si\u0119 kurorty w g\u00f3rach. Nic dziwnego. W Karpatach i Sudetach znajdziesz zapieraj\u0105ce dech w piersiach widoki, kt\u00f3re potrafi\u0105 przy\u0107mi\u0107 alpejskie krajobrazy, strome szczyty i d\u0142ugie, malownicze szlaki turystyczne. Infrastruktura w o\u015brodkach narciarskich jest nowoczesna i dobrze rozwini\u0119ta, [&hellip;]<\/p>\n","protected":false},"author":15,"featured_media":8166,"comment_status":"closed","ping_status":"closed","sticky":false,"template":"","format":"standard","meta":{"_lmt_disableupdate":"no","_lmt_disable":"no","footnotes":""},"categories":[46,4],"tags":[],"class_list":{"0":"post-8162","1":"post","2":"type-post","3":"status-publish","4":"format-standard","5":"has-post-thumbnail","7":"category-inspiracje","8":"category-poradnik-turysty"},"yoast_head":"<!-- This site is optimized with the Yoast SEO plugin v26.1.1 - https:\/\/yoast.com\/wordpress\/plugins\/seo\/ -->\n<title>Ferie zimowe 2025. Sp\u0119d\u017a je w g\u00f3rach - Blog E-wczasy.pl - Noclegi w Polsce. Atrakcje i porady<\/title>\n<meta name=\"robots\" content=\"index, follow, max-snippet:-1, max-image-preview:large, max-video-preview:-1\" \/>\n<link rel=\"canonical\" href=\"https:\/\/www.e-wczasy.pl\/blog\/ferie-zimowe-2025-spedz-je-w-gorach\/\" \/>\n<meta property=\"og:locale\" content=\"pl_PL\" \/>\n<meta property=\"og:type\" content=\"article\" \/>\n<meta property=\"og:title\" content=\"Ferie zimowe 2025. Sp\u0119d\u017a je w g\u00f3rach - Blog E-wczasy.pl - Noclegi w Polsce. Atrakcje i porady\" \/>\n<meta property=\"og:description\" content=\"Wszystko wskazuje na to, \u017ce w 2025 roku najwi\u0119ksz\u0105 popularno\u015bci\u0105 w\u015br\u00f3d planuj\u0105cych wyjazdy na ferie zimowe b\u0119d\u0105 cieszy\u0107 si\u0119 kurorty w g\u00f3rach. Nic dziwnego. W Karpatach i Sudetach znajdziesz zapieraj\u0105ce dech w piersiach widoki, kt\u00f3re potrafi\u0105 przy\u0107mi\u0107 alpejskie krajobrazy, strome szczyty i d\u0142ugie, malownicze szlaki turystyczne. Infrastruktura w o\u015brodkach narciarskich jest nowoczesna i dobrze rozwini\u0119ta, [&hellip;]\" \/>\n<meta property=\"og:url\" content=\"https:\/\/www.e-wczasy.pl\/blog\/ferie-zimowe-2025-spedz-je-w-gorach\/\" \/>\n<meta property=\"og:site_name\" content=\"Blog E-wczasy.pl - Noclegi w Polsce. Atrakcje i porady\" \/>\n<meta property=\"article:published_time\" content=\"2025-01-13T15:41:19+00:00\" \/>\n<meta property=\"article:modified_time\" content=\"2025-05-15T13:14:30+00:00\" \/>\n<meta property=\"og:image\" content=\"https:\/\/www.e-wczasy.pl\/blog\/wp-content\/uploads\/2025\/01\/ferie_zimowe_dzieci_87q51.avif\" \/>\n\t<meta property=\"og:image:width\" content=\"1280\" \/>\n\t<meta property=\"og:image:height\" content=\"768\" \/>\n\t<meta property=\"og:image:type\" content=\"image\/jpeg\" \/>\n<meta name=\"author\" content=\"Redakcja E-WCZASY\" \/>\n<meta name=\"twitter:card\" content=\"summary_large_image\" \/>\n<meta name=\"twitter:label1\" content=\"Napisane przez\" \/>\n\t<meta name=\"twitter:data1\" content=\"Redakcja E-WCZASY\" \/>\n\t<meta name=\"twitter:label2\" content=\"Szacowany czas czytania\" \/>\n\t<meta name=\"twitter:data2\" content=\"5 minut\" \/>\n<script type=\"application\/ld+json\" class=\"yoast-schema-graph\">{\"@context\":\"https:\/\/schema.org\",\"@graph\":[{\"@type\":\"WebPage\",\"@id\":\"https:\/\/www.e-wczasy.pl\/blog\/ferie-zimowe-2025-spedz-je-w-gorach\/\",\"url\":\"https:\/\/www.e-wczasy.pl\/blog\/ferie-zimowe-2025-spedz-je-w-gorach\/\",\"name\":\"Ferie zimowe 2025. Sp\u0119d\u017a je w g\u00f3rach - Blog E-wczasy.pl - Noclegi w Polsce. Atrakcje i porady\",\"isPartOf\":{\"@id\":\"https:\/\/www.e-wczasy.pl\/blog\/#website\"},\"primaryImageOfPage\":{\"@id\":\"https:\/\/www.e-wczasy.pl\/blog\/ferie-zimowe-2025-spedz-je-w-gorach\/#primaryimage\"},\"image\":{\"@id\":\"https:\/\/www.e-wczasy.pl\/blog\/ferie-zimowe-2025-spedz-je-w-gorach\/#primaryimage\"},\"thumbnailUrl\":\"https:\/\/www.e-wczasy.pl\/blog\/wp-content\/uploads\/2025\/01\/ferie_zimowe_dzieci_87q51.avif\",\"datePublished\":\"2025-01-13T15:41:19+00:00\",\"dateModified\":\"2025-05-15T13:14:30+00:00\",\"author\":{\"@id\":\"https:\/\/www.e-wczasy.pl\/blog\/#\/schema\/person\/3e339acdf5665ef8e7d483a4c8cc22b9\"},\"breadcrumb\":{\"@id\":\"https:\/\/www.e-wczasy.pl\/blog\/ferie-zimowe-2025-spedz-je-w-gorach\/#breadcrumb\"},\"inLanguage\":\"pl-PL\",\"potentialAction\":[{\"@type\":\"ReadAction\",\"target\":[\"https:\/\/www.e-wczasy.pl\/blog\/ferie-zimowe-2025-spedz-je-w-gorach\/\"]}]},{\"@type\":\"ImageObject\",\"inLanguage\":\"pl-PL\",\"@id\":\"https:\/\/www.e-wczasy.pl\/blog\/ferie-zimowe-2025-spedz-je-w-gorach\/#primaryimage\",\"url\":\"https:\/\/www.e-wczasy.pl\/blog\/wp-content\/uploads\/2025\/01\/ferie_zimowe_dzieci_87q51.avif\",\"contentUrl\":\"https:\/\/www.e-wczasy.pl\/blog\/wp-content\/uploads\/2025\/01\/ferie_zimowe_dzieci_87q51.avif\",\"width\":1280,\"height\":768,\"caption\":\"Ferie zimowe w g\u00f3rach\"},{\"@type\":\"BreadcrumbList\",\"@id\":\"https:\/\/www.e-wczasy.pl\/blog\/ferie-zimowe-2025-spedz-je-w-gorach\/#breadcrumb\",\"itemListElement\":[{\"@type\":\"ListItem\",\"position\":1,\"name\":\"Strona g\u0142\u00f3wna\",\"item\":\"https:\/\/www.e-wczasy.pl\/blog\/\"},{\"@type\":\"ListItem\",\"position\":2,\"name\":\"Ferie zimowe 2025. Sp\u0119d\u017a je w g\u00f3rach\"}]},{\"@type\":\"WebSite\",\"@id\":\"https:\/\/www.e-wczasy.pl\/blog\/#website\",\"url\":\"https:\/\/www.e-wczasy.pl\/blog\/\",\"name\":\"Blog E-wczasy.pl - Noclegi w Polsce. Atrakcje i porady\",\"description\":\"\",\"potentialAction\":[{\"@type\":\"SearchAction\",\"target\":{\"@type\":\"EntryPoint\",\"urlTemplate\":\"https:\/\/www.e-wczasy.pl\/blog\/?s={search_term_string}\"},\"query-input\":{\"@type\":\"PropertyValueSpecification\",\"valueRequired\":true,\"valueName\":\"search_term_string\"}}],\"inLanguage\":\"pl-PL\"},{\"@type\":\"Person\",\"@id\":\"https:\/\/www.e-wczasy.pl\/blog\/#\/schema\/person\/3e339acdf5665ef8e7d483a4c8cc22b9\",\"name\":\"Redakcja E-WCZASY\",\"image\":{\"@type\":\"ImageObject\",\"inLanguage\":\"pl-PL\",\"@id\":\"https:\/\/www.e-wczasy.pl\/blog\/#\/schema\/person\/image\/\",\"url\":\"https:\/\/secure.gravatar.com\/avatar\/0ce932598cf333b1cb77ecfa8a846d5c7bb7db403fd658e5ed06fc8eb3dce7cc?s=96&d=mm&r=g\",\"contentUrl\":\"https:\/\/secure.gravatar.com\/avatar\/0ce932598cf333b1cb77ecfa8a846d5c7bb7db403fd658e5ed06fc8eb3dce7cc?s=96&d=mm&r=g\",\"caption\":\"Redakcja E-WCZASY\"},\"url\":\"https:\/\/www.e-wczasy.pl\/blog\/author\/redakcja\/\"}]}<\/script>\n<!-- \/ Yoast SEO plugin. -->","yoast_head_json":{"title":"Ferie zimowe 2025. Sp\u0119d\u017a je w g\u00f3rach - Blog E-wczasy.pl - Noclegi w Polsce. Atrakcje i porady","robots":{"index":"index","follow":"follow","max-snippet":"max-snippet:-1","max-image-preview":"max-image-preview:large","max-video-preview":"max-video-preview:-1"},"canonical":"https:\/\/www.e-wczasy.pl\/blog\/ferie-zimowe-2025-spedz-je-w-gorach\/","og_locale":"pl_PL","og_type":"article","og_title":"Ferie zimowe 2025. Sp\u0119d\u017a je w g\u00f3rach - Blog E-wczasy.pl - Noclegi w Polsce. Atrakcje i porady","og_description":"Wszystko wskazuje na to, \u017ce w 2025 roku najwi\u0119ksz\u0105 popularno\u015bci\u0105 w\u015br\u00f3d planuj\u0105cych wyjazdy na ferie zimowe b\u0119d\u0105 cieszy\u0107 si\u0119 kurorty w g\u00f3rach. Nic dziwnego. W Karpatach i Sudetach znajdziesz zapieraj\u0105ce dech w piersiach widoki, kt\u00f3re potrafi\u0105 przy\u0107mi\u0107 alpejskie krajobrazy, strome szczyty i d\u0142ugie, malownicze szlaki turystyczne. Infrastruktura w o\u015brodkach narciarskich jest nowoczesna i dobrze rozwini\u0119ta, [&hellip;]","og_url":"https:\/\/www.e-wczasy.pl\/blog\/ferie-zimowe-2025-spedz-je-w-gorach\/","og_site_name":"Blog E-wczasy.pl - Noclegi w Polsce. Atrakcje i porady","article_published_time":"2025-01-13T15:41:19+00:00","article_modified_time":"2025-05-15T13:14:30+00:00","og_image":[{"width":1280,"height":768,"url":"https:\/\/www.e-wczasy.pl\/blog\/wp-content\/uploads\/2025\/01\/ferie_zimowe_dzieci_87q51.avif","type":"image\/jpeg"}],"author":"Redakcja E-WCZASY","twitter_card":"summary_large_image","twitter_misc":{"Napisane przez":"Redakcja E-WCZASY","Szacowany czas czytania":"5 minut"},"schema":{"@context":"https:\/\/schema.org","@graph":[{"@type":"WebPage","@id":"https:\/\/www.e-wczasy.pl\/blog\/ferie-zimowe-2025-spedz-je-w-gorach\/","url":"https:\/\/www.e-wczasy.pl\/blog\/ferie-zimowe-2025-spedz-je-w-gorach\/","name":"Ferie zimowe 2025. Sp\u0119d\u017a je w g\u00f3rach - Blog E-wczasy.pl - Noclegi w Polsce. Atrakcje i porady","isPartOf":{"@id":"https:\/\/www.e-wczasy.pl\/blog\/#website"},"primaryImageOfPage":{"@id":"https:\/\/www.e-wczasy.pl\/blog\/ferie-zimowe-2025-spedz-je-w-gorach\/#primaryimage"},"image":{"@id":"https:\/\/www.e-wczasy.pl\/blog\/ferie-zimowe-2025-spedz-je-w-gorach\/#primaryimage"},"thumbnailUrl":"https:\/\/www.e-wczasy.pl\/blog\/wp-content\/uploads\/2025\/01\/ferie_zimowe_dzieci_87q51.avif","datePublished":"2025-01-13T15:41:19+00:00","dateModified":"2025-05-15T13:14:30+00:00","author":{"@id":"https:\/\/www.e-wczasy.pl\/blog\/#\/schema\/person\/3e339acdf5665ef8e7d483a4c8cc22b9"},"breadcrumb":{"@id":"https:\/\/www.e-wczasy.pl\/blog\/ferie-zimowe-2025-spedz-je-w-gorach\/#breadcrumb"},"inLanguage":"pl-PL","potentialAction":[{"@type":"ReadAction","target":["https:\/\/www.e-wczasy.pl\/blog\/ferie-zimowe-2025-spedz-je-w-gorach\/"]}]},{"@type":"ImageObject","inLanguage":"pl-PL","@id":"https:\/\/www.e-wczasy.pl\/blog\/ferie-zimowe-2025-spedz-je-w-gorach\/#primaryimage","url":"https:\/\/www.e-wczasy.pl\/blog\/wp-content\/uploads\/2025\/01\/ferie_zimowe_dzieci_87q51.avif","contentUrl":"https:\/\/www.e-wczasy.pl\/blog\/wp-content\/uploads\/2025\/01\/ferie_zimowe_dzieci_87q51.avif","width":1280,"height":768,"caption":"Ferie zimowe w g\u00f3rach"},{"@type":"BreadcrumbList","@id":"https:\/\/www.e-wczasy.pl\/blog\/ferie-zimowe-2025-spedz-je-w-gorach\/#breadcrumb","itemListElement":[{"@type":"ListItem","position":1,"name":"Strona g\u0142\u00f3wna","item":"https:\/\/www.e-wczasy.pl\/blog\/"},{"@type":"ListItem","position":2,"name":"Ferie zimowe 2025. Sp\u0119d\u017a je w g\u00f3rach"}]},{"@type":"WebSite","@id":"https:\/\/www.e-wczasy.pl\/blog\/#website","url":"https:\/\/www.e-wczasy.pl\/blog\/","name":"Blog E-wczasy.pl - Noclegi w Polsce. Atrakcje i porady","description":"","potentialAction":[{"@type":"SearchAction","target":{"@type":"EntryPoint","urlTemplate":"https:\/\/www.e-wczasy.pl\/blog\/?s={search_term_string}"},"query-input":{"@type":"PropertyValueSpecification","valueRequired":true,"valueName":"search_term_string"}}],"inLanguage":"pl-PL"},{"@type":"Person","@id":"https:\/\/www.e-wczasy.pl\/blog\/#\/schema\/person\/3e339acdf5665ef8e7d483a4c8cc22b9","name":"Redakcja E-WCZASY","image":{"@type":"ImageObject","inLanguage":"pl-PL","@id":"https:\/\/www.e-wczasy.pl\/blog\/#\/schema\/person\/image\/","url":"https:\/\/secure.gravatar.com\/avatar\/0ce932598cf333b1cb77ecfa8a846d5c7bb7db403fd658e5ed06fc8eb3dce7cc?s=96&d=mm&r=g","contentUrl":"https:\/\/secure.gravatar.com\/avatar\/0ce932598cf333b1cb77ecfa8a846d5c7bb7db403fd658e5ed06fc8eb3dce7cc?s=96&d=mm&r=g","caption":"Redakcja E-WCZASY"},"url":"https:\/\/www.e-wczasy.pl\/blog\/author\/redakcja\/"}]}},"modified_by":"Redakcja E-WCZASY","_links":{"self":[{"href":"https:\/\/www.e-wczasy.pl\/blog\/wp-json\/wp\/v2\/posts\/8162","targetHints":{"allow":["GET"]}}],"collection":[{"href":"https:\/\/www.e-wczasy.pl\/blog\/wp-json\/wp\/v2\/posts"}],"about":[{"href":"https:\/\/www.e-wczasy.pl\/blog\/wp-json\/wp\/v2\/types\/post"}],"author":[{"embeddable":true,"href":"https:\/\/www.e-wczasy.pl\/blog\/wp-json\/wp\/v2\/users\/15"}],"replies":[{"embeddable":true,"href":"https:\/\/www.e-wczasy.pl\/blog\/wp-json\/wp\/v2\/comments?post=8162"}],"version-history":[{"count":3,"href":"https:\/\/www.e-wczasy.pl\/blog\/wp-json\/wp\/v2\/posts\/8162\/revisions"}],"predecessor-version":[{"id":8169,"href":"https:\/\/www.e-wczasy.pl\/blog\/wp-json\/wp\/v2\/posts\/8162\/revisions\/8169"}],"wp:featuredmedia":[{"embeddable":true,"href":"https:\/\/www.e-wczasy.pl\/blog\/wp-json\/wp\/v2\/media\/8166"}],"wp:attachment":[{"href":"https:\/\/www.e-wczasy.pl\/blog\/wp-json\/wp\/v2\/media?parent=8162"}],"wp:term":[{"taxonomy":"category","embeddable":true,"href":"https:\/\/www.e-wczasy.pl\/blog\/wp-json\/wp\/v2\/categories?post=8162"},{"taxonomy":"post_tag","embeddable":true,"href":"https:\/\/www.e-wczasy.pl\/blog\/wp-json\/wp\/v2\/tags?post=8162"}],"curies":[{"name":"wp","href":"https:\/\/api.w.org\/{rel}","templated":true}]}}