{"id":7916,"date":"2024-07-22T12:53:19","date_gmt":"2024-07-22T10:53:19","guid":{"rendered":"https:\/\/www.e-wczasy.pl\/blog\/?p=7916"},"modified":"2024-11-07T15:24:34","modified_gmt":"2024-11-07T14:24:34","slug":"gdzie-na-weekend-sierpniowy-tu-warto-pojechac","status":"publish","type":"post","link":"https:\/\/www.e-wczasy.pl\/blog\/gdzie-na-weekend-sierpniowy-tu-warto-pojechac\/","title":{"rendered":"Gdzie na weekend sierpniowy? Tu warto pojecha\u0107"},"content":{"rendered":"<p>Planuj\u0105c d\u0142ugi weekend sierpniowy, warto zastanowi\u0107 si\u0119 nad wyborem idealnego miejsca na relaks i odpoczynek. W Polsce znajdziemy wiele atrakcyjnych lokalizacji, kt\u00f3re zadowol\u0105 zar\u00f3wno mi\u0142o\u015bnik\u00f3w g\u00f3r, jak i entuzjast\u00f3w nadmorskich krajobraz\u00f3w. W naszym zestawieniu znajdziesz <strong>propozycje nocleg\u00f3w na d\u0142ugi weekend w r\u00f3\u017cnych regionach, kt\u00f3re gwarantuj\u0105 komfortowy pobyt oraz liczne atrakcje<\/strong>. Sprawd\u017a, gdzie warto si\u0119 wybra\u0107 na nadchodz\u0105cy d\u0142ugi weekend i jakie miejsca mog\u0105 zaoferowa\u0107 niezapomniane wra\u017cenia.<\/p>\n<h2><a href=\"https:\/\/www.e-wczasy.pl\/noclegi\/sarbinowo\/domki\/wrzosowy-zakatek,13881\" target=\"_new\" rel=\"noreferrer noopener\">Wrzosowy Zak\u0105tek<\/a><\/h2>\n<p>Wrzosowa 12, Sarbinowo, woj. zachodniopomorskie<\/p>\n<p>Wrzosowy Zak\u0105tek to <strong>doskona\u0142a opcja na weekend sierpniowy nad morzem<\/strong>. Oferuje sze\u015b\u0107 nowoczesnych, w pe\u0142ni wyposa\u017conych domk\u00f3w letniskowych, kt\u00f3re pomieszcz\u0105 <strong>od 6 do 8 os\u00f3b<\/strong>. Domki maj\u0105 45 m\u00b2 i sk\u0142adaj\u0105 si\u0119 z dw\u00f3ch poziom\u00f3w: na parterze znajduje si\u0119 salon z aneksem kuchennym, k\u0105cikiem jadalnym oraz \u0142azienk\u0105, a na pi\u0119trze dwie sypialnie.<\/p>\n\r\n                <style type=\"text\/css\">\r\n                    \r\n                    #tdi_1  .td-doubleSlider-2 .td-item1 {\r\n                        background: url(https:\/\/www.e-wczasy.pl\/blog\/wp-content\/uploads\/2024\/07\/wrzosowy-zakatek-sarbinowo-1687949013-o21-13881-jpg.avif) 0 0 no-repeat;\r\n                    }\r\n                    #tdi_1  .td-doubleSlider-2 .td-item2 {\r\n                        background: url(https:\/\/www.e-wczasy.pl\/blog\/wp-content\/uploads\/2024\/07\/wrzosowy-zakatek-sarbinowo-1687949013-o20-13881-jpg.avif) 0 0 no-repeat;\r\n                    }\r\n                    #tdi_1  .td-doubleSlider-2 .td-item3 {\r\n                        background: url(https:\/\/www.e-wczasy.pl\/blog\/wp-content\/uploads\/2024\/07\/wrzosowy-zakatek-sarbinowo-1687949013-o1-13881-jpg.avif) 0 0 no-repeat;\r\n                    }\r\n                    #tdi_1  .td-doubleSlider-2 .td-item4 {\r\n                        background: url(https:\/\/www.e-wczasy.pl\/blog\/wp-content\/uploads\/2024\/07\/wrzosowy-zakatek-sarbinowo-1687949013-o15-13881-jpg.avif) 0 0 no-repeat;\r\n                    }\r\n                <\/style>\r\n\r\n                <div id=\"tdi_1\" class=\"td-gallery td-slide-on-2-columns\">\r\n                    <div class=\"post_td_gallery\">\r\n                        <div class=\"td-gallery-slide-top\">\r\n                           <div class=\"td-gallery-title\">Wrzosowy Zak\u0105tek<\/div>\r\n\r\n                            <div class=\"td-gallery-controls-wrapper\">\r\n                                <div class=\"td-gallery-slide-count\"><span class=\"td-gallery-slide-item-focus\">1<\/span> z 4<\/div>\r\n                                <div class=\"td-gallery-slide-prev-next-but\">\r\n                                    <i class = \"td-icon-left doubleSliderPrevButton\"><\/i>\r\n                                    <i class = \"td-icon-right doubleSliderNextButton\"><\/i>\r\n                                <\/div>\r\n                            <\/div>\r\n                        <\/div>\r\n\r\n                        <div class = \"td-doubleSlider-1 \">\r\n                            <div class = \"td-slider\">\r\n                                \r\n                    <div class = \"td-slide-item td-item1\">\r\n                        <figure class=\"td-slide-galery-figure td-slide-popup-gallery\">\r\n                            <a class=\"slide-gallery-image-link\" href=\"https:\/\/www.e-wczasy.pl\/blog\/wp-content\/uploads\/2024\/07\/wrzosowy-zakatek-sarbinowo-1687949013-o21-13881-jpg.avif\" title=\"wrzosowy-zakatek-sarbinowo-1687949013-o21-13881\"  data-caption=\"\"  data-description=\"\">\r\n                                <img decoding=\"async\" src=\"https:\/\/www.e-wczasy.pl\/blog\/wp-content\/uploads\/2024\/07\/wrzosowy-zakatek-sarbinowo-1687949013-o21-13881-jpg.avif\" srcset=\"https:\/\/www.e-wczasy.pl\/blog\/wp-content\/uploads\/2024\/07\/wrzosowy-zakatek-sarbinowo-1687949013-o21-13881-jpg.avif 1200w, https:\/\/www.e-wczasy.pl\/blog\/wp-content\/uploads\/2024\/07\/wrzosowy-zakatek-sarbinowo-1687949013-o21-13881-300x200.avif 300w, https:\/\/www.e-wczasy.pl\/blog\/wp-content\/uploads\/2024\/07\/wrzosowy-zakatek-sarbinowo-1687949013-o21-13881-1024x683.avif 1024w, https:\/\/www.e-wczasy.pl\/blog\/wp-content\/uploads\/2024\/07\/wrzosowy-zakatek-sarbinowo-1687949013-o21-13881-768x512.avif 768w\" sizes=\"(max-width: 1200px) 100vw, 1200px\" alt=\"\">\r\n                            <\/a>\r\n                            \r\n                        <\/figure>\r\n                    <\/div>\r\n                    <div class = \"td-slide-item td-item2\">\r\n                        <figure class=\"td-slide-galery-figure td-slide-popup-gallery\">\r\n                            <a class=\"slide-gallery-image-link\" href=\"https:\/\/www.e-wczasy.pl\/blog\/wp-content\/uploads\/2024\/07\/wrzosowy-zakatek-sarbinowo-1687949013-o20-13881-jpg.avif\" title=\"wrzosowy-zakatek-sarbinowo-1687949013-o20-13881\"  data-caption=\"\"  data-description=\"\">\r\n                                <img decoding=\"async\" src=\"https:\/\/www.e-wczasy.pl\/blog\/wp-content\/uploads\/2024\/07\/wrzosowy-zakatek-sarbinowo-1687949013-o20-13881-jpg.avif\" srcset=\"https:\/\/www.e-wczasy.pl\/blog\/wp-content\/uploads\/2024\/07\/wrzosowy-zakatek-sarbinowo-1687949013-o20-13881-jpg.avif 1200w, https:\/\/www.e-wczasy.pl\/blog\/wp-content\/uploads\/2024\/07\/wrzosowy-zakatek-sarbinowo-1687949013-o20-13881-300x204.avif 300w, https:\/\/www.e-wczasy.pl\/blog\/wp-content\/uploads\/2024\/07\/wrzosowy-zakatek-sarbinowo-1687949013-o20-13881-1024x696.avif 1024w, https:\/\/www.e-wczasy.pl\/blog\/wp-content\/uploads\/2024\/07\/wrzosowy-zakatek-sarbinowo-1687949013-o20-13881-768x522.avif 768w\" sizes=\"(max-width: 1200px) 100vw, 1200px\" alt=\"\">\r\n                            <\/a>\r\n                            \r\n                        <\/figure>\r\n                    <\/div>\r\n                    <div class = \"td-slide-item td-item3\">\r\n                        <figure class=\"td-slide-galery-figure td-slide-popup-gallery\">\r\n                            <a class=\"slide-gallery-image-link\" href=\"https:\/\/www.e-wczasy.pl\/blog\/wp-content\/uploads\/2024\/07\/wrzosowy-zakatek-sarbinowo-1687949013-o1-13881-jpg.avif\" title=\"wrzosowy-zakatek-sarbinowo-1687949013-o1-13881\"  data-caption=\"\"  data-description=\"\">\r\n                                <img decoding=\"async\" src=\"https:\/\/www.e-wczasy.pl\/blog\/wp-content\/uploads\/2024\/07\/wrzosowy-zakatek-sarbinowo-1687949013-o1-13881-jpg.avif\" srcset=\"https:\/\/www.e-wczasy.pl\/blog\/wp-content\/uploads\/2024\/07\/wrzosowy-zakatek-sarbinowo-1687949013-o1-13881-jpg.avif 1200w, https:\/\/www.e-wczasy.pl\/blog\/wp-content\/uploads\/2024\/07\/wrzosowy-zakatek-sarbinowo-1687949013-o1-13881-300x200.avif 300w, https:\/\/www.e-wczasy.pl\/blog\/wp-content\/uploads\/2024\/07\/wrzosowy-zakatek-sarbinowo-1687949013-o1-13881-1024x684.avif 1024w, https:\/\/www.e-wczasy.pl\/blog\/wp-content\/uploads\/2024\/07\/wrzosowy-zakatek-sarbinowo-1687949013-o1-13881-768x513.avif 768w\" sizes=\"(max-width: 1200px) 100vw, 1200px\" alt=\"\">\r\n                            <\/a>\r\n                            \r\n                        <\/figure>\r\n                    <\/div>\r\n                    <div class = \"td-slide-item td-item4\">\r\n                        <figure class=\"td-slide-galery-figure td-slide-popup-gallery\">\r\n                            <a class=\"slide-gallery-image-link\" href=\"https:\/\/www.e-wczasy.pl\/blog\/wp-content\/uploads\/2024\/07\/wrzosowy-zakatek-sarbinowo-1687949013-o15-13881-jpg.avif\" title=\"wrzosowy-zakatek-sarbinowo-1687949013-o15-13881\"  data-caption=\"\"  data-description=\"\">\r\n                                <img decoding=\"async\" src=\"https:\/\/www.e-wczasy.pl\/blog\/wp-content\/uploads\/2024\/07\/wrzosowy-zakatek-sarbinowo-1687949013-o15-13881-jpg.avif\" srcset=\"https:\/\/www.e-wczasy.pl\/blog\/wp-content\/uploads\/2024\/07\/wrzosowy-zakatek-sarbinowo-1687949013-o15-13881-jpg.avif 1200w, https:\/\/www.e-wczasy.pl\/blog\/wp-content\/uploads\/2024\/07\/wrzosowy-zakatek-sarbinowo-1687949013-o15-13881-225x300.avif 225w, https:\/\/www.e-wczasy.pl\/blog\/wp-content\/uploads\/2024\/07\/wrzosowy-zakatek-sarbinowo-1687949013-o15-13881-768x1024.avif 768w, https:\/\/www.e-wczasy.pl\/blog\/wp-content\/uploads\/2024\/07\/wrzosowy-zakatek-sarbinowo-1687949013-o15-13881-1152x1536.avif 1152w\" sizes=\"(max-width: 1200px) 100vw, 1200px\" alt=\"\">\r\n                            <\/a>\r\n                            \r\n                        <\/figure>\r\n                    <\/div>\r\n                            <\/div>\r\n                        <\/div>\r\n\r\n                        <div class = \"td-doubleSlider-2\">\r\n                            <div class = \"td-slider\">\r\n                                \r\n                    <div class = \"td-button td-item1\">\r\n                        <div class = \"td-border\"><\/div>\r\n                    <\/div>\r\n                    <div class = \"td-button td-item2\">\r\n                        <div class = \"td-border\"><\/div>\r\n                    <\/div>\r\n                    <div class = \"td-button td-item3\">\r\n                        <div class = \"td-border\"><\/div>\r\n                    <\/div>\r\n                    <div class = \"td-button td-item4\">\r\n                        <div class = \"td-border\"><\/div>\r\n                    <\/div>\r\n                            <\/div>\r\n                        <\/div>\r\n\r\n                    <\/div>\r\n\r\n                <\/div>\r\n                \n<p>Na terenie posesji znajduje si\u0119 plac zabaw dla dzieci oraz bezp\u0142atny parking. To idealne miejsce na <strong>wypoczynek z rodzin\u0105 lub przyjaci\u00f3\u0142mi<\/strong>, zapewniaj\u0105ce komfort i spok\u00f3j. Blisko\u015b\u0107 morza, zaledwie 800 metr\u00f3w od obiektu, pozwala na \u0142atwy dost\u0119p do pla\u017cy i nadmorskich atrakcji. Lokalizacja <strong>w spokojnej cz\u0119\u015bci Sarbinowa<\/strong> sprzyja relaksowi z dala od miejskiego zgie\u0142ku.<\/p>\n<p><a href=\"https:\/\/www.e-wczasy.pl\/noclegi\/sarbinowo\" target=\"_new\" rel=\"noreferrer noopener\">Sarbinowo<\/a> znane jest z szerokiej, piaszczystej pla\u017cy i malowniczej promenady. To \u015bwietne miejsce na spokojny wypoczynek, z dala od zgie\u0142ku miasta, a jednocze\u015bnie blisko wielu atrakcji turystycznych, takich jak latarnia morska w G\u0105skach czy rezerwat przyrody \u0141azy.<\/p>\n<h2><a href=\"https:\/\/www.e-wczasy.pl\/noclegi\/nowecin\/domki\/domki-akacjowa,15600\" target=\"_new\" rel=\"noreferrer noopener\">Domki Akacjowa<\/a><\/h2>\n<p>Akacjowa 40, Now\u0119cin, woj. pomorskie<\/p>\n<p>Domki Akacjowa to nowoczesny i komfortowy kompleks letniskowy, idealny na d\u0142ugi weekend lub weekend sierpniowy. Oferuje <strong>przytulne, dwupoziomowe domki<\/strong> o powierzchni 55 m\u00b2, kt\u00f3re mog\u0105 pomie\u015bci\u0107 rodziny i grupy przyjaci\u00f3\u0142. Na parterze znajduje si\u0119 cz\u0119\u015b\u0107 dzienna z otwart\u0105 kuchni\u0105, \u0142azienka oraz salon z rozk\u0142adan\u0105 sof\u0105, a na pi\u0119trze dwie sypialnie.<\/p>\n\r\n                <style type=\"text\/css\">\r\n                    \r\n                    #tdi_2  .td-doubleSlider-2 .td-item1 {\r\n                        background: url(https:\/\/www.e-wczasy.pl\/blog\/wp-content\/uploads\/2024\/07\/domki-akacjowa-nowecin-1715291770-o20-15600-jpg.avif) 0 0 no-repeat;\r\n                    }\r\n                    #tdi_2  .td-doubleSlider-2 .td-item2 {\r\n                        background: url(https:\/\/www.e-wczasy.pl\/blog\/wp-content\/uploads\/2024\/07\/domki-akacjowa-nowecin-1715291770-o5-15600-jpg.avif) 0 0 no-repeat;\r\n                    }\r\n                    #tdi_2  .td-doubleSlider-2 .td-item3 {\r\n                        background: url(https:\/\/www.e-wczasy.pl\/blog\/wp-content\/uploads\/2024\/07\/domki-akacjowa-nowecin-1715291770-o8-15600-jpg.avif) 0 0 no-repeat;\r\n                    }\r\n                    #tdi_2  .td-doubleSlider-2 .td-item4 {\r\n                        background: url(https:\/\/www.e-wczasy.pl\/blog\/wp-content\/uploads\/2024\/07\/domki-akacjowa-nowecin-1715291770-o10-15600-jpg.avif) 0 0 no-repeat;\r\n                    }\r\n                    #tdi_2  .td-doubleSlider-2 .td-item5 {\r\n                        background: url(https:\/\/www.e-wczasy.pl\/blog\/wp-content\/uploads\/2024\/07\/domki-akacjowa-nowecin-1715291770-o13-15600-jpg.avif) 0 0 no-repeat;\r\n                    }\r\n                <\/style>\r\n\r\n                <div id=\"tdi_2\" class=\"td-gallery td-slide-on-2-columns\">\r\n                    <div class=\"post_td_gallery\">\r\n                        <div class=\"td-gallery-slide-top\">\r\n                           <div class=\"td-gallery-title\">Domki Akacjowa<\/div>\r\n\r\n                            <div class=\"td-gallery-controls-wrapper\">\r\n                                <div class=\"td-gallery-slide-count\"><span class=\"td-gallery-slide-item-focus\">1<\/span> z 5<\/div>\r\n                                <div class=\"td-gallery-slide-prev-next-but\">\r\n                                    <i class = \"td-icon-left doubleSliderPrevButton\"><\/i>\r\n                                    <i class = \"td-icon-right doubleSliderNextButton\"><\/i>\r\n                                <\/div>\r\n                            <\/div>\r\n                        <\/div>\r\n\r\n                        <div class = \"td-doubleSlider-1 \">\r\n                            <div class = \"td-slider\">\r\n                                \r\n                    <div class = \"td-slide-item td-item1\">\r\n                        <figure class=\"td-slide-galery-figure td-slide-popup-gallery\">\r\n                            <a class=\"slide-gallery-image-link\" href=\"https:\/\/www.e-wczasy.pl\/blog\/wp-content\/uploads\/2024\/07\/domki-akacjowa-nowecin-1715291770-o20-15600-jpg.avif\" title=\"domki-akacjowa-nowecin-1715291770-o20-15600\"  data-caption=\"\"  data-description=\"\">\r\n                                <img decoding=\"async\" src=\"https:\/\/www.e-wczasy.pl\/blog\/wp-content\/uploads\/2024\/07\/domki-akacjowa-nowecin-1715291770-o20-15600-jpg.avif\" srcset=\"https:\/\/www.e-wczasy.pl\/blog\/wp-content\/uploads\/2024\/07\/domki-akacjowa-nowecin-1715291770-o20-15600-jpg.avif 1200w, https:\/\/www.e-wczasy.pl\/blog\/wp-content\/uploads\/2024\/07\/domki-akacjowa-nowecin-1715291770-o20-15600-300x225.avif 300w, https:\/\/www.e-wczasy.pl\/blog\/wp-content\/uploads\/2024\/07\/domki-akacjowa-nowecin-1715291770-o20-15600-1024x768.avif 1024w, https:\/\/www.e-wczasy.pl\/blog\/wp-content\/uploads\/2024\/07\/domki-akacjowa-nowecin-1715291770-o20-15600-768x576.avif 768w, https:\/\/www.e-wczasy.pl\/blog\/wp-content\/uploads\/2024\/07\/domki-akacjowa-nowecin-1715291770-o20-15600-265x198.avif 265w\" sizes=\"(max-width: 1200px) 100vw, 1200px\" alt=\"\">\r\n                            <\/a>\r\n                            \r\n                        <\/figure>\r\n                    <\/div>\r\n                    <div class = \"td-slide-item td-item2\">\r\n                        <figure class=\"td-slide-galery-figure td-slide-popup-gallery\">\r\n                            <a class=\"slide-gallery-image-link\" href=\"https:\/\/www.e-wczasy.pl\/blog\/wp-content\/uploads\/2024\/07\/domki-akacjowa-nowecin-1715291770-o5-15600-jpg.avif\" title=\"domki-akacjowa-nowecin-1715291770-o5-15600\"  data-caption=\"\"  data-description=\"\">\r\n                                <img decoding=\"async\" src=\"https:\/\/www.e-wczasy.pl\/blog\/wp-content\/uploads\/2024\/07\/domki-akacjowa-nowecin-1715291770-o5-15600-jpg.avif\" srcset=\"https:\/\/www.e-wczasy.pl\/blog\/wp-content\/uploads\/2024\/07\/domki-akacjowa-nowecin-1715291770-o5-15600-jpg.avif 990w, https:\/\/www.e-wczasy.pl\/blog\/wp-content\/uploads\/2024\/07\/domki-akacjowa-nowecin-1715291770-o5-15600-300x200.avif 300w, https:\/\/www.e-wczasy.pl\/blog\/wp-content\/uploads\/2024\/07\/domki-akacjowa-nowecin-1715291770-o5-15600-768x512.avif 768w\" sizes=\"(max-width: 990px) 100vw, 990px\" alt=\"\">\r\n                            <\/a>\r\n                            \r\n                        <\/figure>\r\n                    <\/div>\r\n                    <div class = \"td-slide-item td-item3\">\r\n                        <figure class=\"td-slide-galery-figure td-slide-popup-gallery\">\r\n                            <a class=\"slide-gallery-image-link\" href=\"https:\/\/www.e-wczasy.pl\/blog\/wp-content\/uploads\/2024\/07\/domki-akacjowa-nowecin-1715291770-o8-15600-jpg.avif\" title=\"domki-akacjowa-nowecin-1715291770-o8-15600\"  data-caption=\"\"  data-description=\"\">\r\n                                <img decoding=\"async\" src=\"https:\/\/www.e-wczasy.pl\/blog\/wp-content\/uploads\/2024\/07\/domki-akacjowa-nowecin-1715291770-o8-15600-jpg.avif\" srcset=\"https:\/\/www.e-wczasy.pl\/blog\/wp-content\/uploads\/2024\/07\/domki-akacjowa-nowecin-1715291770-o8-15600-jpg.avif 1086w, https:\/\/www.e-wczasy.pl\/blog\/wp-content\/uploads\/2024\/07\/domki-akacjowa-nowecin-1715291770-o8-15600-300x200.avif 300w, https:\/\/www.e-wczasy.pl\/blog\/wp-content\/uploads\/2024\/07\/domki-akacjowa-nowecin-1715291770-o8-15600-1024x683.avif 1024w, https:\/\/www.e-wczasy.pl\/blog\/wp-content\/uploads\/2024\/07\/domki-akacjowa-nowecin-1715291770-o8-15600-768x512.avif 768w\" sizes=\"(max-width: 1086px) 100vw, 1086px\" alt=\"\">\r\n                            <\/a>\r\n                            \r\n                        <\/figure>\r\n                    <\/div>\r\n                    <div class = \"td-slide-item td-item4\">\r\n                        <figure class=\"td-slide-galery-figure td-slide-popup-gallery\">\r\n                            <a class=\"slide-gallery-image-link\" href=\"https:\/\/www.e-wczasy.pl\/blog\/wp-content\/uploads\/2024\/07\/domki-akacjowa-nowecin-1715291770-o10-15600-jpg.avif\" title=\"domki-akacjowa-nowecin-1715291770-o10-15600\"  data-caption=\"\"  data-description=\"\">\r\n                                <img decoding=\"async\" src=\"https:\/\/www.e-wczasy.pl\/blog\/wp-content\/uploads\/2024\/07\/domki-akacjowa-nowecin-1715291770-o10-15600-jpg.avif\" srcset=\"https:\/\/www.e-wczasy.pl\/blog\/wp-content\/uploads\/2024\/07\/domki-akacjowa-nowecin-1715291770-o10-15600-jpg.avif 990w, https:\/\/www.e-wczasy.pl\/blog\/wp-content\/uploads\/2024\/07\/domki-akacjowa-nowecin-1715291770-o10-15600-300x204.avif 300w, https:\/\/www.e-wczasy.pl\/blog\/wp-content\/uploads\/2024\/07\/domki-akacjowa-nowecin-1715291770-o10-15600-768x521.avif 768w\" sizes=\"(max-width: 990px) 100vw, 990px\" alt=\"\">\r\n                            <\/a>\r\n                            \r\n                        <\/figure>\r\n                    <\/div>\r\n                    <div class = \"td-slide-item td-item5\">\r\n                        <figure class=\"td-slide-galery-figure td-slide-popup-gallery\">\r\n                            <a class=\"slide-gallery-image-link\" href=\"https:\/\/www.e-wczasy.pl\/blog\/wp-content\/uploads\/2024\/07\/domki-akacjowa-nowecin-1715291770-o13-15600-jpg.avif\" title=\"domki-akacjowa-nowecin-1715291770-o13-15600\"  data-caption=\"\"  data-description=\"\">\r\n                                <img decoding=\"async\" src=\"https:\/\/www.e-wczasy.pl\/blog\/wp-content\/uploads\/2024\/07\/domki-akacjowa-nowecin-1715291770-o13-15600-jpg.avif\" srcset=\"https:\/\/www.e-wczasy.pl\/blog\/wp-content\/uploads\/2024\/07\/domki-akacjowa-nowecin-1715291770-o13-15600-jpg.avif 724w, https:\/\/www.e-wczasy.pl\/blog\/wp-content\/uploads\/2024\/07\/domki-akacjowa-nowecin-1715291770-o13-15600-200x300.avif 200w, https:\/\/www.e-wczasy.pl\/blog\/wp-content\/uploads\/2024\/07\/domki-akacjowa-nowecin-1715291770-o13-15600-683x1024.avif 683w\" sizes=\"(max-width: 724px) 100vw, 724px\" alt=\"\">\r\n                            <\/a>\r\n                            \r\n                        <\/figure>\r\n                    <\/div>\r\n                            <\/div>\r\n                        <\/div>\r\n\r\n                        <div class = \"td-doubleSlider-2\">\r\n                            <div class = \"td-slider\">\r\n                                \r\n                    <div class = \"td-button td-item1\">\r\n                        <div class = \"td-border\"><\/div>\r\n                    <\/div>\r\n                    <div class = \"td-button td-item2\">\r\n                        <div class = \"td-border\"><\/div>\r\n                    <\/div>\r\n                    <div class = \"td-button td-item3\">\r\n                        <div class = \"td-border\"><\/div>\r\n                    <\/div>\r\n                    <div class = \"td-button td-item4\">\r\n                        <div class = \"td-border\"><\/div>\r\n                    <\/div>\r\n                    <div class = \"td-button td-item5\">\r\n                        <div class = \"td-border\"><\/div>\r\n                    <\/div>\r\n                            <\/div>\r\n                        <\/div>\r\n\r\n                    <\/div>\r\n\r\n                <\/div>\r\n                \n<p>Ka\u017cdy domek ma balkon i taras z meblami ogrodowymi oraz grillem. Go\u015bcie mog\u0105 korzysta\u0107 z bezp\u0142atnego Wi-Fi, parkingu, a tak\u017ce basenu z podgrzewan\u0105 wod\u0105 i brodzikiem dla dzieci. Dodatkowe udogodnienia obejmuj\u0105 plac zabaw oraz mo\u017cliwo\u015b\u0107 wypo\u017cyczenia rower\u00f3w.<\/p>\n<p><a href=\"https:\/\/www.e-wczasy.pl\/noclegi\/nowecin\" target=\"_new\" rel=\"noreferrer noopener\">Now\u0119cin<\/a> to malownicza miejscowo\u015b\u0107 w wojew\u00f3dztwie pomorskim, po\u0142o\u017cona niedaleko \u0141eby. Znana z pi\u0119knych krajobraz\u00f3w, blisko\u015bci jeziora oraz las\u00f3w, stanowi \u015bwietne miejsce na spokojny wypoczynek. Odleg\u0142o\u015b\u0107 do morza wynosi oko\u0142o 2000 metr\u00f3w, co umo\u017cliwia szybki dost\u0119p do pla\u017cy i nadmorskich atrakcji.<\/p>\n<h2><a href=\"https:\/\/www.e-wczasy.pl\/noclegi\/wladyslawowo\/domki\/domki-sloneczne-wzgorze-we-wladyslawowie,7646\" target=\"_new\" rel=\"noreferrer noopener\">Domki S\u0142oneczne Wzg\u00f3rze<\/a><\/h2>\n<p>ul. Na Wzg\u00f3rzu 7, W\u0142adys\u0142awowo, woj. pomorskie<\/p>\n<p>Domki S\u0142oneczne Wzg\u00f3rze we W\u0142adys\u0142awowie to <strong>nowoczesne, komfortowe domki letniskowe<\/strong>, kt\u00f3re idealnie nadaj\u0105 si\u0119 na d\u0142ugi weekend sierpniowy. Ka\u017cdy domek ma dwa poziomy: parter z pokojem dziennym, aneksem kuchennym, jadalni\u0105 oraz \u0142azienk\u0105, i pi\u0119tro z dwiema sypialniami.<\/p>\n<p>Go\u015bcie mog\u0105 korzysta\u0107 z balkonu, tarasu z meblami ogrodowymi i grillem, a tak\u017ce z bezp\u0142atnego Wi-Fi. Dodatkowe udogodnienia obejmuj\u0105 plac zabaw, basen z podgrzewan\u0105 wod\u0105 oraz zje\u017cd\u017calniami, a tak\u017ce mo\u017cliwo\u015b\u0107 korzystania z transferu na pla\u017c\u0119 meleksem. Obiekt znajduje si\u0119 800 metr\u00f3w od morza.<\/p>\n\r\n                <style type=\"text\/css\">\r\n                    \r\n                    #tdi_3  .td-doubleSlider-2 .td-item1 {\r\n                        background: url(https:\/\/www.e-wczasy.pl\/blog\/wp-content\/uploads\/2024\/07\/domki-sloneczne-wzgorze-we-wladyslawowie-wladyslawowo-1609861657-o3-7646-jpg.avif) 0 0 no-repeat;\r\n                    }\r\n                    #tdi_3  .td-doubleSlider-2 .td-item2 {\r\n                        background: url(https:\/\/www.e-wczasy.pl\/blog\/wp-content\/uploads\/2024\/07\/domki-sloneczne-wzgorze-we-wladyslawowie-wladyslawowo-1609861657-o5-7646-1-jpg.avif) 0 0 no-repeat;\r\n                    }\r\n                    #tdi_3  .td-doubleSlider-2 .td-item3 {\r\n                        background: url(https:\/\/www.e-wczasy.pl\/blog\/wp-content\/uploads\/2024\/07\/domki-sloneczne-wzgorze-we-wladyslawowie-wladyslawowo-1609861657-o1-7646-jpg.avif) 0 0 no-repeat;\r\n                    }\r\n                    #tdi_3  .td-doubleSlider-2 .td-item4 {\r\n                        background: url(https:\/\/www.e-wczasy.pl\/blog\/wp-content\/uploads\/2024\/07\/domki-sloneczne-wzgorze-we-wladyslawowie-wladyslawowo-1609861657-o63-7646-jpg.avif) 0 0 no-repeat;\r\n                    }\r\n                    #tdi_3  .td-doubleSlider-2 .td-item5 {\r\n                        background: url(https:\/\/www.e-wczasy.pl\/blog\/wp-content\/uploads\/2024\/07\/domki-sloneczne-wzgorze-we-wladyslawowie-wladyslawowo-1609861657-o64-7646-1-jpg.avif) 0 0 no-repeat;\r\n                    }\r\n                <\/style>\r\n\r\n                <div id=\"tdi_3\" class=\"td-gallery td-slide-on-2-columns\">\r\n                    <div class=\"post_td_gallery\">\r\n                        <div class=\"td-gallery-slide-top\">\r\n                           <div class=\"td-gallery-title\">Domki S\u0142oneczne Wzg\u00f3rze we W\u0142adys\u0142awowie<\/div>\r\n\r\n                            <div class=\"td-gallery-controls-wrapper\">\r\n                                <div class=\"td-gallery-slide-count\"><span class=\"td-gallery-slide-item-focus\">1<\/span> z 5<\/div>\r\n                                <div class=\"td-gallery-slide-prev-next-but\">\r\n                                    <i class = \"td-icon-left doubleSliderPrevButton\"><\/i>\r\n                                    <i class = \"td-icon-right doubleSliderNextButton\"><\/i>\r\n                                <\/div>\r\n                            <\/div>\r\n                        <\/div>\r\n\r\n                        <div class = \"td-doubleSlider-1 \">\r\n                            <div class = \"td-slider\">\r\n                                \r\n                    <div class = \"td-slide-item td-item1\">\r\n                        <figure class=\"td-slide-galery-figure td-slide-popup-gallery\">\r\n                            <a class=\"slide-gallery-image-link\" href=\"https:\/\/www.e-wczasy.pl\/blog\/wp-content\/uploads\/2024\/07\/domki-sloneczne-wzgorze-we-wladyslawowie-wladyslawowo-1609861657-o3-7646-jpg.avif\" title=\"domki-sloneczne-wzgorze-we-wladyslawowie-wladyslawowo-1609861657-o3-7646\"  data-caption=\"\"  data-description=\"\">\r\n                                <img decoding=\"async\" src=\"https:\/\/www.e-wczasy.pl\/blog\/wp-content\/uploads\/2024\/07\/domki-sloneczne-wzgorze-we-wladyslawowie-wladyslawowo-1609861657-o3-7646-jpg.avif\" srcset=\"https:\/\/www.e-wczasy.pl\/blog\/wp-content\/uploads\/2024\/07\/domki-sloneczne-wzgorze-we-wladyslawowie-wladyslawowo-1609861657-o3-7646-jpg.avif 1099w, https:\/\/www.e-wczasy.pl\/blog\/wp-content\/uploads\/2024\/07\/domki-sloneczne-wzgorze-we-wladyslawowie-wladyslawowo-1609861657-o3-7646-300x197.avif 300w, https:\/\/www.e-wczasy.pl\/blog\/wp-content\/uploads\/2024\/07\/domki-sloneczne-wzgorze-we-wladyslawowie-wladyslawowo-1609861657-o3-7646-1024x671.avif 1024w, https:\/\/www.e-wczasy.pl\/blog\/wp-content\/uploads\/2024\/07\/domki-sloneczne-wzgorze-we-wladyslawowie-wladyslawowo-1609861657-o3-7646-768x503.avif 768w, https:\/\/www.e-wczasy.pl\/blog\/wp-content\/uploads\/2024\/07\/domki-sloneczne-wzgorze-we-wladyslawowie-wladyslawowo-1609861657-o3-7646-741x486.avif 741w\" sizes=\"(max-width: 1099px) 100vw, 1099px\" alt=\"\">\r\n                            <\/a>\r\n                            \r\n                        <\/figure>\r\n                    <\/div>\r\n                    <div class = \"td-slide-item td-item2\">\r\n                        <figure class=\"td-slide-galery-figure td-slide-popup-gallery\">\r\n                            <a class=\"slide-gallery-image-link\" href=\"https:\/\/www.e-wczasy.pl\/blog\/wp-content\/uploads\/2024\/07\/domki-sloneczne-wzgorze-we-wladyslawowie-wladyslawowo-1609861657-o5-7646-1-jpg.avif\" title=\"domki-sloneczne-wzgorze-we-wladyslawowie-wladyslawowo-1609861657-o5-7646 (1)\"  data-caption=\"\"  data-description=\"\">\r\n                                <img decoding=\"async\" src=\"https:\/\/www.e-wczasy.pl\/blog\/wp-content\/uploads\/2024\/07\/domki-sloneczne-wzgorze-we-wladyslawowie-wladyslawowo-1609861657-o5-7646-1-jpg.avif\" srcset=\"https:\/\/www.e-wczasy.pl\/blog\/wp-content\/uploads\/2024\/07\/domki-sloneczne-wzgorze-we-wladyslawowie-wladyslawowo-1609861657-o5-7646-1-jpg.avif 1079w, https:\/\/www.e-wczasy.pl\/blog\/wp-content\/uploads\/2024\/07\/domki-sloneczne-wzgorze-we-wladyslawowie-wladyslawowo-1609861657-o5-7646-1-300x200.avif 300w, https:\/\/www.e-wczasy.pl\/blog\/wp-content\/uploads\/2024\/07\/domki-sloneczne-wzgorze-we-wladyslawowie-wladyslawowo-1609861657-o5-7646-1-1024x683.avif 1024w, https:\/\/www.e-wczasy.pl\/blog\/wp-content\/uploads\/2024\/07\/domki-sloneczne-wzgorze-we-wladyslawowie-wladyslawowo-1609861657-o5-7646-1-768x512.avif 768w\" sizes=\"(max-width: 1079px) 100vw, 1079px\" alt=\"\">\r\n                            <\/a>\r\n                            \r\n                        <\/figure>\r\n                    <\/div>\r\n                    <div class = \"td-slide-item td-item3\">\r\n                        <figure class=\"td-slide-galery-figure td-slide-popup-gallery\">\r\n                            <a class=\"slide-gallery-image-link\" href=\"https:\/\/www.e-wczasy.pl\/blog\/wp-content\/uploads\/2024\/07\/domki-sloneczne-wzgorze-we-wladyslawowie-wladyslawowo-1609861657-o1-7646-jpg.avif\" title=\"domki-sloneczne-wzgorze-we-wladyslawowie-wladyslawowo-1609861657-o1-7646\"  data-caption=\"\"  data-description=\"\">\r\n                                <img decoding=\"async\" src=\"https:\/\/www.e-wczasy.pl\/blog\/wp-content\/uploads\/2024\/07\/domki-sloneczne-wzgorze-we-wladyslawowie-wladyslawowo-1609861657-o1-7646-jpg.avif\" srcset=\"https:\/\/www.e-wczasy.pl\/blog\/wp-content\/uploads\/2024\/07\/domki-sloneczne-wzgorze-we-wladyslawowie-wladyslawowo-1609861657-o1-7646-jpg.avif 640w, https:\/\/www.e-wczasy.pl\/blog\/wp-content\/uploads\/2024\/07\/domki-sloneczne-wzgorze-we-wladyslawowie-wladyslawowo-1609861657-o1-7646-300x225.avif 300w, https:\/\/www.e-wczasy.pl\/blog\/wp-content\/uploads\/2024\/07\/domki-sloneczne-wzgorze-we-wladyslawowie-wladyslawowo-1609861657-o1-7646-265x198.avif 265w\" sizes=\"(max-width: 640px) 100vw, 640px\" alt=\"\">\r\n                            <\/a>\r\n                            \r\n                        <\/figure>\r\n                    <\/div>\r\n                    <div class = \"td-slide-item td-item4\">\r\n                        <figure class=\"td-slide-galery-figure td-slide-popup-gallery\">\r\n                            <a class=\"slide-gallery-image-link\" href=\"https:\/\/www.e-wczasy.pl\/blog\/wp-content\/uploads\/2024\/07\/domki-sloneczne-wzgorze-we-wladyslawowie-wladyslawowo-1609861657-o63-7646-jpg.avif\" title=\"domki-sloneczne-wzgorze-we-wladyslawowie-wladyslawowo-1609861657-o63-7646\"  data-caption=\"\"  data-description=\"\">\r\n                                <img decoding=\"async\" src=\"https:\/\/www.e-wczasy.pl\/blog\/wp-content\/uploads\/2024\/07\/domki-sloneczne-wzgorze-we-wladyslawowie-wladyslawowo-1609861657-o63-7646-jpg.avif\" srcset=\"https:\/\/www.e-wczasy.pl\/blog\/wp-content\/uploads\/2024\/07\/domki-sloneczne-wzgorze-we-wladyslawowie-wladyslawowo-1609861657-o63-7646-jpg.avif 700w, https:\/\/www.e-wczasy.pl\/blog\/wp-content\/uploads\/2024\/07\/domki-sloneczne-wzgorze-we-wladyslawowie-wladyslawowo-1609861657-o63-7646-300x214.avif 300w, https:\/\/www.e-wczasy.pl\/blog\/wp-content\/uploads\/2024\/07\/domki-sloneczne-wzgorze-we-wladyslawowie-wladyslawowo-1609861657-o63-7646-100x70.avif 100w\" sizes=\"(max-width: 700px) 100vw, 700px\" alt=\"\">\r\n                            <\/a>\r\n                            \r\n                        <\/figure>\r\n                    <\/div>\r\n                    <div class = \"td-slide-item td-item5\">\r\n                        <figure class=\"td-slide-galery-figure td-slide-popup-gallery\">\r\n                            <a class=\"slide-gallery-image-link\" href=\"https:\/\/www.e-wczasy.pl\/blog\/wp-content\/uploads\/2024\/07\/domki-sloneczne-wzgorze-we-wladyslawowie-wladyslawowo-1609861657-o64-7646-1-jpg.avif\" title=\"domki-sloneczne-wzgorze-we-wladyslawowie-wladyslawowo-1609861657-o64-7646 (1)\"  data-caption=\"\"  data-description=\"\">\r\n                                <img decoding=\"async\" src=\"https:\/\/www.e-wczasy.pl\/blog\/wp-content\/uploads\/2024\/07\/domki-sloneczne-wzgorze-we-wladyslawowie-wladyslawowo-1609861657-o64-7646-1-jpg.avif\" srcset=\"https:\/\/www.e-wczasy.pl\/blog\/wp-content\/uploads\/2024\/07\/domki-sloneczne-wzgorze-we-wladyslawowie-wladyslawowo-1609861657-o64-7646-1-jpg.avif 700w, https:\/\/www.e-wczasy.pl\/blog\/wp-content\/uploads\/2024\/07\/domki-sloneczne-wzgorze-we-wladyslawowie-wladyslawowo-1609861657-o64-7646-1-300x214.avif 300w, https:\/\/www.e-wczasy.pl\/blog\/wp-content\/uploads\/2024\/07\/domki-sloneczne-wzgorze-we-wladyslawowie-wladyslawowo-1609861657-o64-7646-1-100x70.avif 100w\" sizes=\"(max-width: 700px) 100vw, 700px\" alt=\"\">\r\n                            <\/a>\r\n                            \r\n                        <\/figure>\r\n                    <\/div>\r\n                            <\/div>\r\n                        <\/div>\r\n\r\n                        <div class = \"td-doubleSlider-2\">\r\n                            <div class = \"td-slider\">\r\n                                \r\n                    <div class = \"td-button td-item1\">\r\n                        <div class = \"td-border\"><\/div>\r\n                    <\/div>\r\n                    <div class = \"td-button td-item2\">\r\n                        <div class = \"td-border\"><\/div>\r\n                    <\/div>\r\n                    <div class = \"td-button td-item3\">\r\n                        <div class = \"td-border\"><\/div>\r\n                    <\/div>\r\n                    <div class = \"td-button td-item4\">\r\n                        <div class = \"td-border\"><\/div>\r\n                    <\/div>\r\n                    <div class = \"td-button td-item5\">\r\n                        <div class = \"td-border\"><\/div>\r\n                    <\/div>\r\n                            <\/div>\r\n                        <\/div>\r\n\r\n                    <\/div>\r\n\r\n                <\/div>\r\n                \n<p><a href=\"https:\/\/www.e-wczasy.pl\/noclegi\/wladyslawowo\">W\u0142adys\u0142awowo<\/a> to popularna nadmorska miejscowo\u015b\u0107 w wojew\u00f3dztwie pomorskim, znana z szerokich pla\u017c i licznych atrakcji turystycznych. Odleg\u0142o\u015b\u0107 do centrum wynosi 1200 metr\u00f3w, co umo\u017cliwia szybki dost\u0119p do restauracji, sklep\u00f3w i innych udogodnie\u0144.<\/p>\n<p>Zobacz wi\u0119cej ciekawych ofert w kategorii: <a href=\"https:\/\/www.e-wczasy.pl\/noclegi\/nad-morzem\/domki\">domki nad morzem<\/a><\/p>\n<div class=\"group\/conversation-turn relative flex w-full min-w-0 flex-col agent-turn\">\n<div class=\"flex-col gap-1 md:gap-3\">\n<div class=\"flex flex-grow flex-col max-w-full\">\n<div class=\"min-h-[20px] text-message flex w-full flex-col items-end gap-2 whitespace-pre-wrap break-words [.text-message+&amp;]:mt-5 overflow-x-auto\" dir=\"auto\" data-message-author-role=\"assistant\" data-message-id=\"fbf40c20-7fca-4059-99cb-4ff137c77f41\">\n<div class=\"flex w-full flex-col gap-1 empty:hidden first:pt-[3px]\">\n<div class=\"markdown prose w-full break-words dark:prose-invert light\">\n<h2><a href=\"https:\/\/www.e-wczasy.pl\/noclegi\/bukowina-tatrzanska\/pensjonaty\/pensjonat-orlik,5349\" target=\"_new\" rel=\"noreferrer noopener\">Pensjonat Orlik<\/a><\/h2>\n<p>ul. Tatrza\u0144ska 24a, Bukowina Tatrza\u0144ska, woj. ma\u0142opolskie<\/p>\n<p>Pensjonat Orlik to komfortowy obiekt, doskona\u0142y na d\u0142ugi weekend sierpniowy w g\u00f3rach. Oferuje r\u00f3\u017cnorodne pokoje go\u015bcinne typu CLASSIC, CLASSIC PLUS oraz LUX (salon z sypialni\u0105), a tak\u017ce apartamenty. W ka\u017cdym pokoju znajduj\u0105 si\u0119 balkon z widokiem na g\u00f3ry, \u0142azienka, bezp\u0142atny internet Wi-Fi, TV oraz mo\u017cliwo\u015b\u0107 dostawki.<\/p>\n\r\n                <style type=\"text\/css\">\r\n                    \r\n                    #tdi_4  .td-doubleSlider-2 .td-item1 {\r\n                        background: url(https:\/\/www.e-wczasy.pl\/blog\/wp-content\/uploads\/2024\/07\/pensjonat-orlik-bukowina-tatrzanska-1720769691-o66-5349-jpg.avif) 0 0 no-repeat;\r\n                    }\r\n                    #tdi_4  .td-doubleSlider-2 .td-item2 {\r\n                        background: url(https:\/\/www.e-wczasy.pl\/blog\/wp-content\/uploads\/2024\/07\/pensjonat-orlik-bukowina-tatrzanska-1720769691-o69-5349-jpg.avif) 0 0 no-repeat;\r\n                    }\r\n                    #tdi_4  .td-doubleSlider-2 .td-item3 {\r\n                        background: url(https:\/\/www.e-wczasy.pl\/blog\/wp-content\/uploads\/2024\/07\/pensjonat-orlik-bukowina-tatrzanska-1720769691-o5-5349-jpg.avif) 0 0 no-repeat;\r\n                    }\r\n                    #tdi_4  .td-doubleSlider-2 .td-item4 {\r\n                        background: url(https:\/\/www.e-wczasy.pl\/blog\/wp-content\/uploads\/2024\/07\/pensjonat-orlik-bukowina-tatrzanska-1720769691-o1-5349-jpg.avif) 0 0 no-repeat;\r\n                    }\r\n                    #tdi_4  .td-doubleSlider-2 .td-item5 {\r\n                        background: url(https:\/\/www.e-wczasy.pl\/blog\/wp-content\/uploads\/2024\/07\/pensjonat-orlik-bukowina-tatrzanska-1720769691-o82-5349-jpg.avif) 0 0 no-repeat;\r\n                    }\r\n                <\/style>\r\n\r\n                <div id=\"tdi_4\" class=\"td-gallery td-slide-on-2-columns\">\r\n                    <div class=\"post_td_gallery\">\r\n                        <div class=\"td-gallery-slide-top\">\r\n                           <div class=\"td-gallery-title\">Pensjonat Orlik<\/div>\r\n\r\n                            <div class=\"td-gallery-controls-wrapper\">\r\n                                <div class=\"td-gallery-slide-count\"><span class=\"td-gallery-slide-item-focus\">1<\/span> z 5<\/div>\r\n                                <div class=\"td-gallery-slide-prev-next-but\">\r\n                                    <i class = \"td-icon-left doubleSliderPrevButton\"><\/i>\r\n                                    <i class = \"td-icon-right doubleSliderNextButton\"><\/i>\r\n                                <\/div>\r\n                            <\/div>\r\n                        <\/div>\r\n\r\n                        <div class = \"td-doubleSlider-1 \">\r\n                            <div class = \"td-slider\">\r\n                                \r\n                    <div class = \"td-slide-item td-item1\">\r\n                        <figure class=\"td-slide-galery-figure td-slide-popup-gallery\">\r\n                            <a class=\"slide-gallery-image-link\" href=\"https:\/\/www.e-wczasy.pl\/blog\/wp-content\/uploads\/2024\/07\/pensjonat-orlik-bukowina-tatrzanska-1720769691-o66-5349-jpg.avif\" title=\"pensjonat-orlik-bukowina-tatrzanska-1720769691-o66-5349\"  data-caption=\"\"  data-description=\"\">\r\n                                <img decoding=\"async\" src=\"https:\/\/www.e-wczasy.pl\/blog\/wp-content\/uploads\/2024\/07\/pensjonat-orlik-bukowina-tatrzanska-1720769691-o66-5349-jpg.avif\" srcset=\"https:\/\/www.e-wczasy.pl\/blog\/wp-content\/uploads\/2024\/07\/pensjonat-orlik-bukowina-tatrzanska-1720769691-o66-5349-jpg.avif 1200w, https:\/\/www.e-wczasy.pl\/blog\/wp-content\/uploads\/2024\/07\/pensjonat-orlik-bukowina-tatrzanska-1720769691-o66-5349-300x239.avif 300w, https:\/\/www.e-wczasy.pl\/blog\/wp-content\/uploads\/2024\/07\/pensjonat-orlik-bukowina-tatrzanska-1720769691-o66-5349-1024x815.avif 1024w, https:\/\/www.e-wczasy.pl\/blog\/wp-content\/uploads\/2024\/07\/pensjonat-orlik-bukowina-tatrzanska-1720769691-o66-5349-768x611.avif 768w\" sizes=\"(max-width: 1200px) 100vw, 1200px\" alt=\"\">\r\n                            <\/a>\r\n                            \r\n                        <\/figure>\r\n                    <\/div>\r\n                    <div class = \"td-slide-item td-item2\">\r\n                        <figure class=\"td-slide-galery-figure td-slide-popup-gallery\">\r\n                            <a class=\"slide-gallery-image-link\" href=\"https:\/\/www.e-wczasy.pl\/blog\/wp-content\/uploads\/2024\/07\/pensjonat-orlik-bukowina-tatrzanska-1720769691-o69-5349-jpg.avif\" title=\"pensjonat-orlik-bukowina-tatrzanska-1720769691-o69-5349\"  data-caption=\"\"  data-description=\"\">\r\n                                <img decoding=\"async\" src=\"https:\/\/www.e-wczasy.pl\/blog\/wp-content\/uploads\/2024\/07\/pensjonat-orlik-bukowina-tatrzanska-1720769691-o69-5349-jpg.avif\" srcset=\"https:\/\/www.e-wczasy.pl\/blog\/wp-content\/uploads\/2024\/07\/pensjonat-orlik-bukowina-tatrzanska-1720769691-o69-5349-jpg.avif 1200w, https:\/\/www.e-wczasy.pl\/blog\/wp-content\/uploads\/2024\/07\/pensjonat-orlik-bukowina-tatrzanska-1720769691-o69-5349-300x209.avif 300w, https:\/\/www.e-wczasy.pl\/blog\/wp-content\/uploads\/2024\/07\/pensjonat-orlik-bukowina-tatrzanska-1720769691-o69-5349-1024x713.avif 1024w, https:\/\/www.e-wczasy.pl\/blog\/wp-content\/uploads\/2024\/07\/pensjonat-orlik-bukowina-tatrzanska-1720769691-o69-5349-768x534.avif 768w, https:\/\/www.e-wczasy.pl\/blog\/wp-content\/uploads\/2024\/07\/pensjonat-orlik-bukowina-tatrzanska-1720769691-o69-5349-100x70.avif 100w\" sizes=\"(max-width: 1200px) 100vw, 1200px\" alt=\"\">\r\n                            <\/a>\r\n                            \r\n                        <\/figure>\r\n                    <\/div>\r\n                    <div class = \"td-slide-item td-item3\">\r\n                        <figure class=\"td-slide-galery-figure td-slide-popup-gallery\">\r\n                            <a class=\"slide-gallery-image-link\" href=\"https:\/\/www.e-wczasy.pl\/blog\/wp-content\/uploads\/2024\/07\/pensjonat-orlik-bukowina-tatrzanska-1720769691-o5-5349-jpg.avif\" title=\"pensjonat-orlik-bukowina-tatrzanska-1720769691-o5-5349\"  data-caption=\"\"  data-description=\"\">\r\n                                <img decoding=\"async\" src=\"https:\/\/www.e-wczasy.pl\/blog\/wp-content\/uploads\/2024\/07\/pensjonat-orlik-bukowina-tatrzanska-1720769691-o5-5349-jpg.avif\" srcset=\"https:\/\/www.e-wczasy.pl\/blog\/wp-content\/uploads\/2024\/07\/pensjonat-orlik-bukowina-tatrzanska-1720769691-o5-5349-jpg.avif 1010w, https:\/\/www.e-wczasy.pl\/blog\/wp-content\/uploads\/2024\/07\/pensjonat-orlik-bukowina-tatrzanska-1720769691-o5-5349-300x196.avif 300w, https:\/\/www.e-wczasy.pl\/blog\/wp-content\/uploads\/2024\/07\/pensjonat-orlik-bukowina-tatrzanska-1720769691-o5-5349-768x502.avif 768w\" sizes=\"(max-width: 1010px) 100vw, 1010px\" alt=\"\">\r\n                            <\/a>\r\n                            \r\n                        <\/figure>\r\n                    <\/div>\r\n                    <div class = \"td-slide-item td-item4\">\r\n                        <figure class=\"td-slide-galery-figure td-slide-popup-gallery\">\r\n                            <a class=\"slide-gallery-image-link\" href=\"https:\/\/www.e-wczasy.pl\/blog\/wp-content\/uploads\/2024\/07\/pensjonat-orlik-bukowina-tatrzanska-1720769691-o1-5349-jpg.avif\" title=\"pensjonat-orlik-bukowina-tatrzanska-1720769691-o1-5349\"  data-caption=\"\"  data-description=\"\">\r\n                                <img decoding=\"async\" src=\"https:\/\/www.e-wczasy.pl\/blog\/wp-content\/uploads\/2024\/07\/pensjonat-orlik-bukowina-tatrzanska-1720769691-o1-5349-jpg.avif\" srcset=\"https:\/\/www.e-wczasy.pl\/blog\/wp-content\/uploads\/2024\/07\/pensjonat-orlik-bukowina-tatrzanska-1720769691-o1-5349-jpg.avif 1013w, https:\/\/www.e-wczasy.pl\/blog\/wp-content\/uploads\/2024\/07\/pensjonat-orlik-bukowina-tatrzanska-1720769691-o1-5349-300x195.avif 300w, https:\/\/www.e-wczasy.pl\/blog\/wp-content\/uploads\/2024\/07\/pensjonat-orlik-bukowina-tatrzanska-1720769691-o1-5349-768x500.avif 768w\" sizes=\"(max-width: 1013px) 100vw, 1013px\" alt=\"\">\r\n                            <\/a>\r\n                            \r\n                        <\/figure>\r\n                    <\/div>\r\n                    <div class = \"td-slide-item td-item5\">\r\n                        <figure class=\"td-slide-galery-figure td-slide-popup-gallery\">\r\n                            <a class=\"slide-gallery-image-link\" href=\"https:\/\/www.e-wczasy.pl\/blog\/wp-content\/uploads\/2024\/07\/pensjonat-orlik-bukowina-tatrzanska-1720769691-o82-5349-jpg.avif\" title=\"pensjonat-orlik-bukowina-tatrzanska-1720769691-o82-5349\"  data-caption=\"\"  data-description=\"\">\r\n                                <img decoding=\"async\" src=\"https:\/\/www.e-wczasy.pl\/blog\/wp-content\/uploads\/2024\/07\/pensjonat-orlik-bukowina-tatrzanska-1720769691-o82-5349-jpg.avif\" srcset=\"https:\/\/www.e-wczasy.pl\/blog\/wp-content\/uploads\/2024\/07\/pensjonat-orlik-bukowina-tatrzanska-1720769691-o82-5349-jpg.avif 1000w, https:\/\/www.e-wczasy.pl\/blog\/wp-content\/uploads\/2024\/07\/pensjonat-orlik-bukowina-tatrzanska-1720769691-o82-5349-300x200.avif 300w, https:\/\/www.e-wczasy.pl\/blog\/wp-content\/uploads\/2024\/07\/pensjonat-orlik-bukowina-tatrzanska-1720769691-o82-5349-768x511.avif 768w\" sizes=\"(max-width: 1000px) 100vw, 1000px\" alt=\"\">\r\n                            <\/a>\r\n                            \r\n                        <\/figure>\r\n                    <\/div>\r\n                            <\/div>\r\n                        <\/div>\r\n\r\n                        <div class = \"td-doubleSlider-2\">\r\n                            <div class = \"td-slider\">\r\n                                \r\n                    <div class = \"td-button td-item1\">\r\n                        <div class = \"td-border\"><\/div>\r\n                    <\/div>\r\n                    <div class = \"td-button td-item2\">\r\n                        <div class = \"td-border\"><\/div>\r\n                    <\/div>\r\n                    <div class = \"td-button td-item3\">\r\n                        <div class = \"td-border\"><\/div>\r\n                    <\/div>\r\n                    <div class = \"td-button td-item4\">\r\n                        <div class = \"td-border\"><\/div>\r\n                    <\/div>\r\n                    <div class = \"td-button td-item5\">\r\n                        <div class = \"td-border\"><\/div>\r\n                    <\/div>\r\n                            <\/div>\r\n                        <\/div>\r\n\r\n                    <\/div>\r\n\r\n                <\/div>\r\n                \n<p>Pensjonat posiada liczne udogodnienia, w tym <strong>basen, saun\u0119, jacuzzi<\/strong>, sal\u0119 konferencyjn\u0105, plac zabaw dla dzieci, animacje, k\u0105cik dzieci\u0119cy oraz restauracj\u0119 serwuj\u0105c\u0105 \u015bniadania w formie bufetu. Go\u015bcie mog\u0105 korzysta\u0107 z promocji na pobliskie baseny termalne <a href=\"https:\/\/www.e-wczasy.pl\/noclegi\/bukowina-tatrzanska\">w Bukowinie Tatrza\u0144skiej<\/a> i Bia\u0142ce Tatrza\u0144skiej oraz rabat\u00f3w na wypo\u017cyczenie sprz\u0119tu sportowego.<\/p>\n<\/div>\n<\/div>\n<\/div>\n<\/div>\n<\/div>\n<\/div>\n<h2><a href=\"https:\/\/www.e-wczasy.pl\/noclegi\/szklarska-poreba\/pensjonaty\/kristina-spa,5278\" target=\"_new\" rel=\"noreferrer noopener\">KRISTINA Spa<\/a><\/h2>\n<p>ul. Demokrat\u00f3w 4, <a href=\"https:\/\/www.e-wczasy.pl\/noclegi\/szklarska-poreba\">Szklarska Por\u0119ba<\/a>, woj. dolno\u015bl\u0105skie<\/p>\n<p>KRISTINA Spa to nowoczesny pensjonat w Szklarskiej Por\u0119bie, idealny na weekend sierpniowy w g\u00f3rach. Obiekt oferuje 50 komfortowych miejsc noclegowych w <strong>przytulnie urz\u0105dzonych pokojach 2, 3, 4-osobowych oraz apartamentach 4-6 osobowych<\/strong>. Ka\u017cdy pok\u00f3j wyposa\u017cony jest w \u0142azienk\u0119, TV-sat oraz dost\u0119p do internetu, a wi\u0119kszo\u015b\u0107 z nich posiada balkon z widokiem na g\u00f3ry.<\/p>\n\r\n                <style type=\"text\/css\">\r\n                    \r\n                    #tdi_5  .td-doubleSlider-2 .td-item1 {\r\n                        background: url(https:\/\/www.e-wczasy.pl\/blog\/wp-content\/uploads\/2024\/07\/kristina-spa-szklarska-poreba-1589400766-o8-5278-jpg.avif) 0 0 no-repeat;\r\n                    }\r\n                    #tdi_5  .td-doubleSlider-2 .td-item2 {\r\n                        background: url(https:\/\/www.e-wczasy.pl\/blog\/wp-content\/uploads\/2024\/07\/kristina-spa-szklarska-poreba-1589400766-o4-5278-jpg.avif) 0 0 no-repeat;\r\n                    }\r\n                    #tdi_5  .td-doubleSlider-2 .td-item3 {\r\n                        background: url(https:\/\/www.e-wczasy.pl\/blog\/wp-content\/uploads\/2024\/07\/kristina-spa-szklarska-poreba-1589400766-o2-5278-jpg.avif) 0 0 no-repeat;\r\n                    }\r\n                    #tdi_5  .td-doubleSlider-2 .td-item4 {\r\n                        background: url(https:\/\/www.e-wczasy.pl\/blog\/wp-content\/uploads\/2024\/07\/kristina-spa-szklarska-poreba-1589400766-o7-5278-jpg.avif) 0 0 no-repeat;\r\n                    }\r\n                <\/style>\r\n\r\n                <div id=\"tdi_5\" class=\"td-gallery td-slide-on-2-columns\">\r\n                    <div class=\"post_td_gallery\">\r\n                        <div class=\"td-gallery-slide-top\">\r\n                           <div class=\"td-gallery-title\">KRISTINA Spa<\/div>\r\n\r\n                            <div class=\"td-gallery-controls-wrapper\">\r\n                                <div class=\"td-gallery-slide-count\"><span class=\"td-gallery-slide-item-focus\">1<\/span> z 4<\/div>\r\n                                <div class=\"td-gallery-slide-prev-next-but\">\r\n                                    <i class = \"td-icon-left doubleSliderPrevButton\"><\/i>\r\n                                    <i class = \"td-icon-right doubleSliderNextButton\"><\/i>\r\n                                <\/div>\r\n                            <\/div>\r\n                        <\/div>\r\n\r\n                        <div class = \"td-doubleSlider-1 \">\r\n                            <div class = \"td-slider\">\r\n                                \r\n                    <div class = \"td-slide-item td-item1\">\r\n                        <figure class=\"td-slide-galery-figure td-slide-popup-gallery\">\r\n                            <a class=\"slide-gallery-image-link\" href=\"https:\/\/www.e-wczasy.pl\/blog\/wp-content\/uploads\/2024\/07\/kristina-spa-szklarska-poreba-1589400766-o8-5278-jpg.avif\" title=\"kristina-spa-szklarska-poreba-1589400766-o8-5278\"  data-caption=\"\"  data-description=\"\">\r\n                                <img decoding=\"async\" src=\"https:\/\/www.e-wczasy.pl\/blog\/wp-content\/uploads\/2024\/07\/kristina-spa-szklarska-poreba-1589400766-o8-5278-jpg.avif\" srcset=\"https:\/\/www.e-wczasy.pl\/blog\/wp-content\/uploads\/2024\/07\/kristina-spa-szklarska-poreba-1589400766-o8-5278-jpg.avif 672w, https:\/\/www.e-wczasy.pl\/blog\/wp-content\/uploads\/2024\/07\/kristina-spa-szklarska-poreba-1589400766-o8-5278-300x200.avif 300w\" sizes=\"(max-width: 672px) 100vw, 672px\" alt=\"\">\r\n                            <\/a>\r\n                            \r\n                        <\/figure>\r\n                    <\/div>\r\n                    <div class = \"td-slide-item td-item2\">\r\n                        <figure class=\"td-slide-galery-figure td-slide-popup-gallery\">\r\n                            <a class=\"slide-gallery-image-link\" href=\"https:\/\/www.e-wczasy.pl\/blog\/wp-content\/uploads\/2024\/07\/kristina-spa-szklarska-poreba-1589400766-o4-5278-jpg.avif\" title=\"kristina-spa-szklarska-poreba-1589400766-o4-5278\"  data-caption=\"\"  data-description=\"\">\r\n                                <img decoding=\"async\" src=\"https:\/\/www.e-wczasy.pl\/blog\/wp-content\/uploads\/2024\/07\/kristina-spa-szklarska-poreba-1589400766-o4-5278-jpg.avif\" srcset=\"https:\/\/www.e-wczasy.pl\/blog\/wp-content\/uploads\/2024\/07\/kristina-spa-szklarska-poreba-1589400766-o4-5278-jpg.avif 673w, https:\/\/www.e-wczasy.pl\/blog\/wp-content\/uploads\/2024\/07\/kristina-spa-szklarska-poreba-1589400766-o4-5278-300x200.avif 300w\" sizes=\"(max-width: 673px) 100vw, 673px\" alt=\"\">\r\n                            <\/a>\r\n                            \r\n                        <\/figure>\r\n                    <\/div>\r\n                    <div class = \"td-slide-item td-item3\">\r\n                        <figure class=\"td-slide-galery-figure td-slide-popup-gallery\">\r\n                            <a class=\"slide-gallery-image-link\" href=\"https:\/\/www.e-wczasy.pl\/blog\/wp-content\/uploads\/2024\/07\/kristina-spa-szklarska-poreba-1589400766-o2-5278-jpg.avif\" title=\"kristina-spa-szklarska-poreba-1589400766-o2-5278\"  data-caption=\"\"  data-description=\"\">\r\n                                <img decoding=\"async\" src=\"https:\/\/www.e-wczasy.pl\/blog\/wp-content\/uploads\/2024\/07\/kristina-spa-szklarska-poreba-1589400766-o2-5278-jpg.avif\" srcset=\"https:\/\/www.e-wczasy.pl\/blog\/wp-content\/uploads\/2024\/07\/kristina-spa-szklarska-poreba-1589400766-o2-5278-jpg.avif 750w, https:\/\/www.e-wczasy.pl\/blog\/wp-content\/uploads\/2024\/07\/kristina-spa-szklarska-poreba-1589400766-o2-5278-300x200.avif 300w\" sizes=\"(max-width: 750px) 100vw, 750px\" alt=\"\">\r\n                            <\/a>\r\n                            \r\n                        <\/figure>\r\n                    <\/div>\r\n                    <div class = \"td-slide-item td-item4\">\r\n                        <figure class=\"td-slide-galery-figure td-slide-popup-gallery\">\r\n                            <a class=\"slide-gallery-image-link\" href=\"https:\/\/www.e-wczasy.pl\/blog\/wp-content\/uploads\/2024\/07\/kristina-spa-szklarska-poreba-1589400766-o7-5278-jpg.avif\" title=\"kristina-spa-szklarska-poreba-1589400766-o7-5278\"  data-caption=\"\"  data-description=\"\">\r\n                                <img decoding=\"async\" src=\"https:\/\/www.e-wczasy.pl\/blog\/wp-content\/uploads\/2024\/07\/kristina-spa-szklarska-poreba-1589400766-o7-5278-jpg.avif\" srcset=\"https:\/\/www.e-wczasy.pl\/blog\/wp-content\/uploads\/2024\/07\/kristina-spa-szklarska-poreba-1589400766-o7-5278-jpg.avif 600w, https:\/\/www.e-wczasy.pl\/blog\/wp-content\/uploads\/2024\/07\/kristina-spa-szklarska-poreba-1589400766-o7-5278-300x201.avif 300w\" sizes=\"(max-width: 600px) 100vw, 600px\" alt=\"\">\r\n                            <\/a>\r\n                            \r\n                        <\/figure>\r\n                    <\/div>\r\n                            <\/div>\r\n                        <\/div>\r\n\r\n                        <div class = \"td-doubleSlider-2\">\r\n                            <div class = \"td-slider\">\r\n                                \r\n                    <div class = \"td-button td-item1\">\r\n                        <div class = \"td-border\"><\/div>\r\n                    <\/div>\r\n                    <div class = \"td-button td-item2\">\r\n                        <div class = \"td-border\"><\/div>\r\n                    <\/div>\r\n                    <div class = \"td-button td-item3\">\r\n                        <div class = \"td-border\"><\/div>\r\n                    <\/div>\r\n                    <div class = \"td-button td-item4\">\r\n                        <div class = \"td-border\"><\/div>\r\n                    <\/div>\r\n                            <\/div>\r\n                        <\/div>\r\n\r\n                    <\/div>\r\n\r\n                <\/div>\r\n                \n<p>Go\u015bcie mog\u0105 korzysta\u0107 z <strong>unikalnej strefy SPA<\/strong>, kt\u00f3ra obejmuje 13-metrowy basen z atrakcjami wodnymi, brodzik dla dzieci, jacuzzi oraz saun\u0119 fi\u0144sk\u0105. Pensjonat oferuje r\u00f3wnie\u017c <strong>smaczne \u015bniadania, bar, bilard oraz plac zabaw dla dzieci<\/strong>. Na terenie obiektu znajduje si\u0119 parking, a tak\u017ce mo\u017cliwo\u015b\u0107 organizacji konferencji i imprez okoliczno\u015bciowych. Dzi\u0119ki dogodnej lokalizacji, tylko 50 metr\u00f3w od wyci\u0105gu narciarskiego i 300 metr\u00f3w od centrum, KRISTINA Spa jest doskona\u0142\u0105 baz\u0105 wypadow\u0105 zar\u00f3wno na letnie, jak i zimowe atrakcje.<\/p>\n<h2><a href=\"https:\/\/www.e-wczasy.pl\/noclegi\/tresna\/domki\/domki-lord,9688\" target=\"_new\" rel=\"noreferrer noopener\">Domki Lord<\/a><\/h2>\n<p>ul. Nad Jeziorem 47, Tresna, woj. \u015bl\u0105skie<\/p>\n<p>Domki Lord to idealne miejsce na d\u0142ugi weekend czy weekend sierpniowy, po\u0142o\u017cone w malowniczej miejscowo\u015bci Tresna nad Jeziorem \u017bywieckim. Kompleks oferuje komfortowe, \u015bwie\u017co wyremontowane <strong>domki 6-osobowe z podgrzewaniem pod\u0142ogowym, balkonem i tarasem<\/strong>. Na parterze znajduje si\u0119 salon z kuchni\u0105 oraz \u0142azienk\u0105, a na pi\u0119trze dwie sypialnie. Dodatkowo dost\u0119pny jest apartament 4-osobowy.<\/p>\n\r\n                <style type=\"text\/css\">\r\n                    \r\n                    #tdi_6  .td-doubleSlider-2 .td-item1 {\r\n                        background: url(https:\/\/www.e-wczasy.pl\/blog\/wp-content\/uploads\/2024\/07\/domki-lord-tresna-1719210295-o59-9688-jpg.avif) 0 0 no-repeat;\r\n                    }\r\n                    #tdi_6  .td-doubleSlider-2 .td-item2 {\r\n                        background: url(https:\/\/www.e-wczasy.pl\/blog\/wp-content\/uploads\/2024\/07\/domki-lord-tresna-1719210295-o1-9688-jpg.avif) 0 0 no-repeat;\r\n                    }\r\n                    #tdi_6  .td-doubleSlider-2 .td-item3 {\r\n                        background: url(https:\/\/www.e-wczasy.pl\/blog\/wp-content\/uploads\/2024\/07\/domki-lord-tresna-1719210295-o8-9688-jpg.avif) 0 0 no-repeat;\r\n                    }\r\n                    #tdi_6  .td-doubleSlider-2 .td-item4 {\r\n                        background: url(https:\/\/www.e-wczasy.pl\/blog\/wp-content\/uploads\/2024\/07\/domki-lord-tresna-1719210295-o6-9688-jpg.avif) 0 0 no-repeat;\r\n                    }\r\n                    #tdi_6  .td-doubleSlider-2 .td-item5 {\r\n                        background: url(https:\/\/www.e-wczasy.pl\/blog\/wp-content\/uploads\/2024\/07\/domki-lord-tresna-1719210295-o12-9688-jpg.avif) 0 0 no-repeat;\r\n                    }\r\n                <\/style>\r\n\r\n                <div id=\"tdi_6\" class=\"td-gallery td-slide-on-2-columns\">\r\n                    <div class=\"post_td_gallery\">\r\n                        <div class=\"td-gallery-slide-top\">\r\n                           <div class=\"td-gallery-title\">Domki Lord<\/div>\r\n\r\n                            <div class=\"td-gallery-controls-wrapper\">\r\n                                <div class=\"td-gallery-slide-count\"><span class=\"td-gallery-slide-item-focus\">1<\/span> z 5<\/div>\r\n                                <div class=\"td-gallery-slide-prev-next-but\">\r\n                                    <i class = \"td-icon-left doubleSliderPrevButton\"><\/i>\r\n                                    <i class = \"td-icon-right doubleSliderNextButton\"><\/i>\r\n                                <\/div>\r\n                            <\/div>\r\n                        <\/div>\r\n\r\n                        <div class = \"td-doubleSlider-1 \">\r\n                            <div class = \"td-slider\">\r\n                                \r\n                    <div class = \"td-slide-item td-item1\">\r\n                        <figure class=\"td-slide-galery-figure td-slide-popup-gallery\">\r\n                            <a class=\"slide-gallery-image-link\" href=\"https:\/\/www.e-wczasy.pl\/blog\/wp-content\/uploads\/2024\/07\/domki-lord-tresna-1719210295-o59-9688-jpg.avif\" title=\"domki-lord-tresna-1719210295-o59-9688\"  data-caption=\"\"  data-description=\"\">\r\n                                <img decoding=\"async\" src=\"https:\/\/www.e-wczasy.pl\/blog\/wp-content\/uploads\/2024\/07\/domki-lord-tresna-1719210295-o59-9688-jpg.avif\" srcset=\"https:\/\/www.e-wczasy.pl\/blog\/wp-content\/uploads\/2024\/07\/domki-lord-tresna-1719210295-o59-9688-jpg.avif 1200w, https:\/\/www.e-wczasy.pl\/blog\/wp-content\/uploads\/2024\/07\/domki-lord-tresna-1719210295-o59-9688-300x200.avif 300w, https:\/\/www.e-wczasy.pl\/blog\/wp-content\/uploads\/2024\/07\/domki-lord-tresna-1719210295-o59-9688-1024x682.avif 1024w, https:\/\/www.e-wczasy.pl\/blog\/wp-content\/uploads\/2024\/07\/domki-lord-tresna-1719210295-o59-9688-768x511.avif 768w\" sizes=\"(max-width: 1200px) 100vw, 1200px\" alt=\"\">\r\n                            <\/a>\r\n                            \r\n                        <\/figure>\r\n                    <\/div>\r\n                    <div class = \"td-slide-item td-item2\">\r\n                        <figure class=\"td-slide-galery-figure td-slide-popup-gallery\">\r\n                            <a class=\"slide-gallery-image-link\" href=\"https:\/\/www.e-wczasy.pl\/blog\/wp-content\/uploads\/2024\/07\/domki-lord-tresna-1719210295-o1-9688-jpg.avif\" title=\"domki-lord-tresna-1719210295-o1-9688\"  data-caption=\"\"  data-description=\"\">\r\n                                <img decoding=\"async\" src=\"https:\/\/www.e-wczasy.pl\/blog\/wp-content\/uploads\/2024\/07\/domki-lord-tresna-1719210295-o1-9688-jpg.avif\" srcset=\"https:\/\/www.e-wczasy.pl\/blog\/wp-content\/uploads\/2024\/07\/domki-lord-tresna-1719210295-o1-9688-jpg.avif 1200w, https:\/\/www.e-wczasy.pl\/blog\/wp-content\/uploads\/2024\/07\/domki-lord-tresna-1719210295-o1-9688-300x200.avif 300w, https:\/\/www.e-wczasy.pl\/blog\/wp-content\/uploads\/2024\/07\/domki-lord-tresna-1719210295-o1-9688-1024x684.avif 1024w, https:\/\/www.e-wczasy.pl\/blog\/wp-content\/uploads\/2024\/07\/domki-lord-tresna-1719210295-o1-9688-768x513.avif 768w\" sizes=\"(max-width: 1200px) 100vw, 1200px\" alt=\"\">\r\n                            <\/a>\r\n                            \r\n                        <\/figure>\r\n                    <\/div>\r\n                    <div class = \"td-slide-item td-item3\">\r\n                        <figure class=\"td-slide-galery-figure td-slide-popup-gallery\">\r\n                            <a class=\"slide-gallery-image-link\" href=\"https:\/\/www.e-wczasy.pl\/blog\/wp-content\/uploads\/2024\/07\/domki-lord-tresna-1719210295-o8-9688-jpg.avif\" title=\"domki-lord-tresna-1719210295-o8-9688\"  data-caption=\"\"  data-description=\"\">\r\n                                <img decoding=\"async\" src=\"https:\/\/www.e-wczasy.pl\/blog\/wp-content\/uploads\/2024\/07\/domki-lord-tresna-1719210295-o8-9688-jpg.avif\" srcset=\"https:\/\/www.e-wczasy.pl\/blog\/wp-content\/uploads\/2024\/07\/domki-lord-tresna-1719210295-o8-9688-jpg.avif 1200w, https:\/\/www.e-wczasy.pl\/blog\/wp-content\/uploads\/2024\/07\/domki-lord-tresna-1719210295-o8-9688-300x200.avif 300w, https:\/\/www.e-wczasy.pl\/blog\/wp-content\/uploads\/2024\/07\/domki-lord-tresna-1719210295-o8-9688-1024x684.avif 1024w, https:\/\/www.e-wczasy.pl\/blog\/wp-content\/uploads\/2024\/07\/domki-lord-tresna-1719210295-o8-9688-768x513.avif 768w\" sizes=\"(max-width: 1200px) 100vw, 1200px\" alt=\"\">\r\n                            <\/a>\r\n                            \r\n                        <\/figure>\r\n                    <\/div>\r\n                    <div class = \"td-slide-item td-item4\">\r\n                        <figure class=\"td-slide-galery-figure td-slide-popup-gallery\">\r\n                            <a class=\"slide-gallery-image-link\" href=\"https:\/\/www.e-wczasy.pl\/blog\/wp-content\/uploads\/2024\/07\/domki-lord-tresna-1719210295-o6-9688-jpg.avif\" title=\"domki-lord-tresna-1719210295-o6-9688\"  data-caption=\"\"  data-description=\"\">\r\n                                <img decoding=\"async\" src=\"https:\/\/www.e-wczasy.pl\/blog\/wp-content\/uploads\/2024\/07\/domki-lord-tresna-1719210295-o6-9688-jpg.avif\" srcset=\"https:\/\/www.e-wczasy.pl\/blog\/wp-content\/uploads\/2024\/07\/domki-lord-tresna-1719210295-o6-9688-jpg.avif 1200w, https:\/\/www.e-wczasy.pl\/blog\/wp-content\/uploads\/2024\/07\/domki-lord-tresna-1719210295-o6-9688-300x200.avif 300w, https:\/\/www.e-wczasy.pl\/blog\/wp-content\/uploads\/2024\/07\/domki-lord-tresna-1719210295-o6-9688-1024x684.avif 1024w, https:\/\/www.e-wczasy.pl\/blog\/wp-content\/uploads\/2024\/07\/domki-lord-tresna-1719210295-o6-9688-768x513.avif 768w\" sizes=\"(max-width: 1200px) 100vw, 1200px\" alt=\"\">\r\n                            <\/a>\r\n                            \r\n                        <\/figure>\r\n                    <\/div>\r\n                    <div class = \"td-slide-item td-item5\">\r\n                        <figure class=\"td-slide-galery-figure td-slide-popup-gallery\">\r\n                            <a class=\"slide-gallery-image-link\" href=\"https:\/\/www.e-wczasy.pl\/blog\/wp-content\/uploads\/2024\/07\/domki-lord-tresna-1719210295-o12-9688-jpg.avif\" title=\"domki-lord-tresna-1719210295-o12-9688\"  data-caption=\"\"  data-description=\"\">\r\n                                <img decoding=\"async\" src=\"https:\/\/www.e-wczasy.pl\/blog\/wp-content\/uploads\/2024\/07\/domki-lord-tresna-1719210295-o12-9688-jpg.avif\" srcset=\"https:\/\/www.e-wczasy.pl\/blog\/wp-content\/uploads\/2024\/07\/domki-lord-tresna-1719210295-o12-9688-jpg.avif 1200w, https:\/\/www.e-wczasy.pl\/blog\/wp-content\/uploads\/2024\/07\/domki-lord-tresna-1719210295-o12-9688-300x200.avif 300w, https:\/\/www.e-wczasy.pl\/blog\/wp-content\/uploads\/2024\/07\/domki-lord-tresna-1719210295-o12-9688-1024x684.avif 1024w, https:\/\/www.e-wczasy.pl\/blog\/wp-content\/uploads\/2024\/07\/domki-lord-tresna-1719210295-o12-9688-768x513.avif 768w\" sizes=\"(max-width: 1200px) 100vw, 1200px\" alt=\"\">\r\n                            <\/a>\r\n                            \r\n                        <\/figure>\r\n                    <\/div>\r\n                            <\/div>\r\n                        <\/div>\r\n\r\n                        <div class = \"td-doubleSlider-2\">\r\n                            <div class = \"td-slider\">\r\n                                \r\n                    <div class = \"td-button td-item1\">\r\n                        <div class = \"td-border\"><\/div>\r\n                    <\/div>\r\n                    <div class = \"td-button td-item2\">\r\n                        <div class = \"td-border\"><\/div>\r\n                    <\/div>\r\n                    <div class = \"td-button td-item3\">\r\n                        <div class = \"td-border\"><\/div>\r\n                    <\/div>\r\n                    <div class = \"td-button td-item4\">\r\n                        <div class = \"td-border\"><\/div>\r\n                    <\/div>\r\n                    <div class = \"td-button td-item5\">\r\n                        <div class = \"td-border\"><\/div>\r\n                    <\/div>\r\n                            <\/div>\r\n                        <\/div>\r\n\r\n                    <\/div>\r\n\r\n                <\/div>\r\n                \n<p>Go\u015bcie mog\u0105 korzysta\u0107 z bezprzewodowego Internetu, parkingu, altany ogrodowej i grill\u00f3w. Dla dzieci przygotowano plac zabaw, a dla doros\u0142ych bilard i inne atrakcje. Tresna jest doskona\u0142ym miejscem dla mi\u0142o\u015bnik\u00f3w sport\u00f3w wodnych, w\u0119dkowania i g\u00f3rskich w\u0119dr\u00f3wek.<\/p>\n<p><a href=\"https:\/\/www.e-wczasy.pl\/noclegi\/tresna\">Tresna<\/a> to malownicza miejscowo\u015b\u0107 w wojew\u00f3dztwie \u015bl\u0105skim, znana z pi\u0119knych krajobraz\u00f3w Beskidu Ma\u0142ego i blisko\u015bci Jeziora \u017bywieckiego. Stanowi doskona\u0142\u0105 baz\u0119 wypadow\u0105 do aktywnego wypoczynku i relaksu na \u0142onie natury.<\/p>\n<h2><a href=\"https:\/\/www.e-wczasy.pl\/noclegi\/gizycko\/hotele\/hotel-st-bruno,14933\" target=\"_new\" rel=\"noreferrer noopener\">Hotel St. Bruno<\/a><\/h2>\n<p>ul. \u015bw. Brunona 1, Gi\u017cycko, woj. warmi\u0144sko-mazurskie<\/p>\n<p>Hotel St. Bruno to luksusowy czterogwiazdkowy hotel, kt\u00f3ry idealnie nadaje si\u0119 na d\u0142ugi weekend sierpniowy nad jeziorem. Zlokalizowany w zabytkowym, odrestaurowanym zamku, \u0142\u0105czy historyczny urok z nowoczesnymi udogodnieniami. Go\u015bcie maj\u0105 do dyspozycji eleganckie pokoje, stylowo urz\u0105dzone z my\u015bl\u0105 o komforcie i wygodzie.<\/p>\n\r\n                <style type=\"text\/css\">\r\n                    \r\n                    #tdi_7  .td-doubleSlider-2 .td-item1 {\r\n                        background: url(https:\/\/www.e-wczasy.pl\/blog\/wp-content\/uploads\/2024\/07\/hotel-st-bruno-gizycko-1629450874-o10-14933-jpg.avif) 0 0 no-repeat;\r\n                    }\r\n                    #tdi_7  .td-doubleSlider-2 .td-item2 {\r\n                        background: url(https:\/\/www.e-wczasy.pl\/blog\/wp-content\/uploads\/2024\/07\/hotel-st-bruno-gizycko-1629450874-o12-14933-jpg.avif) 0 0 no-repeat;\r\n                    }\r\n                    #tdi_7  .td-doubleSlider-2 .td-item3 {\r\n                        background: url(https:\/\/www.e-wczasy.pl\/blog\/wp-content\/uploads\/2024\/07\/hotel-st-bruno-gizycko-1629450874-o11-14933-jpg.avif) 0 0 no-repeat;\r\n                    }\r\n                    #tdi_7  .td-doubleSlider-2 .td-item4 {\r\n                        background: url(https:\/\/www.e-wczasy.pl\/blog\/wp-content\/uploads\/2024\/07\/hotel-st-bruno-gizycko-1629450874-o8-14933-jpg.avif) 0 0 no-repeat;\r\n                    }\r\n                    #tdi_7  .td-doubleSlider-2 .td-item5 {\r\n                        background: url(https:\/\/www.e-wczasy.pl\/blog\/wp-content\/uploads\/2024\/07\/hotel-st-bruno-gizycko-1629450874-o9-14933-jpg.avif) 0 0 no-repeat;\r\n                    }\r\n                <\/style>\r\n\r\n                <div id=\"tdi_7\" class=\"td-gallery td-slide-on-2-columns\">\r\n                    <div class=\"post_td_gallery\">\r\n                        <div class=\"td-gallery-slide-top\">\r\n                           <div class=\"td-gallery-title\">Hotel St. Bruno<\/div>\r\n\r\n                            <div class=\"td-gallery-controls-wrapper\">\r\n                                <div class=\"td-gallery-slide-count\"><span class=\"td-gallery-slide-item-focus\">1<\/span> z 5<\/div>\r\n                                <div class=\"td-gallery-slide-prev-next-but\">\r\n                                    <i class = \"td-icon-left doubleSliderPrevButton\"><\/i>\r\n                                    <i class = \"td-icon-right doubleSliderNextButton\"><\/i>\r\n                                <\/div>\r\n                            <\/div>\r\n                        <\/div>\r\n\r\n                        <div class = \"td-doubleSlider-1 \">\r\n                            <div class = \"td-slider\">\r\n                                \r\n                    <div class = \"td-slide-item td-item1\">\r\n                        <figure class=\"td-slide-galery-figure td-slide-popup-gallery\">\r\n                            <a class=\"slide-gallery-image-link\" href=\"https:\/\/www.e-wczasy.pl\/blog\/wp-content\/uploads\/2024\/07\/hotel-st-bruno-gizycko-1629450874-o10-14933-jpg.avif\" title=\"hotel-st-bruno-gizycko-1629450874-o10-14933\"  data-caption=\"\"  data-description=\"\">\r\n                                <img decoding=\"async\" src=\"https:\/\/www.e-wczasy.pl\/blog\/wp-content\/uploads\/2024\/07\/hotel-st-bruno-gizycko-1629450874-o10-14933-jpg.avif\" srcset=\"https:\/\/www.e-wczasy.pl\/blog\/wp-content\/uploads\/2024\/07\/hotel-st-bruno-gizycko-1629450874-o10-14933-jpg.avif 1200w, https:\/\/www.e-wczasy.pl\/blog\/wp-content\/uploads\/2024\/07\/hotel-st-bruno-gizycko-1629450874-o10-14933-300x200.avif 300w, https:\/\/www.e-wczasy.pl\/blog\/wp-content\/uploads\/2024\/07\/hotel-st-bruno-gizycko-1629450874-o10-14933-1024x684.avif 1024w, https:\/\/www.e-wczasy.pl\/blog\/wp-content\/uploads\/2024\/07\/hotel-st-bruno-gizycko-1629450874-o10-14933-768x513.avif 768w\" sizes=\"(max-width: 1200px) 100vw, 1200px\" alt=\"\">\r\n                            <\/a>\r\n                            \r\n                        <\/figure>\r\n                    <\/div>\r\n                    <div class = \"td-slide-item td-item2\">\r\n                        <figure class=\"td-slide-galery-figure td-slide-popup-gallery\">\r\n                            <a class=\"slide-gallery-image-link\" href=\"https:\/\/www.e-wczasy.pl\/blog\/wp-content\/uploads\/2024\/07\/hotel-st-bruno-gizycko-1629450874-o12-14933-jpg.avif\" title=\"hotel-st-bruno-gizycko-1629450874-o12-14933\"  data-caption=\"\"  data-description=\"\">\r\n                                <img decoding=\"async\" src=\"https:\/\/www.e-wczasy.pl\/blog\/wp-content\/uploads\/2024\/07\/hotel-st-bruno-gizycko-1629450874-o12-14933-jpg.avif\" srcset=\"https:\/\/www.e-wczasy.pl\/blog\/wp-content\/uploads\/2024\/07\/hotel-st-bruno-gizycko-1629450874-o12-14933-jpg.avif 1200w, https:\/\/www.e-wczasy.pl\/blog\/wp-content\/uploads\/2024\/07\/hotel-st-bruno-gizycko-1629450874-o12-14933-300x200.avif 300w, https:\/\/www.e-wczasy.pl\/blog\/wp-content\/uploads\/2024\/07\/hotel-st-bruno-gizycko-1629450874-o12-14933-1024x684.avif 1024w, https:\/\/www.e-wczasy.pl\/blog\/wp-content\/uploads\/2024\/07\/hotel-st-bruno-gizycko-1629450874-o12-14933-768x513.avif 768w\" sizes=\"(max-width: 1200px) 100vw, 1200px\" alt=\"\">\r\n                            <\/a>\r\n                            \r\n                        <\/figure>\r\n                    <\/div>\r\n                    <div class = \"td-slide-item td-item3\">\r\n                        <figure class=\"td-slide-galery-figure td-slide-popup-gallery\">\r\n                            <a class=\"slide-gallery-image-link\" href=\"https:\/\/www.e-wczasy.pl\/blog\/wp-content\/uploads\/2024\/07\/hotel-st-bruno-gizycko-1629450874-o11-14933-jpg.avif\" title=\"hotel-st-bruno-gizycko-1629450874-o11-14933\"  data-caption=\"\"  data-description=\"\">\r\n                                <img decoding=\"async\" src=\"https:\/\/www.e-wczasy.pl\/blog\/wp-content\/uploads\/2024\/07\/hotel-st-bruno-gizycko-1629450874-o11-14933-jpg.avif\" srcset=\"https:\/\/www.e-wczasy.pl\/blog\/wp-content\/uploads\/2024\/07\/hotel-st-bruno-gizycko-1629450874-o11-14933-jpg.avif 1200w, https:\/\/www.e-wczasy.pl\/blog\/wp-content\/uploads\/2024\/07\/hotel-st-bruno-gizycko-1629450874-o11-14933-300x200.avif 300w, https:\/\/www.e-wczasy.pl\/blog\/wp-content\/uploads\/2024\/07\/hotel-st-bruno-gizycko-1629450874-o11-14933-1024x684.avif 1024w, https:\/\/www.e-wczasy.pl\/blog\/wp-content\/uploads\/2024\/07\/hotel-st-bruno-gizycko-1629450874-o11-14933-768x513.avif 768w\" sizes=\"(max-width: 1200px) 100vw, 1200px\" alt=\"\">\r\n                            <\/a>\r\n                            \r\n                        <\/figure>\r\n                    <\/div>\r\n                    <div class = \"td-slide-item td-item4\">\r\n                        <figure class=\"td-slide-galery-figure td-slide-popup-gallery\">\r\n                            <a class=\"slide-gallery-image-link\" href=\"https:\/\/www.e-wczasy.pl\/blog\/wp-content\/uploads\/2024\/07\/hotel-st-bruno-gizycko-1629450874-o8-14933-jpg.avif\" title=\"hotel-st-bruno-gizycko-1629450874-o8-14933\"  data-caption=\"\"  data-description=\"\">\r\n                                <img decoding=\"async\" src=\"https:\/\/www.e-wczasy.pl\/blog\/wp-content\/uploads\/2024\/07\/hotel-st-bruno-gizycko-1629450874-o8-14933-jpg.avif\" srcset=\"https:\/\/www.e-wczasy.pl\/blog\/wp-content\/uploads\/2024\/07\/hotel-st-bruno-gizycko-1629450874-o8-14933-jpg.avif 1200w, https:\/\/www.e-wczasy.pl\/blog\/wp-content\/uploads\/2024\/07\/hotel-st-bruno-gizycko-1629450874-o8-14933-300x200.avif 300w, https:\/\/www.e-wczasy.pl\/blog\/wp-content\/uploads\/2024\/07\/hotel-st-bruno-gizycko-1629450874-o8-14933-1024x684.avif 1024w, https:\/\/www.e-wczasy.pl\/blog\/wp-content\/uploads\/2024\/07\/hotel-st-bruno-gizycko-1629450874-o8-14933-768x513.avif 768w\" sizes=\"(max-width: 1200px) 100vw, 1200px\" alt=\"\">\r\n                            <\/a>\r\n                            \r\n                        <\/figure>\r\n                    <\/div>\r\n                    <div class = \"td-slide-item td-item5\">\r\n                        <figure class=\"td-slide-galery-figure td-slide-popup-gallery\">\r\n                            <a class=\"slide-gallery-image-link\" href=\"https:\/\/www.e-wczasy.pl\/blog\/wp-content\/uploads\/2024\/07\/hotel-st-bruno-gizycko-1629450874-o9-14933-jpg.avif\" title=\"hotel-st-bruno-gizycko-1629450874-o9-14933\"  data-caption=\"\"  data-description=\"\">\r\n                                <img decoding=\"async\" src=\"https:\/\/www.e-wczasy.pl\/blog\/wp-content\/uploads\/2024\/07\/hotel-st-bruno-gizycko-1629450874-o9-14933-jpg.avif\" srcset=\"https:\/\/www.e-wczasy.pl\/blog\/wp-content\/uploads\/2024\/07\/hotel-st-bruno-gizycko-1629450874-o9-14933-jpg.avif 1200w, https:\/\/www.e-wczasy.pl\/blog\/wp-content\/uploads\/2024\/07\/hotel-st-bruno-gizycko-1629450874-o9-14933-300x200.avif 300w, https:\/\/www.e-wczasy.pl\/blog\/wp-content\/uploads\/2024\/07\/hotel-st-bruno-gizycko-1629450874-o9-14933-1024x684.avif 1024w, https:\/\/www.e-wczasy.pl\/blog\/wp-content\/uploads\/2024\/07\/hotel-st-bruno-gizycko-1629450874-o9-14933-768x513.avif 768w\" sizes=\"(max-width: 1200px) 100vw, 1200px\" alt=\"\">\r\n                            <\/a>\r\n                            \r\n                        <\/figure>\r\n                    <\/div>\r\n                            <\/div>\r\n                        <\/div>\r\n\r\n                        <div class = \"td-doubleSlider-2\">\r\n                            <div class = \"td-slider\">\r\n                                \r\n                    <div class = \"td-button td-item1\">\r\n                        <div class = \"td-border\"><\/div>\r\n                    <\/div>\r\n                    <div class = \"td-button td-item2\">\r\n                        <div class = \"td-border\"><\/div>\r\n                    <\/div>\r\n                    <div class = \"td-button td-item3\">\r\n                        <div class = \"td-border\"><\/div>\r\n                    <\/div>\r\n                    <div class = \"td-button td-item4\">\r\n                        <div class = \"td-border\"><\/div>\r\n                    <\/div>\r\n                    <div class = \"td-button td-item5\">\r\n                        <div class = \"td-border\"><\/div>\r\n                    <\/div>\r\n                            <\/div>\r\n                        <\/div>\r\n\r\n                    <\/div>\r\n\r\n                <\/div>\r\n                \n<p>Hotel oferuje bogat\u0105 stref\u0119 wellness z basenem, saun\u0105, jacuzzi oraz Medi.SPA. Restauracja Biblioteka serwuje wy\u015bmienite dania regionalne, a bar zamkowy i klub z kr\u0119gielni\u0105 zapewniaj\u0105 rozrywk\u0119. Doskona\u0142a lokalizacja w sercu Gi\u017cycka, nad Kana\u0142em \u0141ucza\u0144skim, czyni go idealnym miejscem na relaks i zwiedzanie.<\/p>\n<p><a href=\"https:\/\/www.e-wczasy.pl\/noclegi\/gizycko\">Gi\u017cycko<\/a>, po\u0142o\u017cone w sercu Mazur, jest \u017ceglarsk\u0105 stolic\u0105 Polski, oferuj\u0105c\u0105 liczne atrakcje nad jeziorami Kisajno i Niegocin. Miejscowo\u015b\u0107 stanowi doskona\u0142\u0105 baz\u0119 wypadow\u0105 do odkrywania urok\u00f3w Krainy Wielkich Jezior Mazurskich.<\/p>\n<h2><a href=\"https:\/\/www.e-wczasy.pl\/noclegi\/ogonki\/domki\/domy-na-wodzie-topiko-czarter,15062\" target=\"_new\" rel=\"noreferrer noopener\">Domy na wodzie Topiko Czarter<\/a><\/h2>\n<p>ul. Sztynorcka 6, Ogonki, woj. warmi\u0144sko-mazurskie<\/p>\n<p>Na koniec unikalna propozycja sp\u0119dzenia d\u0142ugiego weekendu <a href=\"https:\/\/www.e-wczasy.pl\/noclegi\/mazury-i-podlasie\">na Mazurach<\/a>: domy na wodzie Topiko Czarter. Ka\u017cdy z trzech identycznych domk\u00f3w oferuje zakwaterowanie dla 6 os\u00f3b, z dwoma sypialniami i rozk\u0142adan\u0105 sof\u0105 w salonie. W pe\u0142ni wyposa\u017cona kuchnia, \u0142azienka z ciep\u0142\u0105 wod\u0105, klimatyzacja oraz trzy tarasy, w tym jeden na dachu, zapewniaj\u0105 komfort i blisko\u015b\u0107 natury.<\/p>\n\r\n                <style type=\"text\/css\">\r\n                    \r\n                    #tdi_8  .td-doubleSlider-2 .td-item1 {\r\n                        background: url(https:\/\/www.e-wczasy.pl\/blog\/wp-content\/uploads\/2024\/07\/domy-na-wodzie-topiko-czarter-ogonki-1651655420-o19-15062-jpg.avif) 0 0 no-repeat;\r\n                    }\r\n                    #tdi_8  .td-doubleSlider-2 .td-item2 {\r\n                        background: url(https:\/\/www.e-wczasy.pl\/blog\/wp-content\/uploads\/2024\/07\/domy-na-wodzie-topiko-czarter-ogonki-1651655420-o12-15062-jpg.avif) 0 0 no-repeat;\r\n                    }\r\n                    #tdi_8  .td-doubleSlider-2 .td-item3 {\r\n                        background: url(https:\/\/www.e-wczasy.pl\/blog\/wp-content\/uploads\/2024\/07\/domy-na-wodzie-topiko-czarter-ogonki-1651655420-o20-15062-jpg.avif) 0 0 no-repeat;\r\n                    }\r\n                    #tdi_8  .td-doubleSlider-2 .td-item4 {\r\n                        background: url(https:\/\/www.e-wczasy.pl\/blog\/wp-content\/uploads\/2024\/07\/domy-na-wodzie-topiko-czarter-ogonki-1651655420-o22-15062-jpg.avif) 0 0 no-repeat;\r\n                    }\r\n                    #tdi_8  .td-doubleSlider-2 .td-item5 {\r\n                        background: url(https:\/\/www.e-wczasy.pl\/blog\/wp-content\/uploads\/2024\/07\/domy-na-wodzie-topiko-czarter-ogonki-1651655420-o16-15062-jpg.avif) 0 0 no-repeat;\r\n                    }\r\n                <\/style>\r\n\r\n                <div id=\"tdi_8\" class=\"td-gallery td-slide-on-2-columns\">\r\n                    <div class=\"post_td_gallery\">\r\n                        <div class=\"td-gallery-slide-top\">\r\n                           <div class=\"td-gallery-title\">Domy na wodzie Topiko Czarter<\/div>\r\n\r\n                            <div class=\"td-gallery-controls-wrapper\">\r\n                                <div class=\"td-gallery-slide-count\"><span class=\"td-gallery-slide-item-focus\">1<\/span> z 5<\/div>\r\n                                <div class=\"td-gallery-slide-prev-next-but\">\r\n                                    <i class = \"td-icon-left doubleSliderPrevButton\"><\/i>\r\n                                    <i class = \"td-icon-right doubleSliderNextButton\"><\/i>\r\n                                <\/div>\r\n                            <\/div>\r\n                        <\/div>\r\n\r\n                        <div class = \"td-doubleSlider-1 \">\r\n                            <div class = \"td-slider\">\r\n                                \r\n                    <div class = \"td-slide-item td-item1\">\r\n                        <figure class=\"td-slide-galery-figure td-slide-popup-gallery\">\r\n                            <a class=\"slide-gallery-image-link\" href=\"https:\/\/www.e-wczasy.pl\/blog\/wp-content\/uploads\/2024\/07\/domy-na-wodzie-topiko-czarter-ogonki-1651655420-o19-15062-jpg.avif\" title=\"domy-na-wodzie-topiko-czarter-ogonki-1651655420-o19-15062\"  data-caption=\"\"  data-description=\"\">\r\n                                <img decoding=\"async\" src=\"https:\/\/www.e-wczasy.pl\/blog\/wp-content\/uploads\/2024\/07\/domy-na-wodzie-topiko-czarter-ogonki-1651655420-o19-15062-jpg.avif\" srcset=\"https:\/\/www.e-wczasy.pl\/blog\/wp-content\/uploads\/2024\/07\/domy-na-wodzie-topiko-czarter-ogonki-1651655420-o19-15062-jpg.avif 1200w, https:\/\/www.e-wczasy.pl\/blog\/wp-content\/uploads\/2024\/07\/domy-na-wodzie-topiko-czarter-ogonki-1651655420-o19-15062-300x169.avif 300w, https:\/\/www.e-wczasy.pl\/blog\/wp-content\/uploads\/2024\/07\/domy-na-wodzie-topiko-czarter-ogonki-1651655420-o19-15062-1024x576.avif 1024w, https:\/\/www.e-wczasy.pl\/blog\/wp-content\/uploads\/2024\/07\/domy-na-wodzie-topiko-czarter-ogonki-1651655420-o19-15062-768x432.avif 768w\" sizes=\"(max-width: 1200px) 100vw, 1200px\" alt=\"\">\r\n                            <\/a>\r\n                            \r\n                        <\/figure>\r\n                    <\/div>\r\n                    <div class = \"td-slide-item td-item2\">\r\n                        <figure class=\"td-slide-galery-figure td-slide-popup-gallery\">\r\n                            <a class=\"slide-gallery-image-link\" href=\"https:\/\/www.e-wczasy.pl\/blog\/wp-content\/uploads\/2024\/07\/domy-na-wodzie-topiko-czarter-ogonki-1651655420-o12-15062-jpg.avif\" title=\"domy-na-wodzie-topiko-czarter-ogonki-1651655420-o12-15062\"  data-caption=\"\"  data-description=\"\">\r\n                                <img decoding=\"async\" src=\"https:\/\/www.e-wczasy.pl\/blog\/wp-content\/uploads\/2024\/07\/domy-na-wodzie-topiko-czarter-ogonki-1651655420-o12-15062-jpg.avif\" srcset=\"https:\/\/www.e-wczasy.pl\/blog\/wp-content\/uploads\/2024\/07\/domy-na-wodzie-topiko-czarter-ogonki-1651655420-o12-15062-jpg.avif 1200w, https:\/\/www.e-wczasy.pl\/blog\/wp-content\/uploads\/2024\/07\/domy-na-wodzie-topiko-czarter-ogonki-1651655420-o12-15062-300x200.avif 300w, https:\/\/www.e-wczasy.pl\/blog\/wp-content\/uploads\/2024\/07\/domy-na-wodzie-topiko-czarter-ogonki-1651655420-o12-15062-1024x684.avif 1024w, https:\/\/www.e-wczasy.pl\/blog\/wp-content\/uploads\/2024\/07\/domy-na-wodzie-topiko-czarter-ogonki-1651655420-o12-15062-768x513.avif 768w\" sizes=\"(max-width: 1200px) 100vw, 1200px\" alt=\"\">\r\n                            <\/a>\r\n                            \r\n                        <\/figure>\r\n                    <\/div>\r\n                    <div class = \"td-slide-item td-item3\">\r\n                        <figure class=\"td-slide-galery-figure td-slide-popup-gallery\">\r\n                            <a class=\"slide-gallery-image-link\" href=\"https:\/\/www.e-wczasy.pl\/blog\/wp-content\/uploads\/2024\/07\/domy-na-wodzie-topiko-czarter-ogonki-1651655420-o20-15062-jpg.avif\" title=\"domy-na-wodzie-topiko-czarter-ogonki-1651655420-o20-15062\"  data-caption=\"\"  data-description=\"\">\r\n                                <img decoding=\"async\" src=\"https:\/\/www.e-wczasy.pl\/blog\/wp-content\/uploads\/2024\/07\/domy-na-wodzie-topiko-czarter-ogonki-1651655420-o20-15062-jpg.avif\" srcset=\"https:\/\/www.e-wczasy.pl\/blog\/wp-content\/uploads\/2024\/07\/domy-na-wodzie-topiko-czarter-ogonki-1651655420-o20-15062-jpg.avif 1200w, https:\/\/www.e-wczasy.pl\/blog\/wp-content\/uploads\/2024\/07\/domy-na-wodzie-topiko-czarter-ogonki-1651655420-o20-15062-300x200.avif 300w, https:\/\/www.e-wczasy.pl\/blog\/wp-content\/uploads\/2024\/07\/domy-na-wodzie-topiko-czarter-ogonki-1651655420-o20-15062-1024x683.avif 1024w, https:\/\/www.e-wczasy.pl\/blog\/wp-content\/uploads\/2024\/07\/domy-na-wodzie-topiko-czarter-ogonki-1651655420-o20-15062-768x512.avif 768w\" sizes=\"(max-width: 1200px) 100vw, 1200px\" alt=\"\">\r\n                            <\/a>\r\n                            \r\n                        <\/figure>\r\n                    <\/div>\r\n                    <div class = \"td-slide-item td-item4\">\r\n                        <figure class=\"td-slide-galery-figure td-slide-popup-gallery\">\r\n                            <a class=\"slide-gallery-image-link\" href=\"https:\/\/www.e-wczasy.pl\/blog\/wp-content\/uploads\/2024\/07\/domy-na-wodzie-topiko-czarter-ogonki-1651655420-o22-15062-jpg.avif\" title=\"domy-na-wodzie-topiko-czarter-ogonki-1651655420-o22-15062\"  data-caption=\"\"  data-description=\"\">\r\n                                <img decoding=\"async\" src=\"https:\/\/www.e-wczasy.pl\/blog\/wp-content\/uploads\/2024\/07\/domy-na-wodzie-topiko-czarter-ogonki-1651655420-o22-15062-jpg.avif\" srcset=\"https:\/\/www.e-wczasy.pl\/blog\/wp-content\/uploads\/2024\/07\/domy-na-wodzie-topiko-czarter-ogonki-1651655420-o22-15062-jpg.avif 1200w, https:\/\/www.e-wczasy.pl\/blog\/wp-content\/uploads\/2024\/07\/domy-na-wodzie-topiko-czarter-ogonki-1651655420-o22-15062-300x200.avif 300w, https:\/\/www.e-wczasy.pl\/blog\/wp-content\/uploads\/2024\/07\/domy-na-wodzie-topiko-czarter-ogonki-1651655420-o22-15062-1024x683.avif 1024w, https:\/\/www.e-wczasy.pl\/blog\/wp-content\/uploads\/2024\/07\/domy-na-wodzie-topiko-czarter-ogonki-1651655420-o22-15062-768x512.avif 768w\" sizes=\"(max-width: 1200px) 100vw, 1200px\" alt=\"\">\r\n                            <\/a>\r\n                            \r\n                        <\/figure>\r\n                    <\/div>\r\n                    <div class = \"td-slide-item td-item5\">\r\n                        <figure class=\"td-slide-galery-figure td-slide-popup-gallery\">\r\n                            <a class=\"slide-gallery-image-link\" href=\"https:\/\/www.e-wczasy.pl\/blog\/wp-content\/uploads\/2024\/07\/domy-na-wodzie-topiko-czarter-ogonki-1651655420-o16-15062-jpg.avif\" title=\"domy-na-wodzie-topiko-czarter-ogonki-1651655420-o16-15062\"  data-caption=\"\"  data-description=\"\">\r\n                                <img decoding=\"async\" src=\"https:\/\/www.e-wczasy.pl\/blog\/wp-content\/uploads\/2024\/07\/domy-na-wodzie-topiko-czarter-ogonki-1651655420-o16-15062-jpg.avif\" srcset=\"https:\/\/www.e-wczasy.pl\/blog\/wp-content\/uploads\/2024\/07\/domy-na-wodzie-topiko-czarter-ogonki-1651655420-o16-15062-jpg.avif 1200w, https:\/\/www.e-wczasy.pl\/blog\/wp-content\/uploads\/2024\/07\/domy-na-wodzie-topiko-czarter-ogonki-1651655420-o16-15062-300x200.avif 300w, https:\/\/www.e-wczasy.pl\/blog\/wp-content\/uploads\/2024\/07\/domy-na-wodzie-topiko-czarter-ogonki-1651655420-o16-15062-1024x683.avif 1024w, https:\/\/www.e-wczasy.pl\/blog\/wp-content\/uploads\/2024\/07\/domy-na-wodzie-topiko-czarter-ogonki-1651655420-o16-15062-768x512.avif 768w\" sizes=\"(max-width: 1200px) 100vw, 1200px\" alt=\"\">\r\n                            <\/a>\r\n                            \r\n                        <\/figure>\r\n                    <\/div>\r\n                            <\/div>\r\n                        <\/div>\r\n\r\n                        <div class = \"td-doubleSlider-2\">\r\n                            <div class = \"td-slider\">\r\n                                \r\n                    <div class = \"td-button td-item1\">\r\n                        <div class = \"td-border\"><\/div>\r\n                    <\/div>\r\n                    <div class = \"td-button td-item2\">\r\n                        <div class = \"td-border\"><\/div>\r\n                    <\/div>\r\n                    <div class = \"td-button td-item3\">\r\n                        <div class = \"td-border\"><\/div>\r\n                    <\/div>\r\n                    <div class = \"td-button td-item4\">\r\n                        <div class = \"td-border\"><\/div>\r\n                    <\/div>\r\n                    <div class = \"td-button td-item5\">\r\n                        <div class = \"td-border\"><\/div>\r\n                    <\/div>\r\n                            <\/div>\r\n                        <\/div>\r\n\r\n                    <\/div>\r\n\r\n                <\/div>\r\n                \n<p><strong>Domki s\u0105 zacumowane na sta\u0142e do pomostu na jeziorach Przysta\u0144 i \u015awi\u0119cajty<\/strong>, oferuj\u0105c dost\u0119p do licznych atrakcji, takich jak k\u0105pieliska, miejsca na ognisko oraz mo\u017cliwo\u015b\u0107 wypo\u017cyczenia rower\u00f3w i sprz\u0119tu p\u0142ywaj\u0105cego.<\/p>\n<p>Ogonki to malownicza miejscowo\u015b\u0107 w wojew\u00f3dztwie warmi\u0144sko-mazurskim, znana z urokliwych krajobraz\u00f3w i blisko\u015bci jezior, co czyni j\u0105 idealnym miejscem na wypoczynek blisko natury.<\/p>\n","protected":false},"excerpt":{"rendered":"<p>Planuj\u0105c d\u0142ugi weekend sierpniowy, warto zastanowi\u0107 si\u0119 nad wyborem idealnego miejsca na relaks i odpoczynek. W Polsce znajdziemy wiele atrakcyjnych lokalizacji, kt\u00f3re zadowol\u0105 zar\u00f3wno mi\u0142o\u015bnik\u00f3w g\u00f3r, jak i entuzjast\u00f3w nadmorskich krajobraz\u00f3w. W naszym zestawieniu znajdziesz propozycje nocleg\u00f3w na d\u0142ugi weekend w r\u00f3\u017cnych regionach, kt\u00f3re gwarantuj\u0105 komfortowy pobyt oraz liczne atrakcje. Sprawd\u017a, gdzie warto si\u0119 wybra\u0107 [&hellip;]<\/p>\n","protected":false},"author":15,"featured_media":7961,"comment_status":"closed","ping_status":"closed","sticky":false,"template":"","format":"standard","meta":{"_lmt_disableupdate":"no","_lmt_disable":"no","footnotes":""},"categories":[4],"tags":[102],"class_list":{"0":"post-7916","1":"post","2":"type-post","3":"status-publish","4":"format-standard","5":"has-post-thumbnail","7":"category-poradnik-turysty","8":"tag-dlugi-weekend"},"yoast_head":"<!-- This site is optimized with the Yoast SEO plugin v26.1.1 - https:\/\/yoast.com\/wordpress\/plugins\/seo\/ -->\n<title>Gdzie na weekend sierpniowy? Tu warto pojecha\u0107 - Blog E-wczasy.pl - Noclegi w Polsce. Atrakcje i porady<\/title>\n<meta name=\"robots\" content=\"index, follow, max-snippet:-1, max-image-preview:large, max-video-preview:-1\" \/>\n<link rel=\"canonical\" href=\"https:\/\/www.e-wczasy.pl\/blog\/gdzie-na-weekend-sierpniowy-tu-warto-pojechac\/\" \/>\n<meta property=\"og:locale\" content=\"pl_PL\" \/>\n<meta property=\"og:type\" content=\"article\" \/>\n<meta property=\"og:title\" content=\"Gdzie na weekend sierpniowy? Tu warto pojecha\u0107 - Blog E-wczasy.pl - Noclegi w Polsce. Atrakcje i porady\" \/>\n<meta property=\"og:description\" content=\"Planuj\u0105c d\u0142ugi weekend sierpniowy, warto zastanowi\u0107 si\u0119 nad wyborem idealnego miejsca na relaks i odpoczynek. W Polsce znajdziemy wiele atrakcyjnych lokalizacji, kt\u00f3re zadowol\u0105 zar\u00f3wno mi\u0142o\u015bnik\u00f3w g\u00f3r, jak i entuzjast\u00f3w nadmorskich krajobraz\u00f3w. W naszym zestawieniu znajdziesz propozycje nocleg\u00f3w na d\u0142ugi weekend w r\u00f3\u017cnych regionach, kt\u00f3re gwarantuj\u0105 komfortowy pobyt oraz liczne atrakcje. Sprawd\u017a, gdzie warto si\u0119 wybra\u0107 [&hellip;]\" \/>\n<meta property=\"og:url\" content=\"https:\/\/www.e-wczasy.pl\/blog\/gdzie-na-weekend-sierpniowy-tu-warto-pojechac\/\" \/>\n<meta property=\"og:site_name\" content=\"Blog E-wczasy.pl - Noclegi w Polsce. Atrakcje i porady\" \/>\n<meta property=\"article:published_time\" content=\"2024-07-22T10:53:19+00:00\" \/>\n<meta property=\"article:modified_time\" content=\"2024-11-07T14:24:34+00:00\" \/>\n<meta property=\"og:image\" content=\"https:\/\/www.e-wczasy.pl\/blog\/wp-content\/uploads\/2024\/07\/weekend-sierpniowy-jpg.avif\" \/>\n\t<meta property=\"og:image:width\" content=\"1501\" \/>\n\t<meta property=\"og:image:height\" content=\"809\" \/>\n\t<meta property=\"og:image:type\" content=\"image\/jpeg\" \/>\n<meta name=\"author\" content=\"Redakcja E-WCZASY\" \/>\n<meta name=\"twitter:card\" content=\"summary_large_image\" \/>\n<meta name=\"twitter:label1\" content=\"Napisane przez\" \/>\n\t<meta name=\"twitter:data1\" content=\"Redakcja E-WCZASY\" \/>\n\t<meta name=\"twitter:label2\" content=\"Szacowany czas czytania\" \/>\n\t<meta name=\"twitter:data2\" content=\"7 minut\" \/>\n<script type=\"application\/ld+json\" class=\"yoast-schema-graph\">{\"@context\":\"https:\/\/schema.org\",\"@graph\":[{\"@type\":\"WebPage\",\"@id\":\"https:\/\/www.e-wczasy.pl\/blog\/gdzie-na-weekend-sierpniowy-tu-warto-pojechac\/\",\"url\":\"https:\/\/www.e-wczasy.pl\/blog\/gdzie-na-weekend-sierpniowy-tu-warto-pojechac\/\",\"name\":\"Gdzie na weekend sierpniowy? Tu warto pojecha\u0107 - Blog E-wczasy.pl - Noclegi w Polsce. Atrakcje i porady\",\"isPartOf\":{\"@id\":\"https:\/\/www.e-wczasy.pl\/blog\/#website\"},\"primaryImageOfPage\":{\"@id\":\"https:\/\/www.e-wczasy.pl\/blog\/gdzie-na-weekend-sierpniowy-tu-warto-pojechac\/#primaryimage\"},\"image\":{\"@id\":\"https:\/\/www.e-wczasy.pl\/blog\/gdzie-na-weekend-sierpniowy-tu-warto-pojechac\/#primaryimage\"},\"thumbnailUrl\":\"https:\/\/www.e-wczasy.pl\/blog\/wp-content\/uploads\/2024\/07\/weekend-sierpniowy-jpg.avif\",\"datePublished\":\"2024-07-22T10:53:19+00:00\",\"dateModified\":\"2024-11-07T14:24:34+00:00\",\"author\":{\"@id\":\"https:\/\/www.e-wczasy.pl\/blog\/#\/schema\/person\/3e339acdf5665ef8e7d483a4c8cc22b9\"},\"breadcrumb\":{\"@id\":\"https:\/\/www.e-wczasy.pl\/blog\/gdzie-na-weekend-sierpniowy-tu-warto-pojechac\/#breadcrumb\"},\"inLanguage\":\"pl-PL\",\"potentialAction\":[{\"@type\":\"ReadAction\",\"target\":[\"https:\/\/www.e-wczasy.pl\/blog\/gdzie-na-weekend-sierpniowy-tu-warto-pojechac\/\"]}]},{\"@type\":\"ImageObject\",\"inLanguage\":\"pl-PL\",\"@id\":\"https:\/\/www.e-wczasy.pl\/blog\/gdzie-na-weekend-sierpniowy-tu-warto-pojechac\/#primaryimage\",\"url\":\"https:\/\/www.e-wczasy.pl\/blog\/wp-content\/uploads\/2024\/07\/weekend-sierpniowy-jpg.avif\",\"contentUrl\":\"https:\/\/www.e-wczasy.pl\/blog\/wp-content\/uploads\/2024\/07\/weekend-sierpniowy-jpg.avif\",\"width\":1501,\"height\":809},{\"@type\":\"BreadcrumbList\",\"@id\":\"https:\/\/www.e-wczasy.pl\/blog\/gdzie-na-weekend-sierpniowy-tu-warto-pojechac\/#breadcrumb\",\"itemListElement\":[{\"@type\":\"ListItem\",\"position\":1,\"name\":\"Strona g\u0142\u00f3wna\",\"item\":\"https:\/\/www.e-wczasy.pl\/blog\/\"},{\"@type\":\"ListItem\",\"position\":2,\"name\":\"Gdzie na weekend sierpniowy? Tu warto pojecha\u0107\"}]},{\"@type\":\"WebSite\",\"@id\":\"https:\/\/www.e-wczasy.pl\/blog\/#website\",\"url\":\"https:\/\/www.e-wczasy.pl\/blog\/\",\"name\":\"Blog E-wczasy.pl - Noclegi w Polsce. Atrakcje i porady\",\"description\":\"\",\"potentialAction\":[{\"@type\":\"SearchAction\",\"target\":{\"@type\":\"EntryPoint\",\"urlTemplate\":\"https:\/\/www.e-wczasy.pl\/blog\/?s={search_term_string}\"},\"query-input\":{\"@type\":\"PropertyValueSpecification\",\"valueRequired\":true,\"valueName\":\"search_term_string\"}}],\"inLanguage\":\"pl-PL\"},{\"@type\":\"Person\",\"@id\":\"https:\/\/www.e-wczasy.pl\/blog\/#\/schema\/person\/3e339acdf5665ef8e7d483a4c8cc22b9\",\"name\":\"Redakcja E-WCZASY\",\"image\":{\"@type\":\"ImageObject\",\"inLanguage\":\"pl-PL\",\"@id\":\"https:\/\/www.e-wczasy.pl\/blog\/#\/schema\/person\/image\/\",\"url\":\"https:\/\/secure.gravatar.com\/avatar\/0ce932598cf333b1cb77ecfa8a846d5c7bb7db403fd658e5ed06fc8eb3dce7cc?s=96&d=mm&r=g\",\"contentUrl\":\"https:\/\/secure.gravatar.com\/avatar\/0ce932598cf333b1cb77ecfa8a846d5c7bb7db403fd658e5ed06fc8eb3dce7cc?s=96&d=mm&r=g\",\"caption\":\"Redakcja E-WCZASY\"},\"url\":\"https:\/\/www.e-wczasy.pl\/blog\/author\/redakcja\/\"}]}<\/script>\n<!-- \/ Yoast SEO plugin. -->","yoast_head_json":{"title":"Gdzie na weekend sierpniowy? Tu warto pojecha\u0107 - Blog E-wczasy.pl - Noclegi w Polsce. Atrakcje i porady","robots":{"index":"index","follow":"follow","max-snippet":"max-snippet:-1","max-image-preview":"max-image-preview:large","max-video-preview":"max-video-preview:-1"},"canonical":"https:\/\/www.e-wczasy.pl\/blog\/gdzie-na-weekend-sierpniowy-tu-warto-pojechac\/","og_locale":"pl_PL","og_type":"article","og_title":"Gdzie na weekend sierpniowy? Tu warto pojecha\u0107 - Blog E-wczasy.pl - Noclegi w Polsce. Atrakcje i porady","og_description":"Planuj\u0105c d\u0142ugi weekend sierpniowy, warto zastanowi\u0107 si\u0119 nad wyborem idealnego miejsca na relaks i odpoczynek. W Polsce znajdziemy wiele atrakcyjnych lokalizacji, kt\u00f3re zadowol\u0105 zar\u00f3wno mi\u0142o\u015bnik\u00f3w g\u00f3r, jak i entuzjast\u00f3w nadmorskich krajobraz\u00f3w. W naszym zestawieniu znajdziesz propozycje nocleg\u00f3w na d\u0142ugi weekend w r\u00f3\u017cnych regionach, kt\u00f3re gwarantuj\u0105 komfortowy pobyt oraz liczne atrakcje. Sprawd\u017a, gdzie warto si\u0119 wybra\u0107 [&hellip;]","og_url":"https:\/\/www.e-wczasy.pl\/blog\/gdzie-na-weekend-sierpniowy-tu-warto-pojechac\/","og_site_name":"Blog E-wczasy.pl - Noclegi w Polsce. Atrakcje i porady","article_published_time":"2024-07-22T10:53:19+00:00","article_modified_time":"2024-11-07T14:24:34+00:00","og_image":[{"width":1501,"height":809,"url":"https:\/\/www.e-wczasy.pl\/blog\/wp-content\/uploads\/2024\/07\/weekend-sierpniowy-jpg.avif","type":"image\/jpeg"}],"author":"Redakcja E-WCZASY","twitter_card":"summary_large_image","twitter_misc":{"Napisane przez":"Redakcja E-WCZASY","Szacowany czas czytania":"7 minut"},"schema":{"@context":"https:\/\/schema.org","@graph":[{"@type":"WebPage","@id":"https:\/\/www.e-wczasy.pl\/blog\/gdzie-na-weekend-sierpniowy-tu-warto-pojechac\/","url":"https:\/\/www.e-wczasy.pl\/blog\/gdzie-na-weekend-sierpniowy-tu-warto-pojechac\/","name":"Gdzie na weekend sierpniowy? Tu warto pojecha\u0107 - Blog E-wczasy.pl - Noclegi w Polsce. Atrakcje i porady","isPartOf":{"@id":"https:\/\/www.e-wczasy.pl\/blog\/#website"},"primaryImageOfPage":{"@id":"https:\/\/www.e-wczasy.pl\/blog\/gdzie-na-weekend-sierpniowy-tu-warto-pojechac\/#primaryimage"},"image":{"@id":"https:\/\/www.e-wczasy.pl\/blog\/gdzie-na-weekend-sierpniowy-tu-warto-pojechac\/#primaryimage"},"thumbnailUrl":"https:\/\/www.e-wczasy.pl\/blog\/wp-content\/uploads\/2024\/07\/weekend-sierpniowy-jpg.avif","datePublished":"2024-07-22T10:53:19+00:00","dateModified":"2024-11-07T14:24:34+00:00","author":{"@id":"https:\/\/www.e-wczasy.pl\/blog\/#\/schema\/person\/3e339acdf5665ef8e7d483a4c8cc22b9"},"breadcrumb":{"@id":"https:\/\/www.e-wczasy.pl\/blog\/gdzie-na-weekend-sierpniowy-tu-warto-pojechac\/#breadcrumb"},"inLanguage":"pl-PL","potentialAction":[{"@type":"ReadAction","target":["https:\/\/www.e-wczasy.pl\/blog\/gdzie-na-weekend-sierpniowy-tu-warto-pojechac\/"]}]},{"@type":"ImageObject","inLanguage":"pl-PL","@id":"https:\/\/www.e-wczasy.pl\/blog\/gdzie-na-weekend-sierpniowy-tu-warto-pojechac\/#primaryimage","url":"https:\/\/www.e-wczasy.pl\/blog\/wp-content\/uploads\/2024\/07\/weekend-sierpniowy-jpg.avif","contentUrl":"https:\/\/www.e-wczasy.pl\/blog\/wp-content\/uploads\/2024\/07\/weekend-sierpniowy-jpg.avif","width":1501,"height":809},{"@type":"BreadcrumbList","@id":"https:\/\/www.e-wczasy.pl\/blog\/gdzie-na-weekend-sierpniowy-tu-warto-pojechac\/#breadcrumb","itemListElement":[{"@type":"ListItem","position":1,"name":"Strona g\u0142\u00f3wna","item":"https:\/\/www.e-wczasy.pl\/blog\/"},{"@type":"ListItem","position":2,"name":"Gdzie na weekend sierpniowy? Tu warto pojecha\u0107"}]},{"@type":"WebSite","@id":"https:\/\/www.e-wczasy.pl\/blog\/#website","url":"https:\/\/www.e-wczasy.pl\/blog\/","name":"Blog E-wczasy.pl - Noclegi w Polsce. Atrakcje i porady","description":"","potentialAction":[{"@type":"SearchAction","target":{"@type":"EntryPoint","urlTemplate":"https:\/\/www.e-wczasy.pl\/blog\/?s={search_term_string}"},"query-input":{"@type":"PropertyValueSpecification","valueRequired":true,"valueName":"search_term_string"}}],"inLanguage":"pl-PL"},{"@type":"Person","@id":"https:\/\/www.e-wczasy.pl\/blog\/#\/schema\/person\/3e339acdf5665ef8e7d483a4c8cc22b9","name":"Redakcja E-WCZASY","image":{"@type":"ImageObject","inLanguage":"pl-PL","@id":"https:\/\/www.e-wczasy.pl\/blog\/#\/schema\/person\/image\/","url":"https:\/\/secure.gravatar.com\/avatar\/0ce932598cf333b1cb77ecfa8a846d5c7bb7db403fd658e5ed06fc8eb3dce7cc?s=96&d=mm&r=g","contentUrl":"https:\/\/secure.gravatar.com\/avatar\/0ce932598cf333b1cb77ecfa8a846d5c7bb7db403fd658e5ed06fc8eb3dce7cc?s=96&d=mm&r=g","caption":"Redakcja E-WCZASY"},"url":"https:\/\/www.e-wczasy.pl\/blog\/author\/redakcja\/"}]}},"modified_by":"Redakcja E-WCZASY","_links":{"self":[{"href":"https:\/\/www.e-wczasy.pl\/blog\/wp-json\/wp\/v2\/posts\/7916","targetHints":{"allow":["GET"]}}],"collection":[{"href":"https:\/\/www.e-wczasy.pl\/blog\/wp-json\/wp\/v2\/posts"}],"about":[{"href":"https:\/\/www.e-wczasy.pl\/blog\/wp-json\/wp\/v2\/types\/post"}],"author":[{"embeddable":true,"href":"https:\/\/www.e-wczasy.pl\/blog\/wp-json\/wp\/v2\/users\/15"}],"replies":[{"embeddable":true,"href":"https:\/\/www.e-wczasy.pl\/blog\/wp-json\/wp\/v2\/comments?post=7916"}],"version-history":[{"count":4,"href":"https:\/\/www.e-wczasy.pl\/blog\/wp-json\/wp\/v2\/posts\/7916\/revisions"}],"predecessor-version":[{"id":7959,"href":"https:\/\/www.e-wczasy.pl\/blog\/wp-json\/wp\/v2\/posts\/7916\/revisions\/7959"}],"wp:featuredmedia":[{"embeddable":true,"href":"https:\/\/www.e-wczasy.pl\/blog\/wp-json\/wp\/v2\/media\/7961"}],"wp:attachment":[{"href":"https:\/\/www.e-wczasy.pl\/blog\/wp-json\/wp\/v2\/media?parent=7916"}],"wp:term":[{"taxonomy":"category","embeddable":true,"href":"https:\/\/www.e-wczasy.pl\/blog\/wp-json\/wp\/v2\/categories?post=7916"},{"taxonomy":"post_tag","embeddable":true,"href":"https:\/\/www.e-wczasy.pl\/blog\/wp-json\/wp\/v2\/tags?post=7916"}],"curies":[{"name":"wp","href":"https:\/\/api.w.org\/{rel}","templated":true}]}}