{"id":6022,"date":"2021-12-02T12:27:41","date_gmt":"2021-12-02T11:27:41","guid":{"rendered":"https:\/\/www.e-wczasy.pl\/blog\/?p=6022"},"modified":"2023-01-03T14:27:30","modified_gmt":"2023-01-03T13:27:30","slug":"ferie-zimowe-2022-terminy","status":"publish","type":"post","link":"https:\/\/www.e-wczasy.pl\/blog\/ferie-zimowe-2022-terminy\/","title":{"rendered":"Ferie Zimowe 2022 &#8211; sprawd\u017a terminy"},"content":{"rendered":"<p>Z pewno\u015bci\u0105 wszystkie szkolne dzieci, nawet te, kt\u00f3re kochaj\u0105 szko\u0142\u0119, wyczekuj\u0105 przerwy w nauce. Na rok 2022 Ministerstwo O\u015bwiaty zapowiedzia\u0142o<strong> ferie zimowe w okre\u015blonych terminach, z podzia\u0142em na wojew\u00f3dztwa.<\/strong> Chcesz dowiedzie\u0107 si\u0119, kiedy twoje dziecko b\u0119dzie mia\u0142o ferie? Przeczytaj nasz artyku\u0142. Poni\u017cej przygotowali\u015bmy wykaz termin\u00f3w ferii zimowych dla poszczeg\u00f3lnych wojew\u00f3dztw. <strong>Sprawd\u017a termin ferii i zaplanuj sw\u00f3j urlop<\/strong><\/p>\n<h2><img fetchpriority=\"high\" decoding=\"async\" class=\"alignnone wp-image-6027 size-large\" src=\"https:\/\/www.e-wczasy.pl\/blog\/wp-content\/uploads\/2021\/11\/skiing-g6c9d9a5c1_1920-1024x683.jpg\" alt=\"Dziewczynka na stoku narciarskim\" width=\"696\" height=\"464\" srcset=\"https:\/\/www.e-wczasy.pl\/blog\/wp-content\/uploads\/2021\/11\/skiing-g6c9d9a5c1_1920-1024x683.jpg 1024w, https:\/\/www.e-wczasy.pl\/blog\/wp-content\/uploads\/2021\/11\/skiing-g6c9d9a5c1_1920-300x200.jpg 300w, https:\/\/www.e-wczasy.pl\/blog\/wp-content\/uploads\/2021\/11\/skiing-g6c9d9a5c1_1920-768x512.jpg 768w, https:\/\/www.e-wczasy.pl\/blog\/wp-content\/uploads\/2021\/11\/skiing-g6c9d9a5c1_1920-1536x1024.jpg 1536w, https:\/\/www.e-wczasy.pl\/blog\/wp-content\/uploads\/2021\/11\/skiing-g6c9d9a5c1_1920.jpg 1920w\" sizes=\"(max-width: 696px) 100vw, 696px\" \/><\/h2>\n<h2>Ferie w Polsce, kiedy?<\/h2>\n<p><strong>Pierwszy termin od\u00a017\u201330 stycznia\u00a02022<\/strong> obowi\u0105zuje dla 5 wojew\u00f3dztw:<br \/>\nkujawsko-pomorskiego, lubuskiego, ma\u0142opolskiego, \u015bwi\u0119tokrzyskiego, oraz wielkopolskiego<br \/>\n<strong>Drugi termin od 24 stycznia &#8211; 6 lutego 2022 roku<\/strong> obowi\u0105zuje dla 2 Wojew\u00f3dztw:<br \/>\npodlaskiego i warmi\u0144sko-mazurskiego<br \/>\n<strong>Trzeci termin Od 31 stycznia do 13 Lutego 2022<\/strong><br \/>\nJako trzecie feriami b\u0119d\u0105 si\u0119 dzieci w wojew\u00f3dztwa dolno\u015bl\u0105skiego, mazowieckiego, opolskiego i zachodniopomorskiego.<br \/>\n<strong>Czwarty termin od 14 do 27 lutego 2022 roku<\/strong><br \/>\nFerie zimowe odb\u0119d\u0105 si\u0119 w nast\u0119puj\u0105cych wojew\u00f3dztwach: lubelskim, \u0142\u00f3dzkim, podkarpackim, pomorskim i\u00a0\u015bl\u0105skim.<\/p>\n<p>W sumie ca\u0142y okres ferii zimowych potrwa w Polsce prawie 2 miesi\u0105ce. Dla ka\u017cdego wojew\u00f3dztwa zaplanowano 14 dni wolnych od nauki. Przypominamy, \u017ce w ubieg\u0142ym roku dzieci w ca\u0142ej Polsce mia\u0142y ferie tylko w 1 terminie. Na szcz\u0119\u015bcie powoli wszystko wraca do normy. Zaplanuj ferie 2022 i spraw dzieciom rado\u015b\u0107.<\/p>\n<h2><img decoding=\"async\" class=\"alignnone wp-image-4193 size-full\" src=\"https:\/\/www.e-wczasy.pl\/blog\/wp-content\/uploads\/2019\/11\/AdobeStock_198515475-e1574941474834.jpeg\" alt=\"wioska g\u00f3ralska zim\u0105\" width=\"1200\" height=\"800\" \/><\/h2>\n<h2>Gdzie na ferie zimowe?<\/h2>\n<p>Aby dobrze zaplanowa\u0107 ten czas warto zastanowi\u0107 si\u0119 jak go sp\u0119dzi\u0107 oraz gdzie pojecha\u0107.<br \/>\nWiele os\u00f3b planuje sp\u0119dzi\u0107<strong> ferie w g\u00f3rach, na nartach<\/strong>. Polskie g\u00f3ry to najpopularniejszy kierunek podr\u00f3\u017cy Polak\u00f3w. Du\u017cym zainteresowaniem ciesz\u0105 si\u0119 <a href=\"https:\/\/www.e-wczasy.pl\/noclegi\/w-gorach\/blisko-wyciagu\">noclegi blisko stoku.<\/a> Niekt\u00f3rzy planuj\u0105 wykorzysta\u0107<strong> Bon turystyczny.<\/strong> Je\u015bli szukasz nocleg\u00f3w z bonem turystycznym, przypominamy, \u017ce wg. ostatnich ustale\u0144 Ministerstwa Finans\u00f3w Bon turystyczny mo\u017cesz zrealizowa\u0107 do wrze\u015bnia 2022r. <a href=\"https:\/\/www.e-wczasy.pl\/noclegi\/w-gorach\">Noclegi w g\u00f3rach<\/a> ciesz\u0105 si\u0119 zdecydowanie wi\u0119kszym powodzeniem w okresie zimowym ni\u017c jesiennym. Dla g\u00f3rali zima to pe\u0142nia sezonu turystycznego.\u00a0 Dlatego fakt, \u017ce terminy ferii zimowych zosta\u0142 podzielone na wojew\u00f3dztwa pozwala roz\u0142adowa\u0107 ruch na szlakach turystycznych i wyci\u0105gach narciarskich. Miejscowo\u015bci\u00a0 narciarskich jest bardzo wiele, zobacz nasz <a href=\"https:\/\/www.e-wczasy.pl\/blog\/gdzie-na-narty-w-polsce-top-10\/\">TOP 10 miejscowo\u015bci na narty<\/a> w Polsce i zaplanuj ferie z g\u0142ow\u0105!<\/p>\n","protected":false},"excerpt":{"rendered":"<p>Z pewno\u015bci\u0105 wszystkie szkolne dzieci, nawet te, kt\u00f3re kochaj\u0105 szko\u0142\u0119, wyczekuj\u0105 przerwy w nauce. Na rok 2022 Ministerstwo O\u015bwiaty zapowiedzia\u0142o ferie zimowe w okre\u015blonych terminach, z podzia\u0142em na wojew\u00f3dztwa. Chcesz dowiedzie\u0107 si\u0119, kiedy twoje dziecko b\u0119dzie mia\u0142o ferie? Przeczytaj nasz artyku\u0142. Poni\u017cej przygotowali\u015bmy wykaz termin\u00f3w ferii zimowych dla poszczeg\u00f3lnych wojew\u00f3dztw. Sprawd\u017a termin ferii i zaplanuj [&hellip;]<\/p>\n","protected":false},"author":7,"featured_media":6043,"comment_status":"closed","ping_status":"closed","sticky":false,"template":"","format":"standard","meta":{"_lmt_disableupdate":"","_lmt_disable":"","footnotes":""},"categories":[1],"tags":[],"class_list":{"0":"post-6022","1":"post","2":"type-post","3":"status-publish","4":"format-standard","5":"has-post-thumbnail","7":"category-ciekawostki"},"yoast_head":"<!-- This site is optimized with the Yoast SEO plugin v26.1.1 - https:\/\/yoast.com\/wordpress\/plugins\/seo\/ -->\n<title>Ferie Zimowe 2022 - sprawd\u017a terminy - Blog E-wczasy.pl - Noclegi w Polsce. Atrakcje i porady<\/title>\n<meta name=\"description\" content=\"Zobacz daty ferii zimowych dla poszczeg\u00f3lnych wojew\u00f3dztw w 2022r.\" \/>\n<meta name=\"robots\" content=\"index, follow, max-snippet:-1, max-image-preview:large, max-video-preview:-1\" \/>\n<link rel=\"canonical\" href=\"https:\/\/www.e-wczasy.pl\/blog\/ferie-zimowe-2022-terminy\/\" \/>\n<meta property=\"og:locale\" content=\"pl_PL\" \/>\n<meta property=\"og:type\" content=\"article\" \/>\n<meta property=\"og:title\" content=\"Ferie Zimowe 2022 - sprawd\u017a terminy - Blog E-wczasy.pl - Noclegi w Polsce. Atrakcje i porady\" \/>\n<meta property=\"og:description\" content=\"Zobacz daty ferii zimowych dla poszczeg\u00f3lnych wojew\u00f3dztw w 2022r.\" \/>\n<meta property=\"og:url\" content=\"https:\/\/www.e-wczasy.pl\/blog\/ferie-zimowe-2022-terminy\/\" \/>\n<meta property=\"og:site_name\" content=\"Blog E-wczasy.pl - Noclegi w Polsce. Atrakcje i porady\" \/>\n<meta property=\"article:published_time\" content=\"2021-12-02T11:27:41+00:00\" \/>\n<meta property=\"article:modified_time\" content=\"2023-01-03T13:27:30+00:00\" \/>\n<meta property=\"og:image\" content=\"https:\/\/www.e-wczasy.pl\/blog\/wp-content\/uploads\/2021\/12\/ferie-zimowe-2022-1280px.jpg\" \/>\n\t<meta property=\"og:image:width\" content=\"1280\" \/>\n\t<meta property=\"og:image:height\" content=\"853\" \/>\n\t<meta property=\"og:image:type\" content=\"image\/jpeg\" \/>\n<meta name=\"author\" content=\"Sara Pola\u0144ska\" \/>\n<meta name=\"twitter:card\" content=\"summary_large_image\" \/>\n<meta name=\"twitter:label1\" content=\"Napisane przez\" \/>\n\t<meta name=\"twitter:data1\" content=\"Sara Pola\u0144ska\" \/>\n\t<meta name=\"twitter:label2\" content=\"Szacowany czas czytania\" \/>\n\t<meta name=\"twitter:data2\" content=\"2 minuty\" \/>\n<script type=\"application\/ld+json\" class=\"yoast-schema-graph\">{\"@context\":\"https:\/\/schema.org\",\"@graph\":[{\"@type\":\"WebPage\",\"@id\":\"https:\/\/www.e-wczasy.pl\/blog\/ferie-zimowe-2022-terminy\/\",\"url\":\"https:\/\/www.e-wczasy.pl\/blog\/ferie-zimowe-2022-terminy\/\",\"name\":\"Ferie Zimowe 2022 - sprawd\u017a terminy - Blog E-wczasy.pl - Noclegi w Polsce. Atrakcje i porady\",\"isPartOf\":{\"@id\":\"https:\/\/www.e-wczasy.pl\/blog\/#website\"},\"primaryImageOfPage\":{\"@id\":\"https:\/\/www.e-wczasy.pl\/blog\/ferie-zimowe-2022-terminy\/#primaryimage\"},\"image\":{\"@id\":\"https:\/\/www.e-wczasy.pl\/blog\/ferie-zimowe-2022-terminy\/#primaryimage\"},\"thumbnailUrl\":\"https:\/\/www.e-wczasy.pl\/blog\/wp-content\/uploads\/2021\/12\/ferie-zimowe-2022-1280px.jpg\",\"datePublished\":\"2021-12-02T11:27:41+00:00\",\"dateModified\":\"2023-01-03T13:27:30+00:00\",\"author\":{\"@id\":\"https:\/\/www.e-wczasy.pl\/blog\/#\/schema\/person\/b7d33a11266022788311b3aa4ae90303\"},\"description\":\"Zobacz daty ferii zimowych dla poszczeg\u00f3lnych wojew\u00f3dztw w 2022r.\",\"breadcrumb\":{\"@id\":\"https:\/\/www.e-wczasy.pl\/blog\/ferie-zimowe-2022-terminy\/#breadcrumb\"},\"inLanguage\":\"pl-PL\",\"potentialAction\":[{\"@type\":\"ReadAction\",\"target\":[\"https:\/\/www.e-wczasy.pl\/blog\/ferie-zimowe-2022-terminy\/\"]}]},{\"@type\":\"ImageObject\",\"inLanguage\":\"pl-PL\",\"@id\":\"https:\/\/www.e-wczasy.pl\/blog\/ferie-zimowe-2022-terminy\/#primaryimage\",\"url\":\"https:\/\/www.e-wczasy.pl\/blog\/wp-content\/uploads\/2021\/12\/ferie-zimowe-2022-1280px.jpg\",\"contentUrl\":\"https:\/\/www.e-wczasy.pl\/blog\/wp-content\/uploads\/2021\/12\/ferie-zimowe-2022-1280px.jpg\",\"width\":1280,\"height\":853,\"caption\":\"Kalendarz ferii zimowych w 2022\"},{\"@type\":\"BreadcrumbList\",\"@id\":\"https:\/\/www.e-wczasy.pl\/blog\/ferie-zimowe-2022-terminy\/#breadcrumb\",\"itemListElement\":[{\"@type\":\"ListItem\",\"position\":1,\"name\":\"Strona g\u0142\u00f3wna\",\"item\":\"https:\/\/www.e-wczasy.pl\/blog\/\"},{\"@type\":\"ListItem\",\"position\":2,\"name\":\"Ferie Zimowe 2022 &#8211; sprawd\u017a terminy\"}]},{\"@type\":\"WebSite\",\"@id\":\"https:\/\/www.e-wczasy.pl\/blog\/#website\",\"url\":\"https:\/\/www.e-wczasy.pl\/blog\/\",\"name\":\"Blog E-wczasy.pl - Noclegi w Polsce. Atrakcje i porady\",\"description\":\"\",\"potentialAction\":[{\"@type\":\"SearchAction\",\"target\":{\"@type\":\"EntryPoint\",\"urlTemplate\":\"https:\/\/www.e-wczasy.pl\/blog\/?s={search_term_string}\"},\"query-input\":{\"@type\":\"PropertyValueSpecification\",\"valueRequired\":true,\"valueName\":\"search_term_string\"}}],\"inLanguage\":\"pl-PL\"},{\"@type\":\"Person\",\"@id\":\"https:\/\/www.e-wczasy.pl\/blog\/#\/schema\/person\/b7d33a11266022788311b3aa4ae90303\",\"name\":\"Sara Pola\u0144ska\",\"image\":{\"@type\":\"ImageObject\",\"inLanguage\":\"pl-PL\",\"@id\":\"https:\/\/www.e-wczasy.pl\/blog\/#\/schema\/person\/image\/\",\"url\":\"https:\/\/secure.gravatar.com\/avatar\/31f74aafcb294f70000ab5d770bee2d609907b0ec92bc58a06d9ef68a5ba7238?s=96&d=mm&r=g\",\"contentUrl\":\"https:\/\/secure.gravatar.com\/avatar\/31f74aafcb294f70000ab5d770bee2d609907b0ec92bc58a06d9ef68a5ba7238?s=96&d=mm&r=g\",\"caption\":\"Sara Pola\u0144ska\"},\"description\":\"Niepoprawna optymistka i mi\u0142o\u015bniczka sielskich polskich krajobraz\u00f3w. Lubi poznawa\u0107 nowe miejsca ale przede wszystkim ludzi. Od wielu lat zwi\u0105zana z e-wczasy.pl gdzie przekuwa swoje zainteresowania i osobowo\u015b\u0107 na budowanie relacji z klientami a swoim do\u015bwiadczeniem pomaga im podejmowa\u0107 m\u0105dre decyzje biznesowe. Prywatnie r\u00f3wnie\u017c super mama, pasjonatka historii a tak\u017ce ratownik medyczny i WOPR\",\"url\":\"https:\/\/www.e-wczasy.pl\/blog\/author\/sara\/\"}]}<\/script>\n<!-- \/ Yoast SEO plugin. -->","yoast_head_json":{"title":"Ferie Zimowe 2022 - sprawd\u017a terminy - Blog E-wczasy.pl - Noclegi w Polsce. Atrakcje i porady","description":"Zobacz daty ferii zimowych dla poszczeg\u00f3lnych wojew\u00f3dztw w 2022r.","robots":{"index":"index","follow":"follow","max-snippet":"max-snippet:-1","max-image-preview":"max-image-preview:large","max-video-preview":"max-video-preview:-1"},"canonical":"https:\/\/www.e-wczasy.pl\/blog\/ferie-zimowe-2022-terminy\/","og_locale":"pl_PL","og_type":"article","og_title":"Ferie Zimowe 2022 - sprawd\u017a terminy - Blog E-wczasy.pl - Noclegi w Polsce. Atrakcje i porady","og_description":"Zobacz daty ferii zimowych dla poszczeg\u00f3lnych wojew\u00f3dztw w 2022r.","og_url":"https:\/\/www.e-wczasy.pl\/blog\/ferie-zimowe-2022-terminy\/","og_site_name":"Blog E-wczasy.pl - Noclegi w Polsce. Atrakcje i porady","article_published_time":"2021-12-02T11:27:41+00:00","article_modified_time":"2023-01-03T13:27:30+00:00","og_image":[{"width":1280,"height":853,"url":"https:\/\/www.e-wczasy.pl\/blog\/wp-content\/uploads\/2021\/12\/ferie-zimowe-2022-1280px.jpg","type":"image\/jpeg"}],"author":"Sara Pola\u0144ska","twitter_card":"summary_large_image","twitter_misc":{"Napisane przez":"Sara Pola\u0144ska","Szacowany czas czytania":"2 minuty"},"schema":{"@context":"https:\/\/schema.org","@graph":[{"@type":"WebPage","@id":"https:\/\/www.e-wczasy.pl\/blog\/ferie-zimowe-2022-terminy\/","url":"https:\/\/www.e-wczasy.pl\/blog\/ferie-zimowe-2022-terminy\/","name":"Ferie Zimowe 2022 - sprawd\u017a terminy - Blog E-wczasy.pl - Noclegi w Polsce. Atrakcje i porady","isPartOf":{"@id":"https:\/\/www.e-wczasy.pl\/blog\/#website"},"primaryImageOfPage":{"@id":"https:\/\/www.e-wczasy.pl\/blog\/ferie-zimowe-2022-terminy\/#primaryimage"},"image":{"@id":"https:\/\/www.e-wczasy.pl\/blog\/ferie-zimowe-2022-terminy\/#primaryimage"},"thumbnailUrl":"https:\/\/www.e-wczasy.pl\/blog\/wp-content\/uploads\/2021\/12\/ferie-zimowe-2022-1280px.jpg","datePublished":"2021-12-02T11:27:41+00:00","dateModified":"2023-01-03T13:27:30+00:00","author":{"@id":"https:\/\/www.e-wczasy.pl\/blog\/#\/schema\/person\/b7d33a11266022788311b3aa4ae90303"},"description":"Zobacz daty ferii zimowych dla poszczeg\u00f3lnych wojew\u00f3dztw w 2022r.","breadcrumb":{"@id":"https:\/\/www.e-wczasy.pl\/blog\/ferie-zimowe-2022-terminy\/#breadcrumb"},"inLanguage":"pl-PL","potentialAction":[{"@type":"ReadAction","target":["https:\/\/www.e-wczasy.pl\/blog\/ferie-zimowe-2022-terminy\/"]}]},{"@type":"ImageObject","inLanguage":"pl-PL","@id":"https:\/\/www.e-wczasy.pl\/blog\/ferie-zimowe-2022-terminy\/#primaryimage","url":"https:\/\/www.e-wczasy.pl\/blog\/wp-content\/uploads\/2021\/12\/ferie-zimowe-2022-1280px.jpg","contentUrl":"https:\/\/www.e-wczasy.pl\/blog\/wp-content\/uploads\/2021\/12\/ferie-zimowe-2022-1280px.jpg","width":1280,"height":853,"caption":"Kalendarz ferii zimowych w 2022"},{"@type":"BreadcrumbList","@id":"https:\/\/www.e-wczasy.pl\/blog\/ferie-zimowe-2022-terminy\/#breadcrumb","itemListElement":[{"@type":"ListItem","position":1,"name":"Strona g\u0142\u00f3wna","item":"https:\/\/www.e-wczasy.pl\/blog\/"},{"@type":"ListItem","position":2,"name":"Ferie Zimowe 2022 &#8211; sprawd\u017a terminy"}]},{"@type":"WebSite","@id":"https:\/\/www.e-wczasy.pl\/blog\/#website","url":"https:\/\/www.e-wczasy.pl\/blog\/","name":"Blog E-wczasy.pl - Noclegi w Polsce. Atrakcje i porady","description":"","potentialAction":[{"@type":"SearchAction","target":{"@type":"EntryPoint","urlTemplate":"https:\/\/www.e-wczasy.pl\/blog\/?s={search_term_string}"},"query-input":{"@type":"PropertyValueSpecification","valueRequired":true,"valueName":"search_term_string"}}],"inLanguage":"pl-PL"},{"@type":"Person","@id":"https:\/\/www.e-wczasy.pl\/blog\/#\/schema\/person\/b7d33a11266022788311b3aa4ae90303","name":"Sara Pola\u0144ska","image":{"@type":"ImageObject","inLanguage":"pl-PL","@id":"https:\/\/www.e-wczasy.pl\/blog\/#\/schema\/person\/image\/","url":"https:\/\/secure.gravatar.com\/avatar\/31f74aafcb294f70000ab5d770bee2d609907b0ec92bc58a06d9ef68a5ba7238?s=96&d=mm&r=g","contentUrl":"https:\/\/secure.gravatar.com\/avatar\/31f74aafcb294f70000ab5d770bee2d609907b0ec92bc58a06d9ef68a5ba7238?s=96&d=mm&r=g","caption":"Sara Pola\u0144ska"},"description":"Niepoprawna optymistka i mi\u0142o\u015bniczka sielskich polskich krajobraz\u00f3w. Lubi poznawa\u0107 nowe miejsca ale przede wszystkim ludzi. Od wielu lat zwi\u0105zana z e-wczasy.pl gdzie przekuwa swoje zainteresowania i osobowo\u015b\u0107 na budowanie relacji z klientami a swoim do\u015bwiadczeniem pomaga im podejmowa\u0107 m\u0105dre decyzje biznesowe. Prywatnie r\u00f3wnie\u017c super mama, pasjonatka historii a tak\u017ce ratownik medyczny i WOPR","url":"https:\/\/www.e-wczasy.pl\/blog\/author\/sara\/"}]}},"modified_by":"Redakcja E-WCZASY","_links":{"self":[{"href":"https:\/\/www.e-wczasy.pl\/blog\/wp-json\/wp\/v2\/posts\/6022","targetHints":{"allow":["GET"]}}],"collection":[{"href":"https:\/\/www.e-wczasy.pl\/blog\/wp-json\/wp\/v2\/posts"}],"about":[{"href":"https:\/\/www.e-wczasy.pl\/blog\/wp-json\/wp\/v2\/types\/post"}],"author":[{"embeddable":true,"href":"https:\/\/www.e-wczasy.pl\/blog\/wp-json\/wp\/v2\/users\/7"}],"replies":[{"embeddable":true,"href":"https:\/\/www.e-wczasy.pl\/blog\/wp-json\/wp\/v2\/comments?post=6022"}],"version-history":[{"count":11,"href":"https:\/\/www.e-wczasy.pl\/blog\/wp-json\/wp\/v2\/posts\/6022\/revisions"}],"predecessor-version":[{"id":6044,"href":"https:\/\/www.e-wczasy.pl\/blog\/wp-json\/wp\/v2\/posts\/6022\/revisions\/6044"}],"wp:featuredmedia":[{"embeddable":true,"href":"https:\/\/www.e-wczasy.pl\/blog\/wp-json\/wp\/v2\/media\/6043"}],"wp:attachment":[{"href":"https:\/\/www.e-wczasy.pl\/blog\/wp-json\/wp\/v2\/media?parent=6022"}],"wp:term":[{"taxonomy":"category","embeddable":true,"href":"https:\/\/www.e-wczasy.pl\/blog\/wp-json\/wp\/v2\/categories?post=6022"},{"taxonomy":"post_tag","embeddable":true,"href":"https:\/\/www.e-wczasy.pl\/blog\/wp-json\/wp\/v2\/tags?post=6022"}],"curies":[{"name":"wp","href":"https:\/\/api.w.org\/{rel}","templated":true}]}}