{"id":5714,"date":"2020-12-17T15:58:47","date_gmt":"2020-12-17T14:58:47","guid":{"rendered":"https:\/\/www.e-wczasy.pl\/blog\/?p=5714"},"modified":"2020-12-17T16:49:36","modified_gmt":"2020-12-17T15:49:36","slug":"narodowa-kwarantanna-noclegi-i-stoki-narciarskie-zamkniete","status":"publish","type":"post","link":"https:\/\/www.e-wczasy.pl\/blog\/narodowa-kwarantanna-noclegi-i-stoki-narciarskie-zamkniete\/","title":{"rendered":"Narodowa Kwarantanna noclegi i stoki narciarskie zamkni\u0119te."},"content":{"rendered":"<p><span style=\"font-weight: 400;\">W czwartek 17.12.2020r. Minister Zdrowia Adam Niedzielski na zwo\u0142anej konferencji prasowej og\u0142osi\u0142 wprowadzenie narodowej kwarantanny, kt\u00f3ra wejdzie w \u017cycie z dniem 28.12.2020r. <\/span><\/p>\n<h1><span style=\"font-weight: 400;\">Narodowa kwarantanna co z noclegami?\u00a0<\/span><\/h1>\n<p><span style=\"font-weight: 400;\">Hotele i obiekty\u00a0 noclegowe na terenie ca\u0142ej Polski musz\u0105 zosta\u0107 zamkni\u0119te do 17.01.2021r. <\/span><span style=\"font-weight: 400;\">Nie mog\u0105 one r\u00f3wnie\u017c realizowa\u0107 pobyt\u00f3w s\u0142u\u017cbowych.\u00a0<\/span><\/p>\n<h1><span style=\"font-weight: 400;\">Kwarantanna narodowa co z turystyk\u0105?\u00a0<\/span><\/h1>\n<p>Obostrzenia zwi\u0105zane z kwarantann\u0105 narodow\u0105 wchodz\u0105 w \u017cycie 28. grudnia 2020r.\u00a0<span style=\"font-weight: 400;\">W okresie Sylwestrowym Rz\u0105d planuje wprowadzi\u0107 zakaz przemieszczania si\u0119 obowi\u0105zuj\u0105cy od 31grudna 2020 do 01.stycznia 2021 od godz. 19:00 do 6:00 rano.\u00a0<\/span><\/p>\n<p><span style=\"font-weight: 400;\">Ferie zimowe uczniowie i ich rodzice b\u0119d\u0105 musieli sp\u0119dzi\u0107 w domu.\u00a0<\/span><span style=\"font-weight: 400;\">Stoki narciarskie i stacje narciarskie zostan\u0105 zamkni\u0119te.\u00a0<\/span><\/p>\n<p>Niestety sprawdzi\u0142y si\u0119 czarne scenariusze. Bran\u017ca noclegowa i turystyczna a tak\u017ce rozrywkowa po raz kolejny znalaz\u0142a si\u0119 w patowej sytuacji. Jak wyja\u015bni\u0142 Adam Niedzielski Minister Zdrowia &#8211; w obostrzeniach chodzi o to, \u017ceby jak najwi\u0119cej Polak\u00f3w pozosta\u0142o zdrowych i mog\u0142o zosta\u0107 zaszczepionych przeciwko Covid-19.<\/p>\n<p>&nbsp;<\/p>\n","protected":false},"excerpt":{"rendered":"<p>W czwartek 17.12.2020r. Minister Zdrowia Adam Niedzielski na zwo\u0142anej konferencji prasowej og\u0142osi\u0142 wprowadzenie narodowej kwarantanny, kt\u00f3ra wejdzie w \u017cycie z dniem 28.12.2020r. Narodowa kwarantanna co z noclegami?\u00a0 Hotele i obiekty\u00a0 noclegowe na terenie ca\u0142ej Polski musz\u0105 zosta\u0107 zamkni\u0119te do 17.01.2021r. Nie mog\u0105 one r\u00f3wnie\u017c realizowa\u0107 pobyt\u00f3w s\u0142u\u017cbowych.\u00a0 Kwarantanna narodowa co z turystyk\u0105?\u00a0 Obostrzenia zwi\u0105zane z [&hellip;]<\/p>\n","protected":false},"author":7,"featured_media":5716,"comment_status":"closed","ping_status":"closed","sticky":false,"template":"","format":"standard","meta":{"_lmt_disableupdate":"","_lmt_disable":"","footnotes":""},"categories":[58],"tags":[],"class_list":{"0":"post-5714","1":"post","2":"type-post","3":"status-publish","4":"format-standard","5":"has-post-thumbnail","7":"category-biznes-w-turystyce"},"yoast_head":"<!-- This site is optimized with the Yoast SEO plugin v26.1.1 - https:\/\/yoast.com\/wordpress\/plugins\/seo\/ -->\n<title>Narodowa Kwarantanna noclegi i stoki narciarskie zamkni\u0119te. - Blog E-wczasy.pl - Noclegi w Polsce. Atrakcje i porady<\/title>\n<meta name=\"description\" content=\"Szczeg\u00f3ly kwarantanny narodowej Co z noclegami? Hotele i obiekty noclegowe b\u0119d\u0105 zamkni\u0119te do17.01.2021 Zakaz przemieszczania si\u0119 w Sylwestra.\" \/>\n<meta name=\"robots\" content=\"index, follow, max-snippet:-1, max-image-preview:large, max-video-preview:-1\" \/>\n<link rel=\"canonical\" href=\"https:\/\/www.e-wczasy.pl\/blog\/narodowa-kwarantanna-noclegi-i-stoki-narciarskie-zamkniete\/\" \/>\n<meta property=\"og:locale\" content=\"pl_PL\" \/>\n<meta property=\"og:type\" content=\"article\" \/>\n<meta property=\"og:title\" content=\"Narodowa Kwarantanna noclegi i stoki narciarskie zamkni\u0119te. - Blog E-wczasy.pl - Noclegi w Polsce. Atrakcje i porady\" \/>\n<meta property=\"og:description\" content=\"Szczeg\u00f3ly kwarantanny narodowej Co z noclegami? Hotele i obiekty noclegowe b\u0119d\u0105 zamkni\u0119te do17.01.2021 Zakaz przemieszczania si\u0119 w Sylwestra.\" \/>\n<meta property=\"og:url\" content=\"https:\/\/www.e-wczasy.pl\/blog\/narodowa-kwarantanna-noclegi-i-stoki-narciarskie-zamkniete\/\" \/>\n<meta property=\"og:site_name\" content=\"Blog E-wczasy.pl - Noclegi w Polsce. Atrakcje i porady\" \/>\n<meta property=\"article:published_time\" content=\"2020-12-17T14:58:47+00:00\" \/>\n<meta property=\"article:modified_time\" content=\"2020-12-17T15:49:36+00:00\" \/>\n<meta property=\"og:image\" content=\"https:\/\/www.e-wczasy.pl\/blog\/wp-content\/uploads\/2020\/12\/PILNE-Ograniczenia.jpg\" \/>\n\t<meta property=\"og:image:width\" content=\"1280\" \/>\n\t<meta property=\"og:image:height\" content=\"720\" \/>\n\t<meta property=\"og:image:type\" content=\"image\/jpeg\" \/>\n<meta name=\"author\" content=\"Sara Pola\u0144ska\" \/>\n<meta name=\"twitter:card\" content=\"summary_large_image\" \/>\n<meta name=\"twitter:label1\" content=\"Napisane przez\" \/>\n\t<meta name=\"twitter:data1\" content=\"Sara Pola\u0144ska\" \/>\n\t<meta name=\"twitter:label2\" content=\"Szacowany czas czytania\" \/>\n\t<meta name=\"twitter:data2\" content=\"1 minuta\" \/>\n<script type=\"application\/ld+json\" class=\"yoast-schema-graph\">{\"@context\":\"https:\/\/schema.org\",\"@graph\":[{\"@type\":\"WebPage\",\"@id\":\"https:\/\/www.e-wczasy.pl\/blog\/narodowa-kwarantanna-noclegi-i-stoki-narciarskie-zamkniete\/\",\"url\":\"https:\/\/www.e-wczasy.pl\/blog\/narodowa-kwarantanna-noclegi-i-stoki-narciarskie-zamkniete\/\",\"name\":\"Narodowa Kwarantanna noclegi i stoki narciarskie zamkni\u0119te. - Blog E-wczasy.pl - Noclegi w Polsce. Atrakcje i porady\",\"isPartOf\":{\"@id\":\"https:\/\/www.e-wczasy.pl\/blog\/#website\"},\"primaryImageOfPage\":{\"@id\":\"https:\/\/www.e-wczasy.pl\/blog\/narodowa-kwarantanna-noclegi-i-stoki-narciarskie-zamkniete\/#primaryimage\"},\"image\":{\"@id\":\"https:\/\/www.e-wczasy.pl\/blog\/narodowa-kwarantanna-noclegi-i-stoki-narciarskie-zamkniete\/#primaryimage\"},\"thumbnailUrl\":\"https:\/\/www.e-wczasy.pl\/blog\/wp-content\/uploads\/2020\/12\/PILNE-Ograniczenia.jpg\",\"datePublished\":\"2020-12-17T14:58:47+00:00\",\"dateModified\":\"2020-12-17T15:49:36+00:00\",\"author\":{\"@id\":\"https:\/\/www.e-wczasy.pl\/blog\/#\/schema\/person\/b7d33a11266022788311b3aa4ae90303\"},\"description\":\"Szczeg\u00f3ly kwarantanny narodowej Co z noclegami? Hotele i obiekty noclegowe b\u0119d\u0105 zamkni\u0119te do17.01.2021 Zakaz przemieszczania si\u0119 w Sylwestra.\",\"breadcrumb\":{\"@id\":\"https:\/\/www.e-wczasy.pl\/blog\/narodowa-kwarantanna-noclegi-i-stoki-narciarskie-zamkniete\/#breadcrumb\"},\"inLanguage\":\"pl-PL\",\"potentialAction\":[{\"@type\":\"ReadAction\",\"target\":[\"https:\/\/www.e-wczasy.pl\/blog\/narodowa-kwarantanna-noclegi-i-stoki-narciarskie-zamkniete\/\"]}]},{\"@type\":\"ImageObject\",\"inLanguage\":\"pl-PL\",\"@id\":\"https:\/\/www.e-wczasy.pl\/blog\/narodowa-kwarantanna-noclegi-i-stoki-narciarskie-zamkniete\/#primaryimage\",\"url\":\"https:\/\/www.e-wczasy.pl\/blog\/wp-content\/uploads\/2020\/12\/PILNE-Ograniczenia.jpg\",\"contentUrl\":\"https:\/\/www.e-wczasy.pl\/blog\/wp-content\/uploads\/2020\/12\/PILNE-Ograniczenia.jpg\",\"width\":1280,\"height\":720,\"caption\":\"Kwarantanna. Ograniczenia dla hoteli\"},{\"@type\":\"BreadcrumbList\",\"@id\":\"https:\/\/www.e-wczasy.pl\/blog\/narodowa-kwarantanna-noclegi-i-stoki-narciarskie-zamkniete\/#breadcrumb\",\"itemListElement\":[{\"@type\":\"ListItem\",\"position\":1,\"name\":\"Strona g\u0142\u00f3wna\",\"item\":\"https:\/\/www.e-wczasy.pl\/blog\/\"},{\"@type\":\"ListItem\",\"position\":2,\"name\":\"Narodowa Kwarantanna noclegi i stoki narciarskie zamkni\u0119te.\"}]},{\"@type\":\"WebSite\",\"@id\":\"https:\/\/www.e-wczasy.pl\/blog\/#website\",\"url\":\"https:\/\/www.e-wczasy.pl\/blog\/\",\"name\":\"Blog E-wczasy.pl - Noclegi w Polsce. Atrakcje i porady\",\"description\":\"\",\"potentialAction\":[{\"@type\":\"SearchAction\",\"target\":{\"@type\":\"EntryPoint\",\"urlTemplate\":\"https:\/\/www.e-wczasy.pl\/blog\/?s={search_term_string}\"},\"query-input\":{\"@type\":\"PropertyValueSpecification\",\"valueRequired\":true,\"valueName\":\"search_term_string\"}}],\"inLanguage\":\"pl-PL\"},{\"@type\":\"Person\",\"@id\":\"https:\/\/www.e-wczasy.pl\/blog\/#\/schema\/person\/b7d33a11266022788311b3aa4ae90303\",\"name\":\"Sara Pola\u0144ska\",\"image\":{\"@type\":\"ImageObject\",\"inLanguage\":\"pl-PL\",\"@id\":\"https:\/\/www.e-wczasy.pl\/blog\/#\/schema\/person\/image\/\",\"url\":\"https:\/\/secure.gravatar.com\/avatar\/31f74aafcb294f70000ab5d770bee2d609907b0ec92bc58a06d9ef68a5ba7238?s=96&d=mm&r=g\",\"contentUrl\":\"https:\/\/secure.gravatar.com\/avatar\/31f74aafcb294f70000ab5d770bee2d609907b0ec92bc58a06d9ef68a5ba7238?s=96&d=mm&r=g\",\"caption\":\"Sara Pola\u0144ska\"},\"description\":\"Niepoprawna optymistka i mi\u0142o\u015bniczka sielskich polskich krajobraz\u00f3w. Lubi poznawa\u0107 nowe miejsca ale przede wszystkim ludzi. Od wielu lat zwi\u0105zana z e-wczasy.pl gdzie przekuwa swoje zainteresowania i osobowo\u015b\u0107 na budowanie relacji z klientami a swoim do\u015bwiadczeniem pomaga im podejmowa\u0107 m\u0105dre decyzje biznesowe. Prywatnie r\u00f3wnie\u017c super mama, pasjonatka historii a tak\u017ce ratownik medyczny i WOPR\",\"url\":\"https:\/\/www.e-wczasy.pl\/blog\/author\/sara\/\"}]}<\/script>\n<!-- \/ Yoast SEO plugin. -->","yoast_head_json":{"title":"Narodowa Kwarantanna noclegi i stoki narciarskie zamkni\u0119te. - Blog E-wczasy.pl - Noclegi w Polsce. Atrakcje i porady","description":"Szczeg\u00f3ly kwarantanny narodowej Co z noclegami? Hotele i obiekty noclegowe b\u0119d\u0105 zamkni\u0119te do17.01.2021 Zakaz przemieszczania si\u0119 w Sylwestra.","robots":{"index":"index","follow":"follow","max-snippet":"max-snippet:-1","max-image-preview":"max-image-preview:large","max-video-preview":"max-video-preview:-1"},"canonical":"https:\/\/www.e-wczasy.pl\/blog\/narodowa-kwarantanna-noclegi-i-stoki-narciarskie-zamkniete\/","og_locale":"pl_PL","og_type":"article","og_title":"Narodowa Kwarantanna noclegi i stoki narciarskie zamkni\u0119te. - Blog E-wczasy.pl - Noclegi w Polsce. Atrakcje i porady","og_description":"Szczeg\u00f3ly kwarantanny narodowej Co z noclegami? Hotele i obiekty noclegowe b\u0119d\u0105 zamkni\u0119te do17.01.2021 Zakaz przemieszczania si\u0119 w Sylwestra.","og_url":"https:\/\/www.e-wczasy.pl\/blog\/narodowa-kwarantanna-noclegi-i-stoki-narciarskie-zamkniete\/","og_site_name":"Blog E-wczasy.pl - Noclegi w Polsce. Atrakcje i porady","article_published_time":"2020-12-17T14:58:47+00:00","article_modified_time":"2020-12-17T15:49:36+00:00","og_image":[{"width":1280,"height":720,"url":"https:\/\/www.e-wczasy.pl\/blog\/wp-content\/uploads\/2020\/12\/PILNE-Ograniczenia.jpg","type":"image\/jpeg"}],"author":"Sara Pola\u0144ska","twitter_card":"summary_large_image","twitter_misc":{"Napisane przez":"Sara Pola\u0144ska","Szacowany czas czytania":"1 minuta"},"schema":{"@context":"https:\/\/schema.org","@graph":[{"@type":"WebPage","@id":"https:\/\/www.e-wczasy.pl\/blog\/narodowa-kwarantanna-noclegi-i-stoki-narciarskie-zamkniete\/","url":"https:\/\/www.e-wczasy.pl\/blog\/narodowa-kwarantanna-noclegi-i-stoki-narciarskie-zamkniete\/","name":"Narodowa Kwarantanna noclegi i stoki narciarskie zamkni\u0119te. - Blog E-wczasy.pl - Noclegi w Polsce. Atrakcje i porady","isPartOf":{"@id":"https:\/\/www.e-wczasy.pl\/blog\/#website"},"primaryImageOfPage":{"@id":"https:\/\/www.e-wczasy.pl\/blog\/narodowa-kwarantanna-noclegi-i-stoki-narciarskie-zamkniete\/#primaryimage"},"image":{"@id":"https:\/\/www.e-wczasy.pl\/blog\/narodowa-kwarantanna-noclegi-i-stoki-narciarskie-zamkniete\/#primaryimage"},"thumbnailUrl":"https:\/\/www.e-wczasy.pl\/blog\/wp-content\/uploads\/2020\/12\/PILNE-Ograniczenia.jpg","datePublished":"2020-12-17T14:58:47+00:00","dateModified":"2020-12-17T15:49:36+00:00","author":{"@id":"https:\/\/www.e-wczasy.pl\/blog\/#\/schema\/person\/b7d33a11266022788311b3aa4ae90303"},"description":"Szczeg\u00f3ly kwarantanny narodowej Co z noclegami? Hotele i obiekty noclegowe b\u0119d\u0105 zamkni\u0119te do17.01.2021 Zakaz przemieszczania si\u0119 w Sylwestra.","breadcrumb":{"@id":"https:\/\/www.e-wczasy.pl\/blog\/narodowa-kwarantanna-noclegi-i-stoki-narciarskie-zamkniete\/#breadcrumb"},"inLanguage":"pl-PL","potentialAction":[{"@type":"ReadAction","target":["https:\/\/www.e-wczasy.pl\/blog\/narodowa-kwarantanna-noclegi-i-stoki-narciarskie-zamkniete\/"]}]},{"@type":"ImageObject","inLanguage":"pl-PL","@id":"https:\/\/www.e-wczasy.pl\/blog\/narodowa-kwarantanna-noclegi-i-stoki-narciarskie-zamkniete\/#primaryimage","url":"https:\/\/www.e-wczasy.pl\/blog\/wp-content\/uploads\/2020\/12\/PILNE-Ograniczenia.jpg","contentUrl":"https:\/\/www.e-wczasy.pl\/blog\/wp-content\/uploads\/2020\/12\/PILNE-Ograniczenia.jpg","width":1280,"height":720,"caption":"Kwarantanna. Ograniczenia dla hoteli"},{"@type":"BreadcrumbList","@id":"https:\/\/www.e-wczasy.pl\/blog\/narodowa-kwarantanna-noclegi-i-stoki-narciarskie-zamkniete\/#breadcrumb","itemListElement":[{"@type":"ListItem","position":1,"name":"Strona g\u0142\u00f3wna","item":"https:\/\/www.e-wczasy.pl\/blog\/"},{"@type":"ListItem","position":2,"name":"Narodowa Kwarantanna noclegi i stoki narciarskie zamkni\u0119te."}]},{"@type":"WebSite","@id":"https:\/\/www.e-wczasy.pl\/blog\/#website","url":"https:\/\/www.e-wczasy.pl\/blog\/","name":"Blog E-wczasy.pl - Noclegi w Polsce. Atrakcje i porady","description":"","potentialAction":[{"@type":"SearchAction","target":{"@type":"EntryPoint","urlTemplate":"https:\/\/www.e-wczasy.pl\/blog\/?s={search_term_string}"},"query-input":{"@type":"PropertyValueSpecification","valueRequired":true,"valueName":"search_term_string"}}],"inLanguage":"pl-PL"},{"@type":"Person","@id":"https:\/\/www.e-wczasy.pl\/blog\/#\/schema\/person\/b7d33a11266022788311b3aa4ae90303","name":"Sara Pola\u0144ska","image":{"@type":"ImageObject","inLanguage":"pl-PL","@id":"https:\/\/www.e-wczasy.pl\/blog\/#\/schema\/person\/image\/","url":"https:\/\/secure.gravatar.com\/avatar\/31f74aafcb294f70000ab5d770bee2d609907b0ec92bc58a06d9ef68a5ba7238?s=96&d=mm&r=g","contentUrl":"https:\/\/secure.gravatar.com\/avatar\/31f74aafcb294f70000ab5d770bee2d609907b0ec92bc58a06d9ef68a5ba7238?s=96&d=mm&r=g","caption":"Sara Pola\u0144ska"},"description":"Niepoprawna optymistka i mi\u0142o\u015bniczka sielskich polskich krajobraz\u00f3w. Lubi poznawa\u0107 nowe miejsca ale przede wszystkim ludzi. Od wielu lat zwi\u0105zana z e-wczasy.pl gdzie przekuwa swoje zainteresowania i osobowo\u015b\u0107 na budowanie relacji z klientami a swoim do\u015bwiadczeniem pomaga im podejmowa\u0107 m\u0105dre decyzje biznesowe. Prywatnie r\u00f3wnie\u017c super mama, pasjonatka historii a tak\u017ce ratownik medyczny i WOPR","url":"https:\/\/www.e-wczasy.pl\/blog\/author\/sara\/"}]}},"modified_by":"Redakcja E-WCZASY","_links":{"self":[{"href":"https:\/\/www.e-wczasy.pl\/blog\/wp-json\/wp\/v2\/posts\/5714","targetHints":{"allow":["GET"]}}],"collection":[{"href":"https:\/\/www.e-wczasy.pl\/blog\/wp-json\/wp\/v2\/posts"}],"about":[{"href":"https:\/\/www.e-wczasy.pl\/blog\/wp-json\/wp\/v2\/types\/post"}],"author":[{"embeddable":true,"href":"https:\/\/www.e-wczasy.pl\/blog\/wp-json\/wp\/v2\/users\/7"}],"replies":[{"embeddable":true,"href":"https:\/\/www.e-wczasy.pl\/blog\/wp-json\/wp\/v2\/comments?post=5714"}],"version-history":[{"count":2,"href":"https:\/\/www.e-wczasy.pl\/blog\/wp-json\/wp\/v2\/posts\/5714\/revisions"}],"predecessor-version":[{"id":5717,"href":"https:\/\/www.e-wczasy.pl\/blog\/wp-json\/wp\/v2\/posts\/5714\/revisions\/5717"}],"wp:featuredmedia":[{"embeddable":true,"href":"https:\/\/www.e-wczasy.pl\/blog\/wp-json\/wp\/v2\/media\/5716"}],"wp:attachment":[{"href":"https:\/\/www.e-wczasy.pl\/blog\/wp-json\/wp\/v2\/media?parent=5714"}],"wp:term":[{"taxonomy":"category","embeddable":true,"href":"https:\/\/www.e-wczasy.pl\/blog\/wp-json\/wp\/v2\/categories?post=5714"},{"taxonomy":"post_tag","embeddable":true,"href":"https:\/\/www.e-wczasy.pl\/blog\/wp-json\/wp\/v2\/tags?post=5714"}],"curies":[{"name":"wp","href":"https:\/\/api.w.org\/{rel}","templated":true}]}}