{"id":5663,"date":"2020-11-23T15:05:27","date_gmt":"2020-11-23T14:05:27","guid":{"rendered":"https:\/\/www.e-wczasy.pl\/blog\/?p=5663"},"modified":"2020-11-24T09:20:25","modified_gmt":"2020-11-24T08:20:25","slug":"konsultacje-spoleczne-apel-do-rzadu-ws-otwarcia-hoteli-i-miejsc-noclegowych","status":"publish","type":"post","link":"https:\/\/www.e-wczasy.pl\/blog\/konsultacje-spoleczne-apel-do-rzadu-ws-otwarcia-hoteli-i-miejsc-noclegowych\/","title":{"rendered":"Konsultacje spo\u0142eczne. Apel do Rz\u0105du ws. otwarcia hoteli i miejsc noclegowych"},"content":{"rendered":"<p>Jako portal e-wczasy.pl postanowili\u015bmy zabra\u0107 g\u0142os i do\u0142\u0105czy\u0107 si\u0119 do konsultacji spo\u0142ecznych zwi\u0105zanych z rz\u0105dowym planem walki z covid-19<\/p>\n<h2>Apel do Rz\u0105du ws. otwarcia hoteli i miejsc noclegowych<\/h2>\n<p>W oficjalnym pi\u015bmie wysun\u0119li\u015bmy kilka w\u0142asnych pomys\u0142\u00f3w na ograniczenie przyrostu zachorowa\u0144 na covid-19 oraz przygotowali\u015bmy kilka wa\u017cnych z punktu widzenia bran\u017cy turystycznej postulat\u00f3w.<\/p>\n<p>Nale\u017c\u0105 do nich:<\/p>\n<ul>\n<li>\u00a0Wyd\u0142u\u017cenie ferii zimowych do 10 tygodni<\/li>\n<li>Otwarcie hoteli i miejsc noclegowych w okresach wolnych od szko\u0142y i od nauki ( \u015bwi\u0119ta Sylwester Ferie)<\/li>\n<li>Postulat promowania dystansu spo\u0142ecznego i postaw odpowiedzialno\u015bci w kontaktach mi\u0119dzyludzkich<\/li>\n<li>Wdro\u017cenie procedur re\u017cimu sanitarnego w obiektach noclegowych kt\u00f3ry obowi\u0105zywa\u0142 latem<\/li>\n<li>Promowanie miejsc odpoczynku w mniej popularnych kurortach\u00a0 tzw.\u00a0 Ustronne Miejsca<\/li>\n<\/ul>\n<blockquote><p>&#8221;<\/p>\n<h4><span style=\"font-weight: 400;\">Jako portal noclegowy reprezentujemy interesy blisko 10 tysi\u0119cy przedsi\u0119biorc\u00f3w &#8211; tych drobnych prowadz\u0105cych sezonowy wynajem pokoi jak i wi\u0119kszych obiekt\u00f3w hotelarskich.&#8221;<\/span><\/h4>\n<\/blockquote>\n<p>M\u00f3wi Eliasz Pola\u0144ski w\u0142a\u015bciciel portalu zrzeszaj\u0105cego\u00a0 ok 10tys. podmiot\u00f3w turystycznych, i kontynuuje<\/p>\n<blockquote>\n<h4><span style=\"font-weight: 400;\">&#8222;nasza propozycja jest taka aby przede wszystkim wyd\u0142u\u017cy\u0107 termin ferii a\u017c do 10tyg. Po drugie wprowadzi\u0107 restrykcje w przyjmowaniu go\u015bci w hotelach zmniejszaj\u0105c maksymalne ob\u0142o\u017cenie do 70% lub nawet tylko 50%. Oczywi\u015bcie egzekwowanie zasad higieny i dystansu spo\u0142ecznego. &#8222;<\/span><\/h4>\n<p>&nbsp;<\/p><\/blockquote>\n<h3><strong>Poni\u017cej publikujemy tre\u015b\u0107 maila jaki wys\u0142ali\u015bmy na adres:\u00a0<\/strong><\/h3>\n<p><a href=\"http:\/\/konsultacje-koronawirus@kprm.gov.pl\/\">konsultacje-koronawirus@kprm.gov.pl<\/a>.<\/p>\n<p>Jednocze\u015bnie zach\u0119camy wszystkich Was do wysy\u0142ania na powy\u017cej wskazany adres mailowy\u00a0 podobnego apelu.<\/p>\n<p>Chodzi o to aby w dobie epidemii covid-19 utrzyma\u0107 przy \u017cyciu organizm o nazwie Turystyka Polska.<\/p>\n<p><img fetchpriority=\"high\" decoding=\"async\" class=\"aligncenter wp-image-5670 size-full\" src=\"https:\/\/www.e-wczasy.pl\/blog\/wp-content\/uploads\/2020\/11\/konsultacje-spoleczne-wniosek-ewczasy.jpg\" alt=\"Zamkni\u0119cie hoteli - wniosek do konsultacji spo\u0142ecznych\" width=\"731\" height=\"990\" srcset=\"https:\/\/www.e-wczasy.pl\/blog\/wp-content\/uploads\/2020\/11\/konsultacje-spoleczne-wniosek-ewczasy.jpg 731w, https:\/\/www.e-wczasy.pl\/blog\/wp-content\/uploads\/2020\/11\/konsultacje-spoleczne-wniosek-ewczasy-222x300.jpg 222w\" sizes=\"(max-width: 731px) 100vw, 731px\" \/><\/p>\n<p>&nbsp;<\/p>\n<p>&nbsp;<\/p>\n","protected":false},"excerpt":{"rendered":"<p>Jako portal e-wczasy.pl postanowili\u015bmy zabra\u0107 g\u0142os i do\u0142\u0105czy\u0107 si\u0119 do konsultacji spo\u0142ecznych zwi\u0105zanych z rz\u0105dowym planem walki z covid-19 Apel do Rz\u0105du ws. otwarcia hoteli i miejsc noclegowych W oficjalnym pi\u015bmie wysun\u0119li\u015bmy kilka w\u0142asnych pomys\u0142\u00f3w na ograniczenie przyrostu zachorowa\u0144 na covid-19 oraz przygotowali\u015bmy kilka wa\u017cnych z punktu widzenia bran\u017cy turystycznej postulat\u00f3w. Nale\u017c\u0105 do nich: \u00a0Wyd\u0142u\u017cenie [&hellip;]<\/p>\n","protected":false},"author":7,"featured_media":5672,"comment_status":"closed","ping_status":"closed","sticky":false,"template":"","format":"standard","meta":{"_lmt_disableupdate":"","_lmt_disable":"","footnotes":""},"categories":[58,111],"tags":[376,377],"class_list":{"0":"post-5663","1":"post","2":"type-post","3":"status-publish","4":"format-standard","5":"has-post-thumbnail","7":"category-biznes-w-turystyce","8":"category-wydarzenia","9":"tag-apel-do-rzadu-ws-obostrzen","10":"tag-konsultacje-spoleczne"},"yoast_head":"<!-- This site is optimized with the Yoast SEO plugin v26.1.1 - https:\/\/yoast.com\/wordpress\/plugins\/seo\/ -->\n<title>Konsultacje spo\u0142eczne. Apel do Rz\u0105du ws. otwarcia hoteli i miejsc noclegowych - Blog E-wczasy.pl - Noclegi w Polsce. Atrakcje i porady<\/title>\n<meta name=\"description\" content=\"Publikujemy apel do Rz\u0105du premiera Mateusza Morawieckiego ws. otwarcia Hoteli i miejsc noclegowych. Prosimy o wyd\u0142u\u017cenie ferii zimowych\" \/>\n<meta name=\"robots\" content=\"index, follow, max-snippet:-1, max-image-preview:large, max-video-preview:-1\" \/>\n<link rel=\"canonical\" href=\"https:\/\/www.e-wczasy.pl\/blog\/konsultacje-spoleczne-apel-do-rzadu-ws-otwarcia-hoteli-i-miejsc-noclegowych\/\" \/>\n<meta property=\"og:locale\" content=\"pl_PL\" \/>\n<meta property=\"og:type\" content=\"article\" \/>\n<meta property=\"og:title\" content=\"Konsultacje spo\u0142eczne. Apel do Rz\u0105du ws. otwarcia hoteli i miejsc noclegowych - Blog E-wczasy.pl - Noclegi w Polsce. Atrakcje i porady\" \/>\n<meta property=\"og:description\" content=\"Publikujemy apel do Rz\u0105du premiera Mateusza Morawieckiego ws. otwarcia Hoteli i miejsc noclegowych. Prosimy o wyd\u0142u\u017cenie ferii zimowych\" \/>\n<meta property=\"og:url\" content=\"https:\/\/www.e-wczasy.pl\/blog\/konsultacje-spoleczne-apel-do-rzadu-ws-otwarcia-hoteli-i-miejsc-noclegowych\/\" \/>\n<meta property=\"og:site_name\" content=\"Blog E-wczasy.pl - Noclegi w Polsce. Atrakcje i porady\" \/>\n<meta property=\"article:published_time\" content=\"2020-11-23T14:05:27+00:00\" \/>\n<meta property=\"article:modified_time\" content=\"2020-11-24T08:20:25+00:00\" \/>\n<meta property=\"og:image\" content=\"https:\/\/www.e-wczasy.pl\/blog\/wp-content\/uploads\/2020\/11\/zamkniete-hotele.jpg\" \/>\n\t<meta property=\"og:image:width\" content=\"1200\" \/>\n\t<meta property=\"og:image:height\" content=\"800\" \/>\n\t<meta property=\"og:image:type\" content=\"image\/jpeg\" \/>\n<meta name=\"author\" content=\"Sara Pola\u0144ska\" \/>\n<meta name=\"twitter:card\" content=\"summary_large_image\" \/>\n<meta name=\"twitter:label1\" content=\"Napisane przez\" \/>\n\t<meta name=\"twitter:data1\" content=\"Sara Pola\u0144ska\" \/>\n\t<meta name=\"twitter:label2\" content=\"Szacowany czas czytania\" \/>\n\t<meta name=\"twitter:data2\" content=\"1 minuta\" \/>\n<script type=\"application\/ld+json\" class=\"yoast-schema-graph\">{\"@context\":\"https:\/\/schema.org\",\"@graph\":[{\"@type\":\"WebPage\",\"@id\":\"https:\/\/www.e-wczasy.pl\/blog\/konsultacje-spoleczne-apel-do-rzadu-ws-otwarcia-hoteli-i-miejsc-noclegowych\/\",\"url\":\"https:\/\/www.e-wczasy.pl\/blog\/konsultacje-spoleczne-apel-do-rzadu-ws-otwarcia-hoteli-i-miejsc-noclegowych\/\",\"name\":\"Konsultacje spo\u0142eczne. Apel do Rz\u0105du ws. otwarcia hoteli i miejsc noclegowych - Blog E-wczasy.pl - Noclegi w Polsce. Atrakcje i porady\",\"isPartOf\":{\"@id\":\"https:\/\/www.e-wczasy.pl\/blog\/#website\"},\"primaryImageOfPage\":{\"@id\":\"https:\/\/www.e-wczasy.pl\/blog\/konsultacje-spoleczne-apel-do-rzadu-ws-otwarcia-hoteli-i-miejsc-noclegowych\/#primaryimage\"},\"image\":{\"@id\":\"https:\/\/www.e-wczasy.pl\/blog\/konsultacje-spoleczne-apel-do-rzadu-ws-otwarcia-hoteli-i-miejsc-noclegowych\/#primaryimage\"},\"thumbnailUrl\":\"https:\/\/www.e-wczasy.pl\/blog\/wp-content\/uploads\/2020\/11\/zamkniete-hotele.jpg\",\"datePublished\":\"2020-11-23T14:05:27+00:00\",\"dateModified\":\"2020-11-24T08:20:25+00:00\",\"author\":{\"@id\":\"https:\/\/www.e-wczasy.pl\/blog\/#\/schema\/person\/b7d33a11266022788311b3aa4ae90303\"},\"description\":\"Publikujemy apel do Rz\u0105du premiera Mateusza Morawieckiego ws. otwarcia Hoteli i miejsc noclegowych. Prosimy o wyd\u0142u\u017cenie ferii zimowych\",\"breadcrumb\":{\"@id\":\"https:\/\/www.e-wczasy.pl\/blog\/konsultacje-spoleczne-apel-do-rzadu-ws-otwarcia-hoteli-i-miejsc-noclegowych\/#breadcrumb\"},\"inLanguage\":\"pl-PL\",\"potentialAction\":[{\"@type\":\"ReadAction\",\"target\":[\"https:\/\/www.e-wczasy.pl\/blog\/konsultacje-spoleczne-apel-do-rzadu-ws-otwarcia-hoteli-i-miejsc-noclegowych\/\"]}]},{\"@type\":\"ImageObject\",\"inLanguage\":\"pl-PL\",\"@id\":\"https:\/\/www.e-wczasy.pl\/blog\/konsultacje-spoleczne-apel-do-rzadu-ws-otwarcia-hoteli-i-miejsc-noclegowych\/#primaryimage\",\"url\":\"https:\/\/www.e-wczasy.pl\/blog\/wp-content\/uploads\/2020\/11\/zamkniete-hotele.jpg\",\"contentUrl\":\"https:\/\/www.e-wczasy.pl\/blog\/wp-content\/uploads\/2020\/11\/zamkniete-hotele.jpg\",\"width\":1200,\"height\":800,\"caption\":\"Zamkni\u0119cie hoteli\"},{\"@type\":\"BreadcrumbList\",\"@id\":\"https:\/\/www.e-wczasy.pl\/blog\/konsultacje-spoleczne-apel-do-rzadu-ws-otwarcia-hoteli-i-miejsc-noclegowych\/#breadcrumb\",\"itemListElement\":[{\"@type\":\"ListItem\",\"position\":1,\"name\":\"Strona g\u0142\u00f3wna\",\"item\":\"https:\/\/www.e-wczasy.pl\/blog\/\"},{\"@type\":\"ListItem\",\"position\":2,\"name\":\"Konsultacje spo\u0142eczne. Apel do Rz\u0105du ws. otwarcia hoteli i miejsc noclegowych\"}]},{\"@type\":\"WebSite\",\"@id\":\"https:\/\/www.e-wczasy.pl\/blog\/#website\",\"url\":\"https:\/\/www.e-wczasy.pl\/blog\/\",\"name\":\"Blog E-wczasy.pl - Noclegi w Polsce. Atrakcje i porady\",\"description\":\"\",\"potentialAction\":[{\"@type\":\"SearchAction\",\"target\":{\"@type\":\"EntryPoint\",\"urlTemplate\":\"https:\/\/www.e-wczasy.pl\/blog\/?s={search_term_string}\"},\"query-input\":{\"@type\":\"PropertyValueSpecification\",\"valueRequired\":true,\"valueName\":\"search_term_string\"}}],\"inLanguage\":\"pl-PL\"},{\"@type\":\"Person\",\"@id\":\"https:\/\/www.e-wczasy.pl\/blog\/#\/schema\/person\/b7d33a11266022788311b3aa4ae90303\",\"name\":\"Sara Pola\u0144ska\",\"image\":{\"@type\":\"ImageObject\",\"inLanguage\":\"pl-PL\",\"@id\":\"https:\/\/www.e-wczasy.pl\/blog\/#\/schema\/person\/image\/\",\"url\":\"https:\/\/secure.gravatar.com\/avatar\/31f74aafcb294f70000ab5d770bee2d609907b0ec92bc58a06d9ef68a5ba7238?s=96&d=mm&r=g\",\"contentUrl\":\"https:\/\/secure.gravatar.com\/avatar\/31f74aafcb294f70000ab5d770bee2d609907b0ec92bc58a06d9ef68a5ba7238?s=96&d=mm&r=g\",\"caption\":\"Sara Pola\u0144ska\"},\"description\":\"Niepoprawna optymistka i mi\u0142o\u015bniczka sielskich polskich krajobraz\u00f3w. Lubi poznawa\u0107 nowe miejsca ale przede wszystkim ludzi. Od wielu lat zwi\u0105zana z e-wczasy.pl gdzie przekuwa swoje zainteresowania i osobowo\u015b\u0107 na budowanie relacji z klientami a swoim do\u015bwiadczeniem pomaga im podejmowa\u0107 m\u0105dre decyzje biznesowe. Prywatnie r\u00f3wnie\u017c super mama, pasjonatka historii a tak\u017ce ratownik medyczny i WOPR\",\"url\":\"https:\/\/www.e-wczasy.pl\/blog\/author\/sara\/\"}]}<\/script>\n<!-- \/ Yoast SEO plugin. -->","yoast_head_json":{"title":"Konsultacje spo\u0142eczne. Apel do Rz\u0105du ws. otwarcia hoteli i miejsc noclegowych - Blog E-wczasy.pl - Noclegi w Polsce. Atrakcje i porady","description":"Publikujemy apel do Rz\u0105du premiera Mateusza Morawieckiego ws. otwarcia Hoteli i miejsc noclegowych. Prosimy o wyd\u0142u\u017cenie ferii zimowych","robots":{"index":"index","follow":"follow","max-snippet":"max-snippet:-1","max-image-preview":"max-image-preview:large","max-video-preview":"max-video-preview:-1"},"canonical":"https:\/\/www.e-wczasy.pl\/blog\/konsultacje-spoleczne-apel-do-rzadu-ws-otwarcia-hoteli-i-miejsc-noclegowych\/","og_locale":"pl_PL","og_type":"article","og_title":"Konsultacje spo\u0142eczne. Apel do Rz\u0105du ws. otwarcia hoteli i miejsc noclegowych - Blog E-wczasy.pl - Noclegi w Polsce. Atrakcje i porady","og_description":"Publikujemy apel do Rz\u0105du premiera Mateusza Morawieckiego ws. otwarcia Hoteli i miejsc noclegowych. Prosimy o wyd\u0142u\u017cenie ferii zimowych","og_url":"https:\/\/www.e-wczasy.pl\/blog\/konsultacje-spoleczne-apel-do-rzadu-ws-otwarcia-hoteli-i-miejsc-noclegowych\/","og_site_name":"Blog E-wczasy.pl - Noclegi w Polsce. Atrakcje i porady","article_published_time":"2020-11-23T14:05:27+00:00","article_modified_time":"2020-11-24T08:20:25+00:00","og_image":[{"width":1200,"height":800,"url":"https:\/\/www.e-wczasy.pl\/blog\/wp-content\/uploads\/2020\/11\/zamkniete-hotele.jpg","type":"image\/jpeg"}],"author":"Sara Pola\u0144ska","twitter_card":"summary_large_image","twitter_misc":{"Napisane przez":"Sara Pola\u0144ska","Szacowany czas czytania":"1 minuta"},"schema":{"@context":"https:\/\/schema.org","@graph":[{"@type":"WebPage","@id":"https:\/\/www.e-wczasy.pl\/blog\/konsultacje-spoleczne-apel-do-rzadu-ws-otwarcia-hoteli-i-miejsc-noclegowych\/","url":"https:\/\/www.e-wczasy.pl\/blog\/konsultacje-spoleczne-apel-do-rzadu-ws-otwarcia-hoteli-i-miejsc-noclegowych\/","name":"Konsultacje spo\u0142eczne. Apel do Rz\u0105du ws. otwarcia hoteli i miejsc noclegowych - Blog E-wczasy.pl - Noclegi w Polsce. Atrakcje i porady","isPartOf":{"@id":"https:\/\/www.e-wczasy.pl\/blog\/#website"},"primaryImageOfPage":{"@id":"https:\/\/www.e-wczasy.pl\/blog\/konsultacje-spoleczne-apel-do-rzadu-ws-otwarcia-hoteli-i-miejsc-noclegowych\/#primaryimage"},"image":{"@id":"https:\/\/www.e-wczasy.pl\/blog\/konsultacje-spoleczne-apel-do-rzadu-ws-otwarcia-hoteli-i-miejsc-noclegowych\/#primaryimage"},"thumbnailUrl":"https:\/\/www.e-wczasy.pl\/blog\/wp-content\/uploads\/2020\/11\/zamkniete-hotele.jpg","datePublished":"2020-11-23T14:05:27+00:00","dateModified":"2020-11-24T08:20:25+00:00","author":{"@id":"https:\/\/www.e-wczasy.pl\/blog\/#\/schema\/person\/b7d33a11266022788311b3aa4ae90303"},"description":"Publikujemy apel do Rz\u0105du premiera Mateusza Morawieckiego ws. otwarcia Hoteli i miejsc noclegowych. Prosimy o wyd\u0142u\u017cenie ferii zimowych","breadcrumb":{"@id":"https:\/\/www.e-wczasy.pl\/blog\/konsultacje-spoleczne-apel-do-rzadu-ws-otwarcia-hoteli-i-miejsc-noclegowych\/#breadcrumb"},"inLanguage":"pl-PL","potentialAction":[{"@type":"ReadAction","target":["https:\/\/www.e-wczasy.pl\/blog\/konsultacje-spoleczne-apel-do-rzadu-ws-otwarcia-hoteli-i-miejsc-noclegowych\/"]}]},{"@type":"ImageObject","inLanguage":"pl-PL","@id":"https:\/\/www.e-wczasy.pl\/blog\/konsultacje-spoleczne-apel-do-rzadu-ws-otwarcia-hoteli-i-miejsc-noclegowych\/#primaryimage","url":"https:\/\/www.e-wczasy.pl\/blog\/wp-content\/uploads\/2020\/11\/zamkniete-hotele.jpg","contentUrl":"https:\/\/www.e-wczasy.pl\/blog\/wp-content\/uploads\/2020\/11\/zamkniete-hotele.jpg","width":1200,"height":800,"caption":"Zamkni\u0119cie hoteli"},{"@type":"BreadcrumbList","@id":"https:\/\/www.e-wczasy.pl\/blog\/konsultacje-spoleczne-apel-do-rzadu-ws-otwarcia-hoteli-i-miejsc-noclegowych\/#breadcrumb","itemListElement":[{"@type":"ListItem","position":1,"name":"Strona g\u0142\u00f3wna","item":"https:\/\/www.e-wczasy.pl\/blog\/"},{"@type":"ListItem","position":2,"name":"Konsultacje spo\u0142eczne. Apel do Rz\u0105du ws. otwarcia hoteli i miejsc noclegowych"}]},{"@type":"WebSite","@id":"https:\/\/www.e-wczasy.pl\/blog\/#website","url":"https:\/\/www.e-wczasy.pl\/blog\/","name":"Blog E-wczasy.pl - Noclegi w Polsce. Atrakcje i porady","description":"","potentialAction":[{"@type":"SearchAction","target":{"@type":"EntryPoint","urlTemplate":"https:\/\/www.e-wczasy.pl\/blog\/?s={search_term_string}"},"query-input":{"@type":"PropertyValueSpecification","valueRequired":true,"valueName":"search_term_string"}}],"inLanguage":"pl-PL"},{"@type":"Person","@id":"https:\/\/www.e-wczasy.pl\/blog\/#\/schema\/person\/b7d33a11266022788311b3aa4ae90303","name":"Sara Pola\u0144ska","image":{"@type":"ImageObject","inLanguage":"pl-PL","@id":"https:\/\/www.e-wczasy.pl\/blog\/#\/schema\/person\/image\/","url":"https:\/\/secure.gravatar.com\/avatar\/31f74aafcb294f70000ab5d770bee2d609907b0ec92bc58a06d9ef68a5ba7238?s=96&d=mm&r=g","contentUrl":"https:\/\/secure.gravatar.com\/avatar\/31f74aafcb294f70000ab5d770bee2d609907b0ec92bc58a06d9ef68a5ba7238?s=96&d=mm&r=g","caption":"Sara Pola\u0144ska"},"description":"Niepoprawna optymistka i mi\u0142o\u015bniczka sielskich polskich krajobraz\u00f3w. Lubi poznawa\u0107 nowe miejsca ale przede wszystkim ludzi. Od wielu lat zwi\u0105zana z e-wczasy.pl gdzie przekuwa swoje zainteresowania i osobowo\u015b\u0107 na budowanie relacji z klientami a swoim do\u015bwiadczeniem pomaga im podejmowa\u0107 m\u0105dre decyzje biznesowe. Prywatnie r\u00f3wnie\u017c super mama, pasjonatka historii a tak\u017ce ratownik medyczny i WOPR","url":"https:\/\/www.e-wczasy.pl\/blog\/author\/sara\/"}]}},"modified_by":"Sara Pola\u0144ska","_links":{"self":[{"href":"https:\/\/www.e-wczasy.pl\/blog\/wp-json\/wp\/v2\/posts\/5663","targetHints":{"allow":["GET"]}}],"collection":[{"href":"https:\/\/www.e-wczasy.pl\/blog\/wp-json\/wp\/v2\/posts"}],"about":[{"href":"https:\/\/www.e-wczasy.pl\/blog\/wp-json\/wp\/v2\/types\/post"}],"author":[{"embeddable":true,"href":"https:\/\/www.e-wczasy.pl\/blog\/wp-json\/wp\/v2\/users\/7"}],"replies":[{"embeddable":true,"href":"https:\/\/www.e-wczasy.pl\/blog\/wp-json\/wp\/v2\/comments?post=5663"}],"version-history":[{"count":14,"href":"https:\/\/www.e-wczasy.pl\/blog\/wp-json\/wp\/v2\/posts\/5663\/revisions"}],"predecessor-version":[{"id":5692,"href":"https:\/\/www.e-wczasy.pl\/blog\/wp-json\/wp\/v2\/posts\/5663\/revisions\/5692"}],"wp:featuredmedia":[{"embeddable":true,"href":"https:\/\/www.e-wczasy.pl\/blog\/wp-json\/wp\/v2\/media\/5672"}],"wp:attachment":[{"href":"https:\/\/www.e-wczasy.pl\/blog\/wp-json\/wp\/v2\/media?parent=5663"}],"wp:term":[{"taxonomy":"category","embeddable":true,"href":"https:\/\/www.e-wczasy.pl\/blog\/wp-json\/wp\/v2\/categories?post=5663"},{"taxonomy":"post_tag","embeddable":true,"href":"https:\/\/www.e-wczasy.pl\/blog\/wp-json\/wp\/v2\/tags?post=5663"}],"curies":[{"name":"wp","href":"https:\/\/api.w.org\/{rel}","templated":true}]}}