{"id":3199,"date":"2019-09-27T10:32:01","date_gmt":"2019-09-27T08:32:01","guid":{"rendered":"https:\/\/www.e-wczasy.pl\/blog\/?p=3199"},"modified":"2023-12-19T15:48:04","modified_gmt":"2023-12-19T14:48:04","slug":"imprezy-w-gorach-2019-2020","status":"publish","type":"post","link":"https:\/\/www.e-wczasy.pl\/blog\/imprezy-w-gorach-2019-2020\/","title":{"rendered":"Imprezy w g\u00f3rach 2019\/2020"},"content":{"rendered":"<p><strong>W g\u00f3rach nigdy nie jest nudno\u00a0\u2013 tutaj ci\u0105gle si\u0119 co\u015b dzieje! Przez ca\u0142\u0105 jesie\u0144 i zim\u0119, w tym tak\u017ce w okresie ferii, mo\u017cecie bra\u0107 udzia\u0142 w koncertach i wydarzeniach kulturalnych. <\/strong><\/p>\n<p>Oto przegl\u0105d najciekawszych imprez w g\u00f3rach w sezonie jesienno-zimowym 2019\/2020.<\/p>\n\n<h2><span style=\"font-weight: 400;\">Jazz Camping Kalat\u00f3wki (Zakopane, 30 wrze\u015bnia-5 pa\u017adziernika 2019)<\/span><\/h2>\n<p><span style=\"font-weight: 400;\">To propozycja dla fan\u00f3w muzyki jazzowej. Przez sze\u015b\u0107 dni w Hotelu G\u00f3rskim PTTK Kalat\u00f3wki odbywa\u0107 si\u0119 b\u0119d\u0105 koncerty, spotkania i atrakcje: <strong>wernisa\u017ce, jam sessions<\/strong> i wiele innych ciekawych wydarze\u0144. Tegoroczna edycja jest wyj\u0105tkowa, bo festiwal obchodzi 60-t\u0105 rocznic\u0119. A co warte podkre\u015blenia, <strong>wst\u0119p na imprez\u0119 jest darmowy<\/strong>, poza fina\u0142owym koncertem.<\/span><\/p>\n<p><img fetchpriority=\"high\" decoding=\"async\" class=\"aligncenter size-full wp-image-3212\" src=\"https:\/\/www.e-wczasy.pl\/blog\/wp-content\/uploads\/2019\/09\/jazz-e1569319391248.jpeg\" alt=\"Jazz\" width=\"1200\" height=\"800\" \/><\/p>\n<h2><span style=\"font-weight: 400;\">Hip-Hop Festival (Jelenia G\u00f3ra, 10 pa\u017adziernika 2019)<\/span><\/h2>\n<p><span style=\"font-weight: 400;\">Wydarzenie gromadz\u0105ce wielbicieli polskiego hip-hopu. Festiwal to w\u0142a\u015bciwie pi\u0119\u0107 godzin koncert\u00f3w i \u015bwietnej zabawy przy muzyce znanych i mniej znanych artyst\u00f3w. W tym roku wyst\u0105pi\u0105 mi\u0119dzy innymi <strong>O.S.T.R<\/strong> <strong>i TEDE<\/strong>.<\/span><\/p>\n<p><iframe width=\"696\" height=\"392\" src=\"https:\/\/www.youtube.com\/embed\/r0a87QcuZOc?feature=oembed&#038;enablejsapi=1&#038;origin=https:\/\/www.e-wczasy.pl\" frameborder=\"0\" allow=\"accelerometer; autoplay; encrypted-media; gyroscope; picture-in-picture\" allowfullscreen><\/iframe><\/p>\n<h2><span style=\"font-weight: 400;\">CZART Granie w Bieszczadach (Ustrzyki G\u00f3rne, 11-12 pa\u017adziernika 2019)<\/span><\/h2>\n<p><span style=\"font-weight: 400;\">Ju\u017c po raz szesnasty <a href=\"https:\/\/www.e-wczasy.pl\/noclegi\/bieszczady\">w Bieszczadach<\/a> odb\u0119dzie si\u0119 impreza kulturalna pod nazw\u0105 CZART Granie. Dlaczego CZART? <\/span><span style=\"font-weight: 400;\">Ciep\u0142e, Zapieckowo Artystyczne, Rozrywkowo Turystyczne Granie \u2013 tak brzmi pe\u0142na nazwa tego wydarzenia. <\/span><\/p>\n<p><span style=\"font-weight: 400;\">Na uczestnik\u00f3w czeka\u0107 b\u0119d\u0105 pogadanki, <strong>wycieczki w g\u00f3ry, warsztaty, wiecz\u00f3r przy gitarze i pyszne jedzenie.<\/strong> Tury\u015bci b\u0119d\u0105 mogli r\u00f3wnie\u017c zabra\u0107 g\u0142os i opowiedzie\u0107 ciekaw\u0105 histori\u0119 lub za\u015bpiewa\u0107 piosenk\u0119. Jak podkre\u015blaj\u0105 organizatorzy, to w\u0142a\u015bnie uczestnicy w du\u017cej mierze kreuj\u0105 program\u00a0<\/span><span style=\"font-weight: 400;\">wydarzenia.<\/span><\/p>\n<p><img decoding=\"async\" class=\"aligncenter size-full wp-image-3213\" src=\"https:\/\/www.e-wczasy.pl\/blog\/wp-content\/uploads\/2019\/09\/gitara-e1569320358965.jpg\" alt=\"gitara\" width=\"1200\" height=\"801\" \/><\/p>\n<h2><span style=\"font-weight: 400;\">Champions of Illusion (Wa\u0142brzych, 25 pa\u017adziernika 2019)<\/span><\/h2>\n<p><span style=\"font-weight: 400;\">Prawdziwa gratka dla wszystkich, kt\u00f3rzy lubi\u0105 ogl\u0105da\u0107 <strong>wyst\u0119py iluzjonist\u00f3w<\/strong>. W Wa\u0142brzychu, na trwaj\u0105cym dwie godziny interaktywnym pokazie, swoje umiej\u0119tno\u015bci zaprezentuj\u0105 <strong>gwiazdy \u015bwiatowej iluzji<\/strong>. Sztuczki i triki znane z telewizji widziane na \u017cywo z pewno\u015bci\u0105 robi\u0105 wra\u017cenie!\u00a0<\/span><\/p>\n<p><iframe width=\"696\" height=\"392\" src=\"https:\/\/www.youtube.com\/embed\/AQEjN4n6KUs?feature=oembed&#038;enablejsapi=1&#038;origin=https:\/\/www.e-wczasy.pl\" frameborder=\"0\" allow=\"accelerometer; autoplay; encrypted-media; gyroscope; picture-in-picture\" allowfullscreen><\/iframe><\/p>\n<h2><span style=\"font-weight: 400;\">Puchar \u015awiata w skokach narciarskich (Wis\u0142a, 23-24 listopada 2019)<\/span><\/h2>\n<p><span style=\"font-weight: 400;\">Pod koniec listopada w Wi\u015ble rozpocznie si\u0119 kolejny <strong>sezon Pucharu \u015awiata w skokach narciarskich<\/strong>. Inauguracja to wielkie wydarzenie w sportowym \u015bwiecie. Warto tu by\u0107, aby poczu\u0107 prawdziwe emocje!<\/span><\/p>\n<p><img decoding=\"async\" class=\"aligncenter size-full wp-image-3214\" src=\"https:\/\/www.e-wczasy.pl\/blog\/wp-content\/uploads\/2019\/09\/skoki-narciarskie-e1569320811680.jpeg\" alt=\"Skoki narciarskie\" width=\"1200\" height=\"675\" \/><\/p>\n<p>Impreza jest bardzo popularna i w tym czasie wielu kibic\u00f3w z ca\u0142ej Polski pojawia si\u0119 w Wi\u015ble &#8211; warto wi\u0119c <strong>wcze\u015bnie zarezerwowa\u0107<\/strong> <a href=\"https:\/\/www.e-wczasy.pl\/noclegi\/wisla\"><strong>noclegi w Wi\u015ble<\/strong><\/a> &#8211; nie warto zostawia\u0107 tego na ostatni\u0105 chwil\u0119, bo mo\u017cna si\u0119 rozczarowa\u0107.<\/p>\n<p><strong>Planujesz d\u0142u\u017cszy pobyt?<\/strong> Dowiedz si\u0119, <strong><a href=\"https:\/\/www.e-wczasy.pl\/blog\/co-zobaczyc-w-wisle\/\">co warto zobaczy\u0107 w Wi\u015ble<\/a><\/strong><\/p>\n<h2><span style=\"font-weight: 400;\">Karkonoskie Dni Lajtowe (Karpacz, 29 listopada-1 grudnia 2019)<\/span><\/h2>\n<p><span style=\"font-weight: 400;\">To festiwal organizowany dla sympatyk\u00f3w oraz cz\u0142onk\u00f3w Polskiego Klubu Alpejskiego. Podczas wydarzenia odbywaj\u0105 si\u0119 <strong>projekcje film\u00f3w<\/strong>, prelekcje i ciekawe spotkania. Z pewno\u015bci\u0105 mi\u0142o\u015bnika g\u00f3r nie mo\u017ce tu zabrakn\u0105\u0107.<\/span><\/p>\n<p><iframe width=\"696\" height=\"392\" src=\"https:\/\/www.youtube.com\/embed\/eZCNdV_NC-o?feature=oembed&#038;enablejsapi=1&#038;origin=https:\/\/www.e-wczasy.pl\" frameborder=\"0\" allow=\"accelerometer; autoplay; encrypted-media; gyroscope; picture-in-picture\" allowfullscreen><\/iframe><\/p>\n<p>Zobacz r\u00f3wnie\u017c: <a href=\"https:\/\/www.e-wczasy.pl\/atrakcje,karpacz\"><strong>atrakcje Karpacza<\/strong><\/a><\/p>\n<h2><span style=\"font-weight: 400;\">Krakowski Festiwal G\u00f3rski (Krak\u00f3w, 5-8 grudnia 2019)<\/span><\/h2>\n<p><span style=\"font-weight: 400;\">Cho\u0107 sam Krak\u00f3w nie le\u017cy w g\u00f3rach, to na pocz\u0105tku grudnia zamieni si\u0119 w prawdziwie g\u00f3rskie miasto. W trakcie dw\u00f3ch dni Festiwalu na uczestnik\u00f3w czeka\u0107 b\u0119d\u0105 ciekawe wyk\u0142ady i <strong>opowie\u015bci zwi\u0105zane z g\u00f3rskimi wyprawami<\/strong>. <\/span><\/p>\n<p><span style=\"font-weight: 400;\">Zaproszeni go\u015bcie podziel\u0105 si\u0119 swoimi do\u015bwiadczeniami. Wydarzenie obowi\u0105zkowe dla<strong> fan\u00f3w g\u00f3rskich wspinaczek<\/strong>, biegaczy i wszystkich tych, kt\u00f3rzy kochaj\u0105 w\u0119drowa\u0107 po g\u00f3rach.<\/span><\/p>\n<p><iframe width=\"696\" height=\"392\" src=\"https:\/\/www.youtube.com\/embed\/ePCe1Vu0CtM?feature=oembed&#038;enablejsapi=1&#038;origin=https:\/\/www.e-wczasy.pl\" frameborder=\"0\" allow=\"accelerometer; autoplay; encrypted-media; gyroscope; picture-in-picture\" allowfullscreen><\/iframe><\/p>\n<h2><span style=\"font-weight: 400;\">Zako_Twory Targi Dizajnu pod Giewontem (Zakopane, 7-8 grudnia 2019)<\/span><\/h2>\n<p><span style=\"font-weight: 400;\">Dwudniowe targi, na kt\u00f3rych prezentuj\u0105 si\u0119 m\u0142odzi tw\u00f3rcy z r\u00f3\u017cnych dziedzin. Podczas wydarzenia b\u0119dzie mo\u017cna zakupi\u0107 mi\u0119dzy innymi ubrania, meble, wyposa\u017cenie domu, kosmetyki, bi\u017cuteri\u0119 i wiele wi\u0119cej ciekawych, oryginalnych przedmiot\u00f3w. Warto potraktowa\u0107 targi jako okazj\u0119 do zakupienia prezent\u00f3w i pami\u0105tek dla najbli\u017cszych.\u00a0<\/span><\/p>\n<p><img loading=\"lazy\" decoding=\"async\" class=\"alignnone wp-image-3801 size-large\" src=\"https:\/\/www.e-wczasy.pl\/blog\/wp-content\/uploads\/2019\/09\/clothing-842338-1024x685.jpg\" alt=\"\" width=\"696\" height=\"466\" srcset=\"https:\/\/www.e-wczasy.pl\/blog\/wp-content\/uploads\/2019\/09\/clothing-842338-1024x685.jpg 1024w, https:\/\/www.e-wczasy.pl\/blog\/wp-content\/uploads\/2019\/09\/clothing-842338-300x201.jpg 300w, https:\/\/www.e-wczasy.pl\/blog\/wp-content\/uploads\/2019\/09\/clothing-842338-768x514.jpg 768w\" sizes=\"(max-width: 696px) 100vw, 696px\" \/><\/p>\n<p>&nbsp;<\/p>\n<h2><span style=\"font-weight: 400;\">Puchar \u015awiata w skokach narciarskich (Zakopane, 25-26 stycznia 2020)<\/span><\/h2>\n<p><span style=\"font-weight: 400;\">Coroczne zawody Pucharu \u015awiata w <strong>skokach narciarskich<\/strong> przyci\u0105gaj\u0105 fan\u00f3w z ca\u0142ego \u015bwiata. Niepowtarzalna atmosfera i sportowe emocje pod najwi\u0119ksz\u0105 polsk\u0105 skoczni\u0105 to co\u015b, czego nie mo\u017cecie przegapi\u0107! W nadchodz\u0105cym sezonie <strong>w Zakopanem<\/strong> odb\u0119d\u0105 si\u0119 dwa konkursy indywidualne.<\/span><\/p>\n<p><img loading=\"lazy\" decoding=\"async\" class=\"aligncenter size-full wp-image-3215\" src=\"https:\/\/www.e-wczasy.pl\/blog\/wp-content\/uploads\/2019\/09\/skocznia-Zakopane-e1569321188345.jpeg\" alt=\"Skocznia Zakopane\" width=\"1200\" height=\"800\" \/><\/p>\n<p><strong>Gdzie znale\u017a\u0107 nocleg w Zakopanem? Nasze propozycje:<\/strong><\/p>\n<div class=\"su-image-carousel  su-image-carousel-columns-2 su-image-carousel-has-spacing su-image-carousel-crop su-image-carousel-crop-4-3 su-image-carousel-has-outline su-image-carousel-adaptive su-image-carousel-slides-style-minimal su-image-carousel-controls-style-light su-image-carousel-align-none\" style=\"\" data-flickity-options='{\"groupCells\":true,\"cellSelector\":\".su-image-carousel-item\",\"adaptiveHeight\":false,\"cellAlign\":\"left\",\"prevNextButtons\":true,\"pageDots\":false,\"autoPlay\":5000,\"imagesLoaded\":true,\"contain\":true,\"selectedAttraction\":0.15,\"friction\":1}' id=\"su_image_carousel_69f1031bdaa97\"><div class=\"su-image-carousel-item\"><div class=\"su-image-carousel-item-content\"><a href=\"https:\/\/www.e-wczasy.pl\/noclegi\/zakopane\/apartamenty\/apartamenty-visitzakopane,12357\" target=\"_blank\" rel=\"noopener noreferrer\" data-caption=\"Apartamenty VisitZakopane\"><img loading=\"lazy\" decoding=\"async\" width=\"340\" height=\"230\" src=\"https:\/\/www.e-wczasy.pl\/blog\/wp-content\/uploads\/2019\/03\/zakopane-12357.jpg\" class=\"\" alt=\"\" srcset=\"https:\/\/www.e-wczasy.pl\/blog\/wp-content\/uploads\/2019\/03\/zakopane-12357.jpg 340w, https:\/\/www.e-wczasy.pl\/blog\/wp-content\/uploads\/2019\/03\/zakopane-12357-300x203.jpg 300w\" sizes=\"(max-width: 340px) 100vw, 340px\" \/><span>Apartamenty VisitZakopane<\/span><\/a><\/div><\/div><div class=\"su-image-carousel-item\"><div class=\"su-image-carousel-item-content\"><a href=\"https:\/\/www.e-wczasy.pl\/noclegi\/zakopane\/hotele\/aparthotel-delta,12285\" target=\"_blank\" rel=\"noopener noreferrer\" data-caption=\"Aparthotel Delta\"><img loading=\"lazy\" decoding=\"async\" width=\"340\" height=\"230\" src=\"https:\/\/www.e-wczasy.pl\/blog\/wp-content\/uploads\/2019\/03\/zakopane-12285.jpg\" class=\"\" alt=\"\" srcset=\"https:\/\/www.e-wczasy.pl\/blog\/wp-content\/uploads\/2019\/03\/zakopane-12285.jpg 340w, https:\/\/www.e-wczasy.pl\/blog\/wp-content\/uploads\/2019\/03\/zakopane-12285-300x203.jpg 300w\" sizes=\"(max-width: 340px) 100vw, 340px\" \/><span>Aparthotel Delta<\/span><\/a><\/div><\/div><div class=\"su-image-carousel-item\"><div class=\"su-image-carousel-item-content\"><a href=\"https:\/\/www.e-wczasy.pl\/noclegi\/zakopane\/kwatery-prywatne\/willa-tatrydom-noclegi-zakopane,8668\" target=\"_blank\" rel=\"noopener noreferrer\" data-caption=\"Willa TATRYDOM\"><img loading=\"lazy\" decoding=\"async\" width=\"340\" height=\"230\" src=\"https:\/\/www.e-wczasy.pl\/blog\/wp-content\/uploads\/2019\/03\/zakopane-8668.jpg\" class=\"\" alt=\"\" srcset=\"https:\/\/www.e-wczasy.pl\/blog\/wp-content\/uploads\/2019\/03\/zakopane-8668.jpg 340w, https:\/\/www.e-wczasy.pl\/blog\/wp-content\/uploads\/2019\/03\/zakopane-8668-300x203.jpg 300w\" sizes=\"(max-width: 340px) 100vw, 340px\" \/><span>Willa TATRYDOM<\/span><\/a><\/div><\/div><div class=\"su-image-carousel-item\"><div class=\"su-image-carousel-item-content\"><a href=\"https:\/\/www.e-wczasy.pl\/noclegi\/zakopane\/pensjonaty\/willa-roztoka-centrum,4701\" target=\"_blank\" rel=\"noopener noreferrer\" data-caption=\"Willa Roztoka\"><img loading=\"lazy\" decoding=\"async\" width=\"340\" height=\"230\" src=\"https:\/\/www.e-wczasy.pl\/blog\/wp-content\/uploads\/2019\/03\/zakopane-4701.jpg\" class=\"\" alt=\"\" srcset=\"https:\/\/www.e-wczasy.pl\/blog\/wp-content\/uploads\/2019\/03\/zakopane-4701.jpg 340w, https:\/\/www.e-wczasy.pl\/blog\/wp-content\/uploads\/2019\/03\/zakopane-4701-300x203.jpg 300w\" sizes=\"(max-width: 340px) 100vw, 340px\" \/><span>Willa Roztoka<\/span><\/a><\/div><\/div><div class=\"su-image-carousel-item\"><div class=\"su-image-carousel-item-content\"><a href=\"https:\/\/www.e-wczasy.pl\/noclegi\/zakopane\/wille\/willa-mala-pokoje-do-wynajecia,13482\" target=\"_blank\" rel=\"noopener noreferrer\" data-caption=\"Willa MA\u0141A\"><img loading=\"lazy\" decoding=\"async\" width=\"340\" height=\"230\" src=\"https:\/\/www.e-wczasy.pl\/blog\/wp-content\/uploads\/2019\/03\/zakopane-13482.jpg\" class=\"\" alt=\"\" srcset=\"https:\/\/www.e-wczasy.pl\/blog\/wp-content\/uploads\/2019\/03\/zakopane-13482.jpg 340w, https:\/\/www.e-wczasy.pl\/blog\/wp-content\/uploads\/2019\/03\/zakopane-13482-300x203.jpg 300w\" sizes=\"(max-width: 340px) 100vw, 340px\" \/><span>Willa MA\u0141A<\/span><\/a><\/div><\/div><\/div><script id=\"su_image_carousel_69f1031bdaa97_script\">if(window.SUImageCarousel){setTimeout(function() {window.SUImageCarousel.initGallery(document.getElementById(\"su_image_carousel_69f1031bdaa97\"))}, 0);}var su_image_carousel_69f1031bdaa97_script=document.getElementById(\"su_image_carousel_69f1031bdaa97_script\");if(su_image_carousel_69f1031bdaa97_script){su_image_carousel_69f1031bdaa97_script.parentNode.removeChild(su_image_carousel_69f1031bdaa97_script);}<\/script>\n<p style=\"text-align: center;\"><a href=\"https:\/\/www.e-wczasy.pl\/noclegi\/zakopane\"><span class=\"td_btn td_btn_md td_default_btn\">Sprawdzone noclegi w Zakopanem<\/span><\/a><\/p>\n<h2><span style=\"font-weight: 400;\">Polska Noc Kabaretowa (Wa\u0142brzych, 1 lutego 2020)<\/span><\/h2>\n<p><span style=\"font-weight: 400;\">Ju\u017c po raz dziewi\u0105ty na fan\u00f3w dobrego humoru czeka noc pe\u0142na najlepszych skeczy. Polskie <strong>kabarety<\/strong> zaprezentuj\u0105 swoje umiej\u0119tno\u015bci i b\u0119d\u0105 bawi\u0107 go\u015bci a\u017c pojawi\u0105 si\u0119 \u0142zy\u2026 ze \u015bmiechu. To jedyne tego typu wydarzenie, wi\u0119c je\u015bli lubisz wyst\u0119py kabaret\u00f3w, musisz tu by\u0107.<\/span><\/p>\n<p><iframe width=\"696\" height=\"392\" src=\"https:\/\/www.youtube.com\/embed\/TB0BBV34Uvo?feature=oembed&#038;enablejsapi=1&#038;origin=https:\/\/www.e-wczasy.pl\" frameborder=\"0\" allow=\"accelerometer; autoplay; encrypted-media; gyroscope; picture-in-picture\" allowfullscreen><\/iframe><\/p>\n<h2><span style=\"font-weight: 400;\">Zawody o Puchar Misia Polarnego (Krynica-Zdr\u00f3j, 9 lutego 2020)<\/span><\/h2>\n<p><span style=\"font-weight: 400;\">Zawody o Puchar Misia Polarnego to wydarzenie dla ca\u0142ej rodziny. Jego celem jest zach\u0119canie do <strong>zabawy na \u015bwie\u017cym powietrzu<\/strong>, ale tak\u017ce do rywalizacji i doskonaleniu umiej\u0119tno\u015bci <strong>jazdy na nartach<\/strong>. <\/span><\/p>\n<p><span style=\"font-weight: 400;\">Swoje zdolno\u015bci w zje\u017adzie slalomem mog\u0105 sprawdzi\u0107 dzieci w wieku 4 do 12 lat, drug\u0105 kategori\u0105 jest slalom dla rodzica z dzieckiem. \u015awietna zabawa na \u015bwie\u017cym powietrzu dla ca\u0142ej rodziny gwarantowana.<\/span><\/p>\n<p><img loading=\"lazy\" decoding=\"async\" class=\"aligncenter size-full wp-image-3216\" src=\"https:\/\/www.e-wczasy.pl\/blog\/wp-content\/uploads\/2019\/09\/jazda-na-nartach-e1569321753801.jpeg\" alt=\"Jazda na nartach\" width=\"1200\" height=\"825\" \/><\/p>\n<p><strong>Zosta\u0144 na d\u0142u\u017cej &#8211; oto nasze propozycje:<\/strong><\/p>\n<div class=\"su-image-carousel  su-image-carousel-columns-2 su-image-carousel-has-spacing su-image-carousel-crop su-image-carousel-crop-4-3 su-image-carousel-has-outline su-image-carousel-adaptive su-image-carousel-slides-style-minimal su-image-carousel-controls-style-light su-image-carousel-align-none\" style=\"\" data-flickity-options='{\"groupCells\":true,\"cellSelector\":\".su-image-carousel-item\",\"adaptiveHeight\":false,\"cellAlign\":\"left\",\"prevNextButtons\":true,\"pageDots\":false,\"autoPlay\":5000,\"imagesLoaded\":true,\"contain\":true,\"selectedAttraction\":0.15,\"friction\":1}' id=\"su_image_carousel_69f1031be0847\"><div class=\"su-image-carousel-item\"><div class=\"su-image-carousel-item-content\"><a href=\"https:\/\/www.e-wczasy.pl\/noclegi\/krynica-zdroj\/wille\/willa-klemensowka,8141\" target=\"_blank\" rel=\"noopener noreferrer\" data-caption=\"Willa Klemens\u00f3wka\"><img loading=\"lazy\" decoding=\"async\" width=\"362\" height=\"240\" src=\"https:\/\/www.e-wczasy.pl\/blog\/wp-content\/uploads\/2019\/09\/willa-klemensowka-krynica-zdroj-1562764237-o18141.jpg\" class=\"\" alt=\"\" srcset=\"https:\/\/www.e-wczasy.pl\/blog\/wp-content\/uploads\/2019\/09\/willa-klemensowka-krynica-zdroj-1562764237-o18141.jpg 362w, https:\/\/www.e-wczasy.pl\/blog\/wp-content\/uploads\/2019\/09\/willa-klemensowka-krynica-zdroj-1562764237-o18141-300x199.jpg 300w\" sizes=\"(max-width: 362px) 100vw, 362px\" \/><span>Willa Klemens\u00f3wka<\/span><\/a><\/div><\/div><div class=\"su-image-carousel-item\"><div class=\"su-image-carousel-item-content\"><a href=\"https:\/\/www.e-wczasy.pl\/noclegi\/krynica-zdroj\/kwatery-prywatne\/trojanda-pokoje-goscinne,14009\" target=\"_blank\" rel=\"noopener noreferrer\" data-caption=\"Trojanda\"><img loading=\"lazy\" decoding=\"async\" width=\"362\" height=\"240\" src=\"https:\/\/www.e-wczasy.pl\/blog\/wp-content\/uploads\/2019\/09\/trojanda-pokoje-goscinne-krynica-zdroj-1560510805-o114009.jpg\" class=\"\" alt=\"\" srcset=\"https:\/\/www.e-wczasy.pl\/blog\/wp-content\/uploads\/2019\/09\/trojanda-pokoje-goscinne-krynica-zdroj-1560510805-o114009.jpg 362w, https:\/\/www.e-wczasy.pl\/blog\/wp-content\/uploads\/2019\/09\/trojanda-pokoje-goscinne-krynica-zdroj-1560510805-o114009-300x199.jpg 300w\" sizes=\"(max-width: 362px) 100vw, 362px\" \/><span>Trojanda<\/span><\/a><\/div><\/div><div class=\"su-image-carousel-item\"><div class=\"su-image-carousel-item-content\"><a href=\"https:\/\/www.e-wczasy.pl\/noclegi\/krynica-zdroj\/osrodki-wypoczynkowe\/prometowka,8148\" target=\"_blank\" rel=\"noopener noreferrer\" data-caption=\"Promet\u00f3wka\"><img loading=\"lazy\" decoding=\"async\" width=\"362\" height=\"240\" src=\"https:\/\/www.e-wczasy.pl\/blog\/wp-content\/uploads\/2019\/09\/prometowka-krynica-zdroj-1553688744-o18148.jpg\" class=\"\" alt=\"Promet\u00f3wka\" srcset=\"https:\/\/www.e-wczasy.pl\/blog\/wp-content\/uploads\/2019\/09\/prometowka-krynica-zdroj-1553688744-o18148.jpg 362w, https:\/\/www.e-wczasy.pl\/blog\/wp-content\/uploads\/2019\/09\/prometowka-krynica-zdroj-1553688744-o18148-300x199.jpg 300w\" sizes=\"(max-width: 362px) 100vw, 362px\" \/><span>Promet\u00f3wka<\/span><\/a><\/div><\/div><div class=\"su-image-carousel-item\"><div class=\"su-image-carousel-item-content\"><a href=\"https:\/\/www.e-wczasy.pl\/noclegi\/krynica-zdroj\/domy-goscinne\/dw-adria,13287\" target=\"_blank\" rel=\"noopener noreferrer\" data-caption=\"DW Adria\"><img loading=\"lazy\" decoding=\"async\" width=\"362\" height=\"240\" src=\"https:\/\/www.e-wczasy.pl\/blog\/wp-content\/uploads\/2019\/09\/dw-adria-krynica-zdroj-0-o113287.jpg\" class=\"\" alt=\"\" srcset=\"https:\/\/www.e-wczasy.pl\/blog\/wp-content\/uploads\/2019\/09\/dw-adria-krynica-zdroj-0-o113287.jpg 362w, https:\/\/www.e-wczasy.pl\/blog\/wp-content\/uploads\/2019\/09\/dw-adria-krynica-zdroj-0-o113287-300x199.jpg 300w\" sizes=\"(max-width: 362px) 100vw, 362px\" \/><span>DW Adria<\/span><\/a><\/div><\/div><div class=\"su-image-carousel-item\"><div class=\"su-image-carousel-item-content\"><a href=\"https:\/\/www.e-wczasy.pl\/noclegi\/krynica-zdroj\/apartamenty\/art-apartament-krynica-zdroj-centrum,8140\" target=\"_blank\" rel=\"noopener noreferrer\" data-caption=\"Art Apartament\"><img loading=\"lazy\" decoding=\"async\" width=\"362\" height=\"240\" src=\"https:\/\/www.e-wczasy.pl\/blog\/wp-content\/uploads\/2019\/09\/art-apartament-krynica-zdroj-centrum-krynica-zdroj-1540888640-o18140.jpg\" class=\"\" alt=\"\" srcset=\"https:\/\/www.e-wczasy.pl\/blog\/wp-content\/uploads\/2019\/09\/art-apartament-krynica-zdroj-centrum-krynica-zdroj-1540888640-o18140.jpg 362w, https:\/\/www.e-wczasy.pl\/blog\/wp-content\/uploads\/2019\/09\/art-apartament-krynica-zdroj-centrum-krynica-zdroj-1540888640-o18140-300x199.jpg 300w\" sizes=\"(max-width: 362px) 100vw, 362px\" \/><span>Art Apartament<\/span><\/a><\/div><\/div><\/div><script id=\"su_image_carousel_69f1031be0847_script\">if(window.SUImageCarousel){setTimeout(function() {window.SUImageCarousel.initGallery(document.getElementById(\"su_image_carousel_69f1031be0847\"))}, 0);}var su_image_carousel_69f1031be0847_script=document.getElementById(\"su_image_carousel_69f1031be0847_script\");if(su_image_carousel_69f1031be0847_script){su_image_carousel_69f1031be0847_script.parentNode.removeChild(su_image_carousel_69f1031be0847_script);}<\/script>\n<p style=\"text-align: center;\"><a href=\"https:\/\/www.e-wczasy.pl\/noclegi\/krynica-zdroj\"><span class=\"td_btn td_btn_md td_default_btn\">Noclegi w Krynicy-Zdr\u00f3j<\/span><\/a><\/p>\n","protected":false},"excerpt":{"rendered":"<p>W g\u00f3rach nigdy nie jest nudno\u00a0\u2013 tutaj ci\u0105gle si\u0119 co\u015b dzieje! Przez ca\u0142\u0105 jesie\u0144 i zim\u0119, w tym tak\u017ce w okresie ferii, mo\u017cecie bra\u0107 udzia\u0142 w koncertach i wydarzeniach kulturalnych. Oto przegl\u0105d najciekawszych imprez w g\u00f3rach w sezonie jesienno-zimowym 2019\/2020. Jazz Camping Kalat\u00f3wki (Zakopane, 30 wrze\u015bnia-5 pa\u017adziernika 2019) To propozycja dla fan\u00f3w muzyki jazzowej. Przez [&hellip;]<\/p>\n","protected":false},"author":11,"featured_media":3232,"comment_status":"closed","ping_status":"open","sticky":false,"template":"","format":"standard","meta":{"_lmt_disableupdate":"","_lmt_disable":"","footnotes":""},"categories":[111],"tags":[8,71],"class_list":{"0":"post-3199","1":"post","2":"type-post","3":"status-publish","4":"format-standard","5":"has-post-thumbnail","7":"category-wydarzenia","8":"tag-w-gorach","9":"tag-zima"},"yoast_head":"<!-- This site is optimized with the Yoast SEO plugin v26.1.1 - https:\/\/yoast.com\/wordpress\/plugins\/seo\/ -->\n<title>Imprezy w g\u00f3rach 2019\/2020 - Blog E-wczasy.pl - Noclegi w Polsce. Atrakcje i porady<\/title>\n<meta name=\"description\" content=\"Szukasz ciekawych wydarze\u0144 kuluralno-rozrywkowych? Oto przegl\u0105d najciekawszych imprez w g\u00f3rach w sezonie jesienno-zimowym. Ka\u017cdy znajdzie tu co\u015b dla siebie!\" \/>\n<meta name=\"robots\" content=\"index, follow, max-snippet:-1, max-image-preview:large, max-video-preview:-1\" \/>\n<link rel=\"canonical\" href=\"https:\/\/www.e-wczasy.pl\/blog\/imprezy-w-gorach-2019-2020\/\" \/>\n<meta property=\"og:locale\" content=\"pl_PL\" \/>\n<meta property=\"og:type\" content=\"article\" \/>\n<meta property=\"og:title\" content=\"Imprezy w g\u00f3rach 2019\/2020 - Blog E-wczasy.pl - Noclegi w Polsce. Atrakcje i porady\" \/>\n<meta property=\"og:description\" content=\"Szukasz ciekawych wydarze\u0144 kuluralno-rozrywkowych? Oto przegl\u0105d najciekawszych imprez w g\u00f3rach w sezonie jesienno-zimowym. Ka\u017cdy znajdzie tu co\u015b dla siebie!\" \/>\n<meta property=\"og:url\" content=\"https:\/\/www.e-wczasy.pl\/blog\/imprezy-w-gorach-2019-2020\/\" \/>\n<meta property=\"og:site_name\" content=\"Blog E-wczasy.pl - Noclegi w Polsce. Atrakcje i porady\" \/>\n<meta property=\"article:published_time\" content=\"2019-09-27T08:32:01+00:00\" \/>\n<meta property=\"article:modified_time\" content=\"2023-12-19T14:48:04+00:00\" \/>\n<meta property=\"og:image\" content=\"https:\/\/www.e-wczasy.pl\/blog\/wp-content\/uploads\/2019\/09\/g\u00f3ry-kobieta-rado\u015b\u0107-e1569333210451.jpeg\" \/>\n\t<meta property=\"og:image:width\" content=\"1200\" \/>\n\t<meta property=\"og:image:height\" content=\"732\" \/>\n\t<meta property=\"og:image:type\" content=\"image\/jpeg\" \/>\n<meta name=\"author\" content=\"Ewelina Skorupka\" \/>\n<meta name=\"twitter:card\" content=\"summary_large_image\" \/>\n<meta name=\"twitter:label1\" content=\"Napisane przez\" \/>\n\t<meta name=\"twitter:data1\" content=\"Ewelina Skorupka\" \/>\n\t<meta name=\"twitter:label2\" content=\"Szacowany czas czytania\" \/>\n\t<meta name=\"twitter:data2\" content=\"4 minuty\" \/>\n<script type=\"application\/ld+json\" class=\"yoast-schema-graph\">{\"@context\":\"https:\/\/schema.org\",\"@graph\":[{\"@type\":\"WebPage\",\"@id\":\"https:\/\/www.e-wczasy.pl\/blog\/imprezy-w-gorach-2019-2020\/\",\"url\":\"https:\/\/www.e-wczasy.pl\/blog\/imprezy-w-gorach-2019-2020\/\",\"name\":\"Imprezy w g\u00f3rach 2019\/2020 - Blog E-wczasy.pl - Noclegi w Polsce. Atrakcje i porady\",\"isPartOf\":{\"@id\":\"https:\/\/www.e-wczasy.pl\/blog\/#website\"},\"primaryImageOfPage\":{\"@id\":\"https:\/\/www.e-wczasy.pl\/blog\/imprezy-w-gorach-2019-2020\/#primaryimage\"},\"image\":{\"@id\":\"https:\/\/www.e-wczasy.pl\/blog\/imprezy-w-gorach-2019-2020\/#primaryimage\"},\"thumbnailUrl\":\"https:\/\/www.e-wczasy.pl\/blog\/wp-content\/uploads\/2019\/09\/g\u00f3ry-kobieta-rado\u015b\u0107-e1569333210451.jpeg\",\"datePublished\":\"2019-09-27T08:32:01+00:00\",\"dateModified\":\"2023-12-19T14:48:04+00:00\",\"author\":{\"@id\":\"https:\/\/www.e-wczasy.pl\/blog\/#\/schema\/person\/2847c0d2756b8473c6c353868c0a149d\"},\"description\":\"Szukasz ciekawych wydarze\u0144 kuluralno-rozrywkowych? Oto przegl\u0105d najciekawszych imprez w g\u00f3rach w sezonie jesienno-zimowym. Ka\u017cdy znajdzie tu co\u015b dla siebie!\",\"breadcrumb\":{\"@id\":\"https:\/\/www.e-wczasy.pl\/blog\/imprezy-w-gorach-2019-2020\/#breadcrumb\"},\"inLanguage\":\"pl-PL\",\"potentialAction\":[{\"@type\":\"ReadAction\",\"target\":[\"https:\/\/www.e-wczasy.pl\/blog\/imprezy-w-gorach-2019-2020\/\"]}]},{\"@type\":\"ImageObject\",\"inLanguage\":\"pl-PL\",\"@id\":\"https:\/\/www.e-wczasy.pl\/blog\/imprezy-w-gorach-2019-2020\/#primaryimage\",\"url\":\"https:\/\/www.e-wczasy.pl\/blog\/wp-content\/uploads\/2019\/09\/g\u00f3ry-kobieta-rado\u015b\u0107-e1569333210451.jpeg\",\"contentUrl\":\"https:\/\/www.e-wczasy.pl\/blog\/wp-content\/uploads\/2019\/09\/g\u00f3ry-kobieta-rado\u015b\u0107-e1569333210451.jpeg\",\"width\":1200,\"height\":732,\"caption\":\"Szcz\u0119\u015bliwa kobieta\"},{\"@type\":\"BreadcrumbList\",\"@id\":\"https:\/\/www.e-wczasy.pl\/blog\/imprezy-w-gorach-2019-2020\/#breadcrumb\",\"itemListElement\":[{\"@type\":\"ListItem\",\"position\":1,\"name\":\"Strona g\u0142\u00f3wna\",\"item\":\"https:\/\/www.e-wczasy.pl\/blog\/\"},{\"@type\":\"ListItem\",\"position\":2,\"name\":\"Imprezy w g\u00f3rach 2019\/2020\"}]},{\"@type\":\"WebSite\",\"@id\":\"https:\/\/www.e-wczasy.pl\/blog\/#website\",\"url\":\"https:\/\/www.e-wczasy.pl\/blog\/\",\"name\":\"Blog E-wczasy.pl - Noclegi w Polsce. Atrakcje i porady\",\"description\":\"\",\"potentialAction\":[{\"@type\":\"SearchAction\",\"target\":{\"@type\":\"EntryPoint\",\"urlTemplate\":\"https:\/\/www.e-wczasy.pl\/blog\/?s={search_term_string}\"},\"query-input\":{\"@type\":\"PropertyValueSpecification\",\"valueRequired\":true,\"valueName\":\"search_term_string\"}}],\"inLanguage\":\"pl-PL\"},{\"@type\":\"Person\",\"@id\":\"https:\/\/www.e-wczasy.pl\/blog\/#\/schema\/person\/2847c0d2756b8473c6c353868c0a149d\",\"name\":\"Ewelina Skorupka\",\"image\":{\"@type\":\"ImageObject\",\"inLanguage\":\"pl-PL\",\"@id\":\"https:\/\/www.e-wczasy.pl\/blog\/#\/schema\/person\/image\/\",\"url\":\"https:\/\/secure.gravatar.com\/avatar\/731902a3d37e2cf2bd797a99d6f0129593ae2b6e506b37cf7a97d7080a7acf9f?s=96&d=mm&r=g\",\"contentUrl\":\"https:\/\/secure.gravatar.com\/avatar\/731902a3d37e2cf2bd797a99d6f0129593ae2b6e506b37cf7a97d7080a7acf9f?s=96&d=mm&r=g\",\"caption\":\"Ewelina Skorupka\"},\"description\":\"Copywriter z pasj\u0105 do podr\u00f3\u017cowania i odkrywania nowych miejsc. Chcia\u0142abym zwiedzi\u0107 ca\u0142y \u015bwiat. Du\u017co pisz\u0119, du\u017co czytam, a w mi\u0119dzyczasie popijam pyszn\u0105 kaw\u0119.\",\"url\":\"https:\/\/www.e-wczasy.pl\/blog\/author\/ewelina-skorupka\/\"}]}<\/script>\n<!-- \/ Yoast SEO plugin. -->","yoast_head_json":{"title":"Imprezy w g\u00f3rach 2019\/2020 - Blog E-wczasy.pl - Noclegi w Polsce. Atrakcje i porady","description":"Szukasz ciekawych wydarze\u0144 kuluralno-rozrywkowych? Oto przegl\u0105d najciekawszych imprez w g\u00f3rach w sezonie jesienno-zimowym. Ka\u017cdy znajdzie tu co\u015b dla siebie!","robots":{"index":"index","follow":"follow","max-snippet":"max-snippet:-1","max-image-preview":"max-image-preview:large","max-video-preview":"max-video-preview:-1"},"canonical":"https:\/\/www.e-wczasy.pl\/blog\/imprezy-w-gorach-2019-2020\/","og_locale":"pl_PL","og_type":"article","og_title":"Imprezy w g\u00f3rach 2019\/2020 - Blog E-wczasy.pl - Noclegi w Polsce. Atrakcje i porady","og_description":"Szukasz ciekawych wydarze\u0144 kuluralno-rozrywkowych? Oto przegl\u0105d najciekawszych imprez w g\u00f3rach w sezonie jesienno-zimowym. Ka\u017cdy znajdzie tu co\u015b dla siebie!","og_url":"https:\/\/www.e-wczasy.pl\/blog\/imprezy-w-gorach-2019-2020\/","og_site_name":"Blog E-wczasy.pl - Noclegi w Polsce. Atrakcje i porady","article_published_time":"2019-09-27T08:32:01+00:00","article_modified_time":"2023-12-19T14:48:04+00:00","og_image":[{"width":1200,"height":732,"url":"https:\/\/www.e-wczasy.pl\/blog\/wp-content\/uploads\/2019\/09\/g\u00f3ry-kobieta-rado\u015b\u0107-e1569333210451.jpeg","type":"image\/jpeg"}],"author":"Ewelina Skorupka","twitter_card":"summary_large_image","twitter_misc":{"Napisane przez":"Ewelina Skorupka","Szacowany czas czytania":"4 minuty"},"schema":{"@context":"https:\/\/schema.org","@graph":[{"@type":"WebPage","@id":"https:\/\/www.e-wczasy.pl\/blog\/imprezy-w-gorach-2019-2020\/","url":"https:\/\/www.e-wczasy.pl\/blog\/imprezy-w-gorach-2019-2020\/","name":"Imprezy w g\u00f3rach 2019\/2020 - Blog E-wczasy.pl - Noclegi w Polsce. Atrakcje i porady","isPartOf":{"@id":"https:\/\/www.e-wczasy.pl\/blog\/#website"},"primaryImageOfPage":{"@id":"https:\/\/www.e-wczasy.pl\/blog\/imprezy-w-gorach-2019-2020\/#primaryimage"},"image":{"@id":"https:\/\/www.e-wczasy.pl\/blog\/imprezy-w-gorach-2019-2020\/#primaryimage"},"thumbnailUrl":"https:\/\/www.e-wczasy.pl\/blog\/wp-content\/uploads\/2019\/09\/g\u00f3ry-kobieta-rado\u015b\u0107-e1569333210451.jpeg","datePublished":"2019-09-27T08:32:01+00:00","dateModified":"2023-12-19T14:48:04+00:00","author":{"@id":"https:\/\/www.e-wczasy.pl\/blog\/#\/schema\/person\/2847c0d2756b8473c6c353868c0a149d"},"description":"Szukasz ciekawych wydarze\u0144 kuluralno-rozrywkowych? Oto przegl\u0105d najciekawszych imprez w g\u00f3rach w sezonie jesienno-zimowym. Ka\u017cdy znajdzie tu co\u015b dla siebie!","breadcrumb":{"@id":"https:\/\/www.e-wczasy.pl\/blog\/imprezy-w-gorach-2019-2020\/#breadcrumb"},"inLanguage":"pl-PL","potentialAction":[{"@type":"ReadAction","target":["https:\/\/www.e-wczasy.pl\/blog\/imprezy-w-gorach-2019-2020\/"]}]},{"@type":"ImageObject","inLanguage":"pl-PL","@id":"https:\/\/www.e-wczasy.pl\/blog\/imprezy-w-gorach-2019-2020\/#primaryimage","url":"https:\/\/www.e-wczasy.pl\/blog\/wp-content\/uploads\/2019\/09\/g\u00f3ry-kobieta-rado\u015b\u0107-e1569333210451.jpeg","contentUrl":"https:\/\/www.e-wczasy.pl\/blog\/wp-content\/uploads\/2019\/09\/g\u00f3ry-kobieta-rado\u015b\u0107-e1569333210451.jpeg","width":1200,"height":732,"caption":"Szcz\u0119\u015bliwa kobieta"},{"@type":"BreadcrumbList","@id":"https:\/\/www.e-wczasy.pl\/blog\/imprezy-w-gorach-2019-2020\/#breadcrumb","itemListElement":[{"@type":"ListItem","position":1,"name":"Strona g\u0142\u00f3wna","item":"https:\/\/www.e-wczasy.pl\/blog\/"},{"@type":"ListItem","position":2,"name":"Imprezy w g\u00f3rach 2019\/2020"}]},{"@type":"WebSite","@id":"https:\/\/www.e-wczasy.pl\/blog\/#website","url":"https:\/\/www.e-wczasy.pl\/blog\/","name":"Blog E-wczasy.pl - Noclegi w Polsce. Atrakcje i porady","description":"","potentialAction":[{"@type":"SearchAction","target":{"@type":"EntryPoint","urlTemplate":"https:\/\/www.e-wczasy.pl\/blog\/?s={search_term_string}"},"query-input":{"@type":"PropertyValueSpecification","valueRequired":true,"valueName":"search_term_string"}}],"inLanguage":"pl-PL"},{"@type":"Person","@id":"https:\/\/www.e-wczasy.pl\/blog\/#\/schema\/person\/2847c0d2756b8473c6c353868c0a149d","name":"Ewelina Skorupka","image":{"@type":"ImageObject","inLanguage":"pl-PL","@id":"https:\/\/www.e-wczasy.pl\/blog\/#\/schema\/person\/image\/","url":"https:\/\/secure.gravatar.com\/avatar\/731902a3d37e2cf2bd797a99d6f0129593ae2b6e506b37cf7a97d7080a7acf9f?s=96&d=mm&r=g","contentUrl":"https:\/\/secure.gravatar.com\/avatar\/731902a3d37e2cf2bd797a99d6f0129593ae2b6e506b37cf7a97d7080a7acf9f?s=96&d=mm&r=g","caption":"Ewelina Skorupka"},"description":"Copywriter z pasj\u0105 do podr\u00f3\u017cowania i odkrywania nowych miejsc. Chcia\u0142abym zwiedzi\u0107 ca\u0142y \u015bwiat. Du\u017co pisz\u0119, du\u017co czytam, a w mi\u0119dzyczasie popijam pyszn\u0105 kaw\u0119.","url":"https:\/\/www.e-wczasy.pl\/blog\/author\/ewelina-skorupka\/"}]}},"modified_by":"\u0141ukasz Szymczak","_links":{"self":[{"href":"https:\/\/www.e-wczasy.pl\/blog\/wp-json\/wp\/v2\/posts\/3199","targetHints":{"allow":["GET"]}}],"collection":[{"href":"https:\/\/www.e-wczasy.pl\/blog\/wp-json\/wp\/v2\/posts"}],"about":[{"href":"https:\/\/www.e-wczasy.pl\/blog\/wp-json\/wp\/v2\/types\/post"}],"author":[{"embeddable":true,"href":"https:\/\/www.e-wczasy.pl\/blog\/wp-json\/wp\/v2\/users\/11"}],"replies":[{"embeddable":true,"href":"https:\/\/www.e-wczasy.pl\/blog\/wp-json\/wp\/v2\/comments?post=3199"}],"version-history":[{"count":23,"href":"https:\/\/www.e-wczasy.pl\/blog\/wp-json\/wp\/v2\/posts\/3199\/revisions"}],"predecessor-version":[{"id":3804,"href":"https:\/\/www.e-wczasy.pl\/blog\/wp-json\/wp\/v2\/posts\/3199\/revisions\/3804"}],"wp:featuredmedia":[{"embeddable":true,"href":"https:\/\/www.e-wczasy.pl\/blog\/wp-json\/wp\/v2\/media\/3232"}],"wp:attachment":[{"href":"https:\/\/www.e-wczasy.pl\/blog\/wp-json\/wp\/v2\/media?parent=3199"}],"wp:term":[{"taxonomy":"category","embeddable":true,"href":"https:\/\/www.e-wczasy.pl\/blog\/wp-json\/wp\/v2\/categories?post=3199"},{"taxonomy":"post_tag","embeddable":true,"href":"https:\/\/www.e-wczasy.pl\/blog\/wp-json\/wp\/v2\/tags?post=3199"}],"curies":[{"name":"wp","href":"https:\/\/api.w.org\/{rel}","templated":true}]}}