{"id":297,"date":"2018-05-23T10:58:32","date_gmt":"2018-05-23T08:58:32","guid":{"rendered":"http:\/\/www.e-wczasy.pl\/blog\/?p=297"},"modified":"2019-10-03T09:52:08","modified_gmt":"2019-10-03T07:52:08","slug":"aktywne-wakacje-nad-baltykiem","status":"publish","type":"post","link":"https:\/\/www.e-wczasy.pl\/blog\/aktywne-wakacje-nad-baltykiem\/","title":{"rendered":"W zdrowym ciele zdrowy duch! Aktywne wakacje nad Ba\u0142tykiem"},"content":{"rendered":"<p><b>Aktywno\u015b\u0107 fizyczna i ruch nios\u0105 za sob\u0105 wiele korzy\u015bci nie tylko dla zdrowia, ale r\u00f3wnie\u017c ducha. Badania dowodz\u0105, \u017ce 69% doros\u0142ych Polak\u00f3w uprawia co najmniej jeden ze sport\u00f3w. Wynik ten napawa do optymistycznego my\u015blenia o kondycji obywateli naszego kraju, jednak dietetycy nie maj\u0105 w\u0105tpliwo\u015bci co do tego, \u017ce oty\u0142o\u015b\u0107 w Polsce to bardzo powa\u017cny problem.<\/b><\/p>\n<p><span style=\"font-weight: 400;\">W tym roku <a href=\"https:\/\/www.e-wczasy.pl\/noclegi\/region\/nad-morzem\">nad Ba\u0142tykiem<\/a> nie zabraknie ciekawych imprez i festiwali, kt\u00f3re maj\u0105 zach\u0119ci\u0107 do uprawiania sportu. Koniecznie zapoznaj si\u0119 z tym zestawieniem i zacznij czerpa\u0107 korzy\u015bci dla zdrowia!<\/span><\/p>\n<p>&nbsp;<\/p>\n<h2><b>Propozycja nr 1:<br \/>\nFamilijny Bieg \u015aniadaniowy w Ko\u0142obrzegu<\/b><\/h2>\n<p><span style=\"font-weight: 400;\">Dzie\u0144 Dziecka to \u015bwi\u0119to ka\u017cdego z nas. Ju\u017c 1 czerwca startuje <strong>Familijny Bieg \u015aniadaniowy w Ko\u0142obrzegu<\/strong>, kt\u00f3rego motto jest nast\u0119puj\u0105ce: aktywno\u015b\u0107 i ruch. To wspania\u0142a rozrywka dla rodzin z dzie\u0107mi. <\/span><\/p>\n<p><span style=\"font-weight: 400;\">Familijny Bieg \u015aniadaniowy wpisa\u0142 si\u0119 ju\u017c w tradycj\u0119 Ko\u0142obrzegu &#8211; impreza organizowana jest ju\u017c od kilku lat i z roku na rok zyskuje coraz szersze grono zwolennik\u00f3w, kt\u00f3rzy nie maj\u0105 w\u0105tpliwo\u015bci co do tego, \u017ce aktywne sp\u0119dzanie czasu i zdrowy tryb \u017cycia to rozs\u0105dny wyb\u00f3r przek\u0142adaj\u0105cy si\u0119 na szereg korzy\u015bci. <\/span><\/p>\n<p><span style=\"font-weight: 400;\">Trasa biegu mierzy 2 km. Dla ka\u017cdego uczestnika, kt\u00f3ry przekroczy lini\u0119 mety, organizatorzy przygotowali drobny upominek w postaci pami\u0105tkowej koszulki oraz pakiet\u00f3w \u015bniadaniowych. <\/span><\/p>\n<p><b>Termin<\/b><span style=\"font-weight: 400;\">: 1 czerwca 2018 r., godz. 10:00<\/span><\/p>\n<p><b>Miejsce<\/b><span style=\"font-weight: 400;\">: Pla\u017ca g\u0142\u00f3wna, Ko\u0142obrzeg<\/span><\/p>\n<p><span style=\"font-weight: 400;\">Wi\u0119cej informacji na stronie internetowej: <\/span><span style=\"font-weight: 400;\">www.sportmaniacs.com<\/span><\/p>\n<p>Zobacz r\u00f3wnie\u017c: <a href=\"https:\/\/www.e-wczasy.pl\/noclegi\/kolobrzeg\">nocleg w Ko\u0142obrzegu<\/a><\/p>\n<p>&nbsp;<\/p>\n<h2><b>Propozycja nr 2:<br \/>\nVI Europejski Rajd Rowerowy we W\u0142adys\u0142awowie<\/b><\/h2>\n<p><span style=\"font-weight: 400;\">2 czerwca o godzinie 10:00 we W\u0142adys\u0142awowie oficjalnie rozpocznie si\u0119 kolejna edycja Europejskiego Rajdu Rowerowego. Organizatorzy zapewniaj\u0105, \u017ce b\u0119dzie to czas zaci\u0119tej rywalizacji mi\u0119dzy dru\u017cynami i zawodnikami. <\/span><\/p>\n<p><span style=\"font-weight: 400;\">Rajd rowerowy b\u0119dzie sk\u0142ada\u0107 si\u0119 z dw\u00f3ch tras: utra oraz rodzinnej. Taki podzia\u0142 sprawia, \u017ce w rywalizacji b\u0119d\u0105 mog\u0142y wzi\u0105\u0107 udzia\u0142 zar\u00f3wno rodziny z dzie\u0107mi, jak i bardziej do\u015bwiadczeni zawodnicy, kt\u00f3rzy nie wyobra\u017caj\u0105 sobie \u017cycia bez pojazdu na dw\u00f3ch k\u00f3\u0142kach!<\/span><\/p>\n<p><span style=\"font-weight: 400;\">W czasie rajdu uczestnicy b\u0119d\u0105 mogli wykaza\u0107 si\u0119 wszechstronnymi umiej\u0119tno\u015bciami oraz nie lada sprytem: tutaj liczy si\u0119 zr\u0119czno\u015b\u0107, szybko\u015b\u0107, wiedza oraz orientacja w terenie. Ciekawym urozmaiceniem, a niekiedy dodatkow\u0105 trudno\u015bci\u0105 b\u0119d\u0105 ciekawe zagadki i zadania przygotowane przez organizator\u00f3w. <\/span><\/p>\n<p><span style=\"font-weight: 400;\">VI Europejski Rajd Rowerowy we W\u0142adys\u0142awowie zako\u0144czy si\u0119 ogniskiem z kie\u0142baskami. <\/span><\/p>\n<p><b>Termin<\/b><span style=\"font-weight: 400;\">: 2 czerwca 2018 r., godz. 10:00<\/span><\/p>\n<p><b>Miejsce<\/b><span style=\"font-weight: 400;\">: W\u0142adys\u0142awowo<\/span><\/p>\n<div class=\"su-button-center\"><a href=\"https:\/\/www.e-wczasy.pl\/noclegi\/wladyslawowo\" class=\"su-button su-button-style-flat\" style=\"color:#ffffff;background-color:#0090CC;border-color:#0074a4;border-radius:0px\" target=\"_self\"><span style=\"color:#ffffff;padding:0px 24px;font-size:18px;line-height:36px;border-color:#4db2dc;border-radius:0px;text-shadow:none\"> Zobacz noclegi we W\u0142adys\u0142awowie<\/span><\/a><\/div>\n<p>&nbsp;<\/p>\n<h2><b>Propozycja nr 3:<br \/>\n1 sierpnia \u2013 Dziki Rejs, Ko\u0142obrzeg<\/b><\/h2>\n<p><span style=\"font-weight: 400;\">Jeste\u015b mi\u0142o\u015bnikiem ekstremalnych wra\u017ce\u0144? Nie wyobra\u017casz sobie tygodnia bez biegania? Je\u015bli tak, to ju\u017c dzi\u015b zarezerwuj sw\u00f3j czas dnia 11 sierpnia &#8211; w tym czasie w Ko\u0142obrzegu odb\u0119dzie si\u0119 Dziki Rejs, w czasie kt\u00f3rego uczestnicy b\u0119d\u0105 wylewa\u0107 si\u00f3dme poty.<\/span><\/p>\n<p><span style=\"font-weight: 400;\">Na zawodnik\u00f3w czeka\u0107 b\u0119dzie kilka odcink\u00f3w. Bieg odb\u0119dzie si\u0119 na piaszczystej pla\u017cy, kr\u0119tych \u015bcie\u017ckach le\u015bnych oraz w\u2026 morzu! Trasa Dzikiego Rejsu mierzy ponad 5 km, a jej pokonanie utrudnia\u0107 b\u0119d\u0105 dodatkowe przeszkody: liny, podbiegi na pla\u017cy, opony, woda, b\u0142oto, ruchome \u015bciany, drabinki oraz wiele innych trudno\u015bci! <\/span><\/p>\n<p><span style=\"font-weight: 400;\">Warto wspomnie\u0107 r\u00f3wnie\u017c o szczytnym celu tego wydarzenia, kt\u00f3re ma na celu u\u015bwiadomi\u0107, jak wa\u017cna jest czujno\u015b\u0107 onkologiczna oraz badania onkologiczne. Impreza po\u0142\u0105czona jest z wydarzeniem charytatywnym \u201cWszystkie r\u0119ce na pok\u0142ad\u201d.<\/span><\/p>\n<p><b>Termin<\/b><span style=\"font-weight: 400;\">: 11 sierpnia 2018 r.<\/span><\/p>\n<p><b>Miejsce<\/b><span style=\"font-weight: 400;\">: Ko\u0142obrzeg, okolice molo<\/span><\/p>\n<div class=\"su-button-center\"><a href=\"https:\/\/www.e-wczasy.pl\/noclegi\/kolobrzeg\" class=\"su-button su-button-style-flat\" style=\"color:#ffffff;background-color:#0090CC;border-color:#0074a4;border-radius:0px\" target=\"_self\"><span style=\"color:#ffffff;padding:0px 24px;font-size:18px;line-height:36px;border-color:#4db2dc;border-radius:0px;text-shadow:none\"> Sprawd\u017a noclegi w Ko\u0142obrzegu <\/span><\/a><\/div>\n<p>&nbsp;<\/p>\n<h2><b>Propozycja nr 4:<br \/>\nXVII Festiwal Gwiazd Sportu, Dziwn\u00f3w<\/b><\/h2>\n<p><span style=\"font-weight: 400;\">W dniach 16-18 sierpnia, jak co roku, w Dziwnowie zgromadz\u0105 si\u0119 dziesi\u0105tki najwa\u017cniejszych sportowc\u00f3w. W XVII edycji Festiwalu Gwiazd Sportu powinien uczestniczy\u0107 ka\u017cdy, kto marzy o spotkaniu z polskimi olimpijczykami. <\/span><\/p>\n<p><span style=\"font-weight: 400;\">Dla uczestnik\u00f3w przygotowano szereg r\u00f3\u017cnorodnych atrakcji. Spotkania ze sportowcami, mo\u017cliwo\u015b\u0107 porozmawiania ze swoim sportowym faworytem lub zdj\u0119cie z idolem, to nie wszystko. Wieczorn\u0105 rozrywk\u0119 dope\u0142nia\u0107 b\u0119d\u0105 koncerty. <\/span><\/p>\n<p><b>Nie zwlekaj &#8211; ju\u017c dzi\u015b zarezerwuj nocleg w obiekcie w Dziwnowie, kt\u00f3ry zosta\u0142 oznaczony w naszym serwisie statusem \u201cpewny nocleg\u201d<\/b><span style=\"font-weight: 400;\">:\u00a0<\/span><\/p>\n<div class=\"su-button-center\"><a href=\"https:\/\/www.e-wczasy.pl\/noclegi\/dziwnow\" class=\"su-button su-button-style-flat\" style=\"color:#ffffff;background-color:#0090CC;border-color:#0074a4;border-radius:0px\" target=\"_self\"><span style=\"color:#ffffff;padding:0px 24px;font-size:18px;line-height:36px;border-color:#4db2dc;border-radius:0px;text-shadow:none\"> Sprawd\u017a noclegi w Dziwnowie <\/span><\/a><\/div>\n<p>&nbsp;<\/p>\n<p><b>Termin<\/b><span style=\"font-weight: 400;\">: 16-18 sierpnia 2018 r.<\/span><\/p>\n<p><b>Miejsce<\/b><span style=\"font-weight: 400;\">: Dziwn\u00f3w<\/span><\/p>\n<p><b>Wi\u0119cej informacji na stronie internetowej<\/b><span style=\"font-weight: 400;\">: <\/span><span style=\"font-weight: 400;\">www.dziwnow4stars.pl<\/span><\/p>\n<p>&nbsp;<\/p>\n<h2><b>Propozycja nr 5:<br \/>\nXVIII edycja Regat Unity Line<\/b><\/h2>\n<p><span style=\"font-weight: 400;\">Ju\u017c 4 sierpnia startuje kolejna edycja Regat Unity Line. Regaty odbywa\u0107 si\u0119 b\u0119d\u0105 na akwenie Morza Ba\u0142tyckiego na trasach, kt\u00f3re znajduj\u0105 si\u0119 w pobli\u017cu Dziwnowa. <\/span><\/p>\n<p><span style=\"font-weight: 400;\">Program Regat Unity Line prezentuje si\u0119 nast\u0119puj\u0105co:<\/span><\/p>\n<ul>\n<li style=\"font-weight: 400;\"><span style=\"font-weight: 400;\">3 sierpnia, godzina 17.00-20.00 &#8211; uzupe\u0142nianie zg\u0142osze\u0144, wp\u0142aty wpisowego (biuro regat Marina Dziwn\u00f3w)<\/span><\/li>\n<li style=\"font-weight: 400;\"><span style=\"font-weight: 400;\">4 sierpnia, godzina 8.00 &#8211; pocz\u0105tek regat &#8211; odprawa Kapitan\u00f3w w Marina Dziwn\u00f3w<\/span><\/li>\n<li style=\"font-weight: 400;\"><span style=\"font-weight: 400;\">4 sierpnia, godzina 10.00 &#8211; start do I wy\u015bcigu (wy\u015bcig d\u0142ugi)<\/span><\/li>\n<li style=\"font-weight: 400;\"><span style=\"font-weight: 400;\">5 sierpnia, godzina 9.00 &#8211; starty do wy\u015bcig\u00f3w: II i III (wy\u015bcigi kr\u00f3tkie)<\/span><\/li>\n<li style=\"font-weight: 400;\"><span style=\"font-weight: 400;\">5 sierpnia, godzina 18.00 &#8211; uroczyste zako\u0144czenie regat w Przystani Sezonowej <a href=\"https:\/\/www.e-wczasy.pl\/noclegi\/dziwnow\">w Dziwnowie<\/a><\/span><\/li>\n<\/ul>\n<p><b>Wi\u0119cej informacji na stronie internetowej<\/b><span style=\"font-weight: 400;\">: <\/span><span style=\"font-weight: 400;\">www.regaty-unityline.pl<\/span><\/p>\n<p><b>Termin<\/b><span style=\"font-weight: 400;\">: 4-5 sierpnia 2018 r.<\/span><\/p>\n<p><b>Miejsce<\/b><span style=\"font-weight: 400;\">: Dziwn\u00f3w<\/span><\/p>\n<p>&nbsp;<\/p>\n<p><span style=\"font-weight: 400;\">Czy ka\u017cdy z nas zdaje sobie spraw\u0119 z tego, \u017ce<\/span><b> bierny tryb \u017cycia<\/b><span style=\"font-weight: 400;\"> sprzyja <\/span><b>rozwojowi nowotwor\u00f3w<\/b><span style=\"font-weight: 400;\">? Prognozy naukowc\u00f3w na temat zachorowa\u0144 na raka s\u0105 przera\u017caj\u0105ce. <\/span><b>Do 2030 roku<\/b><span style=\"font-weight: 400;\"> liczba os\u00f3b cierpi\u0105cych na nowotwory <\/span><b>wzro\u015bnie a\u017c o\u2026 75%<\/b><span style=\"font-weight: 400;\">. Warto w tym momencie zada\u0107 sobie pytanie, czy istnieje spos\u00f3b na to, by nie znale\u017a\u0107 si\u0119 w tych przykrych statystykach? Odpowied\u017a jest prosta: <\/span><b>przed powa\u017cn\u0105 chorob\u0105 mo\u017cna si\u0119 uchroni\u0107 <\/b><span style=\"font-weight: 400;\">&#8211; wystarczy tylko po\u0142\u0105czy\u0107 \u015bwiadome od\u017cywianie z aktywno\u015bci\u0105 fizyczn\u0105. <\/span><\/p>\n","protected":false},"excerpt":{"rendered":"<p>Aktywno\u015b\u0107 fizyczna i ruch nios\u0105 za sob\u0105 wiele korzy\u015bci nie tylko dla zdrowia, ale r\u00f3wnie\u017c ducha. Badania dowodz\u0105, \u017ce 69% doros\u0142ych Polak\u00f3w uprawia co najmniej jeden ze sport\u00f3w. Wynik ten napawa do optymistycznego my\u015blenia o kondycji obywateli naszego kraju, jednak dietetycy nie maj\u0105 w\u0105tpliwo\u015bci co do tego, \u017ce oty\u0142o\u015b\u0107 w Polsce to bardzo powa\u017cny problem. [&hellip;]<\/p>\n","protected":false},"author":2,"featured_media":306,"comment_status":"closed","ping_status":"closed","sticky":false,"template":"","format":"standard","meta":{"_lmt_disableupdate":"","_lmt_disable":"","footnotes":""},"categories":[46],"tags":[7],"class_list":{"0":"post-297","1":"post","2":"type-post","3":"status-publish","4":"format-standard","5":"has-post-thumbnail","7":"category-inspiracje","8":"tag-nad-morzem"},"yoast_head":"<!-- This site is optimized with the Yoast SEO plugin v26.1.1 - https:\/\/yoast.com\/wordpress\/plugins\/seo\/ -->\n<title>W zdrowym ciele zdrowy duch! Aktywne wakacje nad Ba\u0142tykiem - Blog E-wczasy.pl - Noclegi w Polsce. Atrakcje i porady<\/title>\n<meta name=\"robots\" content=\"index, follow, max-snippet:-1, max-image-preview:large, max-video-preview:-1\" \/>\n<link rel=\"canonical\" href=\"https:\/\/www.e-wczasy.pl\/blog\/aktywne-wakacje-nad-baltykiem\/\" \/>\n<meta property=\"og:locale\" content=\"pl_PL\" \/>\n<meta property=\"og:type\" content=\"article\" \/>\n<meta property=\"og:title\" content=\"W zdrowym ciele zdrowy duch! Aktywne wakacje nad Ba\u0142tykiem - Blog E-wczasy.pl - Noclegi w Polsce. Atrakcje i porady\" \/>\n<meta property=\"og:description\" content=\"Aktywno\u015b\u0107 fizyczna i ruch nios\u0105 za sob\u0105 wiele korzy\u015bci nie tylko dla zdrowia, ale r\u00f3wnie\u017c ducha. Badania dowodz\u0105, \u017ce 69% doros\u0142ych Polak\u00f3w uprawia co najmniej jeden ze sport\u00f3w. Wynik ten napawa do optymistycznego my\u015blenia o kondycji obywateli naszego kraju, jednak dietetycy nie maj\u0105 w\u0105tpliwo\u015bci co do tego, \u017ce oty\u0142o\u015b\u0107 w Polsce to bardzo powa\u017cny problem. [&hellip;]\" \/>\n<meta property=\"og:url\" content=\"https:\/\/www.e-wczasy.pl\/blog\/aktywne-wakacje-nad-baltykiem\/\" \/>\n<meta property=\"og:site_name\" content=\"Blog E-wczasy.pl - Noclegi w Polsce. Atrakcje i porady\" \/>\n<meta property=\"article:published_time\" content=\"2018-05-23T08:58:32+00:00\" \/>\n<meta property=\"article:modified_time\" content=\"2019-10-03T07:52:08+00:00\" \/>\n<meta property=\"og:image\" content=\"https:\/\/www.e-wczasy.pl\/blog\/wp-content\/uploads\/2018\/05\/aktywnie-1024x683.jpeg\" \/>\n\t<meta property=\"og:image:width\" content=\"1024\" \/>\n\t<meta property=\"og:image:height\" content=\"683\" \/>\n\t<meta property=\"og:image:type\" content=\"image\/jpeg\" \/>\n<meta name=\"author\" content=\"Dominika Kawczy\u0144ska\" \/>\n<meta name=\"twitter:card\" content=\"summary_large_image\" \/>\n<meta name=\"twitter:label1\" content=\"Napisane przez\" \/>\n\t<meta name=\"twitter:data1\" content=\"Dominika Kawczy\u0144ska\" \/>\n\t<meta name=\"twitter:label2\" content=\"Szacowany czas czytania\" \/>\n\t<meta name=\"twitter:data2\" content=\"5 minut\" \/>\n<script type=\"application\/ld+json\" class=\"yoast-schema-graph\">{\"@context\":\"https:\/\/schema.org\",\"@graph\":[{\"@type\":\"WebPage\",\"@id\":\"https:\/\/www.e-wczasy.pl\/blog\/aktywne-wakacje-nad-baltykiem\/\",\"url\":\"https:\/\/www.e-wczasy.pl\/blog\/aktywne-wakacje-nad-baltykiem\/\",\"name\":\"W zdrowym ciele zdrowy duch! Aktywne wakacje nad Ba\u0142tykiem - Blog E-wczasy.pl - Noclegi w Polsce. Atrakcje i porady\",\"isPartOf\":{\"@id\":\"https:\/\/www.e-wczasy.pl\/blog\/#website\"},\"primaryImageOfPage\":{\"@id\":\"https:\/\/www.e-wczasy.pl\/blog\/aktywne-wakacje-nad-baltykiem\/#primaryimage\"},\"image\":{\"@id\":\"https:\/\/www.e-wczasy.pl\/blog\/aktywne-wakacje-nad-baltykiem\/#primaryimage\"},\"thumbnailUrl\":\"https:\/\/www.e-wczasy.pl\/blog\/wp-content\/uploads\/2018\/05\/aktywnie.jpeg\",\"datePublished\":\"2018-05-23T08:58:32+00:00\",\"dateModified\":\"2019-10-03T07:52:08+00:00\",\"author\":{\"@id\":\"https:\/\/www.e-wczasy.pl\/blog\/#\/schema\/person\/394bb11435caed9d0c3323e910bdee43\"},\"breadcrumb\":{\"@id\":\"https:\/\/www.e-wczasy.pl\/blog\/aktywne-wakacje-nad-baltykiem\/#breadcrumb\"},\"inLanguage\":\"pl-PL\",\"potentialAction\":[{\"@type\":\"ReadAction\",\"target\":[\"https:\/\/www.e-wczasy.pl\/blog\/aktywne-wakacje-nad-baltykiem\/\"]}]},{\"@type\":\"ImageObject\",\"inLanguage\":\"pl-PL\",\"@id\":\"https:\/\/www.e-wczasy.pl\/blog\/aktywne-wakacje-nad-baltykiem\/#primaryimage\",\"url\":\"https:\/\/www.e-wczasy.pl\/blog\/wp-content\/uploads\/2018\/05\/aktywnie.jpeg\",\"contentUrl\":\"https:\/\/www.e-wczasy.pl\/blog\/wp-content\/uploads\/2018\/05\/aktywnie.jpeg\",\"width\":5616,\"height\":3744},{\"@type\":\"BreadcrumbList\",\"@id\":\"https:\/\/www.e-wczasy.pl\/blog\/aktywne-wakacje-nad-baltykiem\/#breadcrumb\",\"itemListElement\":[{\"@type\":\"ListItem\",\"position\":1,\"name\":\"Strona g\u0142\u00f3wna\",\"item\":\"https:\/\/www.e-wczasy.pl\/blog\/\"},{\"@type\":\"ListItem\",\"position\":2,\"name\":\"W zdrowym ciele zdrowy duch! Aktywne wakacje nad Ba\u0142tykiem\"}]},{\"@type\":\"WebSite\",\"@id\":\"https:\/\/www.e-wczasy.pl\/blog\/#website\",\"url\":\"https:\/\/www.e-wczasy.pl\/blog\/\",\"name\":\"Blog E-wczasy.pl - Noclegi w Polsce. Atrakcje i porady\",\"description\":\"\",\"potentialAction\":[{\"@type\":\"SearchAction\",\"target\":{\"@type\":\"EntryPoint\",\"urlTemplate\":\"https:\/\/www.e-wczasy.pl\/blog\/?s={search_term_string}\"},\"query-input\":{\"@type\":\"PropertyValueSpecification\",\"valueRequired\":true,\"valueName\":\"search_term_string\"}}],\"inLanguage\":\"pl-PL\"},{\"@type\":\"Person\",\"@id\":\"https:\/\/www.e-wczasy.pl\/blog\/#\/schema\/person\/394bb11435caed9d0c3323e910bdee43\",\"name\":\"Dominika Kawczy\u0144ska\",\"image\":{\"@type\":\"ImageObject\",\"inLanguage\":\"pl-PL\",\"@id\":\"https:\/\/www.e-wczasy.pl\/blog\/#\/schema\/person\/image\/\",\"url\":\"https:\/\/secure.gravatar.com\/avatar\/4ef3d7b65152c0ba6b9f8f6fcda9d1b7d4f0c8ae78beb3143c37ffa19c0e5381?s=96&d=mm&r=g\",\"contentUrl\":\"https:\/\/secure.gravatar.com\/avatar\/4ef3d7b65152c0ba6b9f8f6fcda9d1b7d4f0c8ae78beb3143c37ffa19c0e5381?s=96&d=mm&r=g\",\"caption\":\"Dominika Kawczy\u0144ska\"},\"url\":\"https:\/\/www.e-wczasy.pl\/blog\/author\/dominika\/\"}]}<\/script>\n<!-- \/ Yoast SEO plugin. -->","yoast_head_json":{"title":"W zdrowym ciele zdrowy duch! Aktywne wakacje nad Ba\u0142tykiem - Blog E-wczasy.pl - Noclegi w Polsce. Atrakcje i porady","robots":{"index":"index","follow":"follow","max-snippet":"max-snippet:-1","max-image-preview":"max-image-preview:large","max-video-preview":"max-video-preview:-1"},"canonical":"https:\/\/www.e-wczasy.pl\/blog\/aktywne-wakacje-nad-baltykiem\/","og_locale":"pl_PL","og_type":"article","og_title":"W zdrowym ciele zdrowy duch! Aktywne wakacje nad Ba\u0142tykiem - Blog E-wczasy.pl - Noclegi w Polsce. Atrakcje i porady","og_description":"Aktywno\u015b\u0107 fizyczna i ruch nios\u0105 za sob\u0105 wiele korzy\u015bci nie tylko dla zdrowia, ale r\u00f3wnie\u017c ducha. Badania dowodz\u0105, \u017ce 69% doros\u0142ych Polak\u00f3w uprawia co najmniej jeden ze sport\u00f3w. Wynik ten napawa do optymistycznego my\u015blenia o kondycji obywateli naszego kraju, jednak dietetycy nie maj\u0105 w\u0105tpliwo\u015bci co do tego, \u017ce oty\u0142o\u015b\u0107 w Polsce to bardzo powa\u017cny problem. [&hellip;]","og_url":"https:\/\/www.e-wczasy.pl\/blog\/aktywne-wakacje-nad-baltykiem\/","og_site_name":"Blog E-wczasy.pl - Noclegi w Polsce. Atrakcje i porady","article_published_time":"2018-05-23T08:58:32+00:00","article_modified_time":"2019-10-03T07:52:08+00:00","og_image":[{"width":1024,"height":683,"url":"https:\/\/www.e-wczasy.pl\/blog\/wp-content\/uploads\/2018\/05\/aktywnie-1024x683.jpeg","type":"image\/jpeg"}],"author":"Dominika Kawczy\u0144ska","twitter_card":"summary_large_image","twitter_misc":{"Napisane przez":"Dominika Kawczy\u0144ska","Szacowany czas czytania":"5 minut"},"schema":{"@context":"https:\/\/schema.org","@graph":[{"@type":"WebPage","@id":"https:\/\/www.e-wczasy.pl\/blog\/aktywne-wakacje-nad-baltykiem\/","url":"https:\/\/www.e-wczasy.pl\/blog\/aktywne-wakacje-nad-baltykiem\/","name":"W zdrowym ciele zdrowy duch! Aktywne wakacje nad Ba\u0142tykiem - Blog E-wczasy.pl - Noclegi w Polsce. Atrakcje i porady","isPartOf":{"@id":"https:\/\/www.e-wczasy.pl\/blog\/#website"},"primaryImageOfPage":{"@id":"https:\/\/www.e-wczasy.pl\/blog\/aktywne-wakacje-nad-baltykiem\/#primaryimage"},"image":{"@id":"https:\/\/www.e-wczasy.pl\/blog\/aktywne-wakacje-nad-baltykiem\/#primaryimage"},"thumbnailUrl":"https:\/\/www.e-wczasy.pl\/blog\/wp-content\/uploads\/2018\/05\/aktywnie.jpeg","datePublished":"2018-05-23T08:58:32+00:00","dateModified":"2019-10-03T07:52:08+00:00","author":{"@id":"https:\/\/www.e-wczasy.pl\/blog\/#\/schema\/person\/394bb11435caed9d0c3323e910bdee43"},"breadcrumb":{"@id":"https:\/\/www.e-wczasy.pl\/blog\/aktywne-wakacje-nad-baltykiem\/#breadcrumb"},"inLanguage":"pl-PL","potentialAction":[{"@type":"ReadAction","target":["https:\/\/www.e-wczasy.pl\/blog\/aktywne-wakacje-nad-baltykiem\/"]}]},{"@type":"ImageObject","inLanguage":"pl-PL","@id":"https:\/\/www.e-wczasy.pl\/blog\/aktywne-wakacje-nad-baltykiem\/#primaryimage","url":"https:\/\/www.e-wczasy.pl\/blog\/wp-content\/uploads\/2018\/05\/aktywnie.jpeg","contentUrl":"https:\/\/www.e-wczasy.pl\/blog\/wp-content\/uploads\/2018\/05\/aktywnie.jpeg","width":5616,"height":3744},{"@type":"BreadcrumbList","@id":"https:\/\/www.e-wczasy.pl\/blog\/aktywne-wakacje-nad-baltykiem\/#breadcrumb","itemListElement":[{"@type":"ListItem","position":1,"name":"Strona g\u0142\u00f3wna","item":"https:\/\/www.e-wczasy.pl\/blog\/"},{"@type":"ListItem","position":2,"name":"W zdrowym ciele zdrowy duch! Aktywne wakacje nad Ba\u0142tykiem"}]},{"@type":"WebSite","@id":"https:\/\/www.e-wczasy.pl\/blog\/#website","url":"https:\/\/www.e-wczasy.pl\/blog\/","name":"Blog E-wczasy.pl - Noclegi w Polsce. Atrakcje i porady","description":"","potentialAction":[{"@type":"SearchAction","target":{"@type":"EntryPoint","urlTemplate":"https:\/\/www.e-wczasy.pl\/blog\/?s={search_term_string}"},"query-input":{"@type":"PropertyValueSpecification","valueRequired":true,"valueName":"search_term_string"}}],"inLanguage":"pl-PL"},{"@type":"Person","@id":"https:\/\/www.e-wczasy.pl\/blog\/#\/schema\/person\/394bb11435caed9d0c3323e910bdee43","name":"Dominika Kawczy\u0144ska","image":{"@type":"ImageObject","inLanguage":"pl-PL","@id":"https:\/\/www.e-wczasy.pl\/blog\/#\/schema\/person\/image\/","url":"https:\/\/secure.gravatar.com\/avatar\/4ef3d7b65152c0ba6b9f8f6fcda9d1b7d4f0c8ae78beb3143c37ffa19c0e5381?s=96&d=mm&r=g","contentUrl":"https:\/\/secure.gravatar.com\/avatar\/4ef3d7b65152c0ba6b9f8f6fcda9d1b7d4f0c8ae78beb3143c37ffa19c0e5381?s=96&d=mm&r=g","caption":"Dominika Kawczy\u0144ska"},"url":"https:\/\/www.e-wczasy.pl\/blog\/author\/dominika\/"}]}},"modified_by":"\u0141ukasz Szymczak","_links":{"self":[{"href":"https:\/\/www.e-wczasy.pl\/blog\/wp-json\/wp\/v2\/posts\/297","targetHints":{"allow":["GET"]}}],"collection":[{"href":"https:\/\/www.e-wczasy.pl\/blog\/wp-json\/wp\/v2\/posts"}],"about":[{"href":"https:\/\/www.e-wczasy.pl\/blog\/wp-json\/wp\/v2\/types\/post"}],"author":[{"embeddable":true,"href":"https:\/\/www.e-wczasy.pl\/blog\/wp-json\/wp\/v2\/users\/2"}],"replies":[{"embeddable":true,"href":"https:\/\/www.e-wczasy.pl\/blog\/wp-json\/wp\/v2\/comments?post=297"}],"version-history":[{"count":6,"href":"https:\/\/www.e-wczasy.pl\/blog\/wp-json\/wp\/v2\/posts\/297\/revisions"}],"predecessor-version":[{"id":1845,"href":"https:\/\/www.e-wczasy.pl\/blog\/wp-json\/wp\/v2\/posts\/297\/revisions\/1845"}],"wp:featuredmedia":[{"embeddable":true,"href":"https:\/\/www.e-wczasy.pl\/blog\/wp-json\/wp\/v2\/media\/306"}],"wp:attachment":[{"href":"https:\/\/www.e-wczasy.pl\/blog\/wp-json\/wp\/v2\/media?parent=297"}],"wp:term":[{"taxonomy":"category","embeddable":true,"href":"https:\/\/www.e-wczasy.pl\/blog\/wp-json\/wp\/v2\/categories?post=297"},{"taxonomy":"post_tag","embeddable":true,"href":"https:\/\/www.e-wczasy.pl\/blog\/wp-json\/wp\/v2\/tags?post=297"}],"curies":[{"name":"wp","href":"https:\/\/api.w.org\/{rel}","templated":true}]}}