{"id":2878,"date":"2019-07-25T18:12:28","date_gmt":"2019-07-25T16:12:28","guid":{"rendered":"https:\/\/www.e-wczasy.pl\/blog\/?p=2878"},"modified":"2020-11-12T16:21:31","modified_gmt":"2020-11-12T15:21:31","slug":"co-przywiezc-z-wakacji","status":"publish","type":"post","link":"https:\/\/www.e-wczasy.pl\/blog\/co-przywiezc-z-wakacji\/","title":{"rendered":"Co przywie\u017a\u0107 z wakacji?"},"content":{"rendered":"<p><strong>Co przywie\u017a\u0107 z wakacji? Co op\u0142aca si\u0119 kupi\u0107 w g\u00f3rach lub <a href=\"https:\/\/www.e-wczasy.pl\/noclegi\/nad-morzem\">nad morzem<\/a>?\u00a0A mo\u017ce warto pozna\u0107 i dowiedzie\u0107 si\u0119 z jakich wyrob\u00f3w znany jest dany region turystyczny?\u00a0Na te i inne pytania postaramy si\u0119 odpowiedzie\u0107 poni\u017cej.<\/strong><\/p>\n<p><span style=\"font-weight: 400;\">Nie ma co ukrywa\u0107 <\/span><span style=\"font-weight: 400;\">\u2013 <\/span><span style=\"font-weight: 400;\">na wakacjach l\u017cejsz\u0105 r\u0119k\u0105 wydajemy pieni\u0105dze. W drodze na pla\u017c\u0119 stoj\u0105 kramy i stragany uginaj\u0105ce si\u0119 pod ci\u0119\u017carem zabawek, pami\u0105tek i bibelot\u00f3w. Cz\u0119sto z ciekawo\u015bci przystajemy, patrzymy, rozgl\u0105damy si\u0119. Wtedy powstaje dylemat: co kupi\u0107 na wakacjach?\u00a0<\/span><span style=\"font-weight: 400;\">Poni\u017cej prezentujemy kilka naszych podpowiedzi.<\/span><\/p>\n<h2><strong>B\u0119d\u0105c nad morzem koniecznie bursztyn<\/strong><\/h2>\n<p><span style=\"font-weight: 400;\">Bursztyn to nasz skarb narodowy, dlatego nad Ba\u0142tykiem warto kupi\u0107 wyroby z bursztynu.\u00a0<\/span><span style=\"font-weight: 400;\">Nasza propozycja to zakup <\/span><b>nalewki bursztynowej.\u00a0<\/b><span style=\"font-weight: 400;\">Za nalewk\u0119 bursztynow\u0105 (malutka butelka z drobinkami nieoszlifowanego bursztynu) zap\u0142acimy ok. 15 z\u0142. Tak\u0105 nalewk\u0119 oferuje wi\u0119kszo\u015b\u0107 stragan\u00f3w z pami\u0105tkami. Jak rozpozna\u0107 czy w buteleczce mamy prawdziwy<\/span><span style=\"font-weight: 400;\"> nieoszlifowany bursztyn?\u00a0\u00a0<\/span><\/p>\n<figure id=\"attachment_2903\" aria-describedby=\"caption-attachment-2903\" style=\"width: 1200px\" class=\"wp-caption aligncenter\"><img fetchpriority=\"high\" decoding=\"async\" class=\"wp-image-2903 size-full\" src=\"https:\/\/www.e-wczasy.pl\/blog\/wp-content\/uploads\/2019\/07\/nalbursztynowa.jpg-e1563953750984.jpg\" alt=\"Co przywie\u017a\u0107 z wakacji nalewka bursztynowa\" width=\"1200\" height=\"1600\" \/><figcaption id=\"caption-attachment-2903\" class=\"wp-caption-text\">Nalewka Bursztynowa to dobra pami\u0105tka. W zimne dni pomorze Ci si\u0119 ogrza\u0107.<\/figcaption><\/figure>\n<p><span style=\"font-weight: 400;\">Prawdziwy bursztyn mo\u017cna pozna\u0107 po tym, \u017ce w s\u0142odkiej wodzie opada na dno, a w s\u0142onej unosi si\u0119 na wodzie. Ponadto, po podpaleniu wydziela zapach \u017cywicy, a gdy si\u0119 go potrze, np. o w\u0142osy lub we\u0142n\u0119 przyci\u0105ga kawa\u0142ki papieru. <\/span><span style=\"font-weight: 400;\">Trzeba pami\u0119ta\u0107 o tym, aby w domu zala\u0107 bursztyn 90% spirytusem, odstawi\u0107 w ciep\u0142e miejsce i czeka\u0107 a\u017c nabierze z\u0142ocistego koloru.<\/span><\/p>\n<h3><span style=\"font-weight: 400;\"><strong>Jak dzia\u0142a bursztyn?<\/strong> <\/span><\/h3>\n<p><span style=\"font-weight: 400;\">Przede wszystkim prozdrowotnie. <\/span><span style=\"font-weight: 400;\">Posiada on w\u0142a\u015bciwo\u015bci przeciwzapalne i przeciwb\u00f3lowe. Dzia\u0142a jak naturalny antybiotyk i wspomaga leczenie wielu chor\u00f3b. Koniecznie kupcie bursztyn, gdy wybieracie si\u0119 <\/span><b>pla\u017cowa\u0107 nad Ba\u0142tykiem<\/b><span style=\"font-weight: 400;\">.<\/span><\/p>\n<p><span style=\"font-weight: 400;\">Je\u015bli mowa o bursztynie to warto wspomnie\u0107 r\u00f3wnie\u017c o nieco dro\u017cszej wersji\u00a0<\/span><span style=\"font-weight: 400;\">\u2013\u00a0<\/span><b>bi\u017cuterii z bursztynu. <\/b><span style=\"font-weight: 400;\">Pi\u0119kne bransoletki, naszyjniki, kolczyki, pier\u015bcionki\u2026 Bursztyn w po\u0142\u0105czeniu ze szlachetnym metalem, takim jak z\u0142oto lub srebro wygl\u0105da po prostu ob\u0142\u0119dnie\u00a0<\/span><span style=\"font-weight: 400;\">\u2013\u00a0<\/span><span style=\"font-weight: 400;\">przyci\u0105ga wzrok i, co najfajniejsze, to pami\u0105tka, kt\u00f3ra z pewno\u015bci\u0105 przywo\u0142a po latach pi\u0119kne wspomnienia. Przyznacie chyba, \u017ce nie tylko cieszy oko, ale i daje satysfakcj\u0119, \u017ce kupili\u015bmy co\u015b naszego, co znajdziemy tylko nad Ba\u0142tykiem.\u00a0<\/span><\/p>\n<figure id=\"attachment_2886\" aria-describedby=\"caption-attachment-2886\" style=\"width: 1200px\" class=\"wp-caption aligncenter\"><img decoding=\"async\" class=\"wp-image-2886 size-full\" src=\"https:\/\/www.e-wczasy.pl\/blog\/wp-content\/uploads\/2019\/07\/bi\u017c2.jpg-e1563874562898.jpeg\" alt=\"bursztyn bi\u017cuteria Co przywi\u017a\u0107 z wakacji - Bursztyn\" width=\"1200\" height=\"774\" \/><figcaption id=\"caption-attachment-2886\" class=\"wp-caption-text\">Pami\u0105tki w Bursztynu, Bursztynowa bi\u017cuteria<\/figcaption><\/figure>\n<h2><strong>Pami\u0105tki i bibeloty\u00a0<\/strong><\/h2>\n<p><span style=\"font-weight: 400;\">Tak, my te\u017c to znamy\u00a0<\/span><span style=\"font-weight: 400;\">\u2013\u00a0<\/span><span style=\"font-weight: 400;\">stajesz przy kramiku i wszystko si\u0119 podoba.\u00a0<\/span><span style=\"font-weight: 400;\">Poszukaj, by\u0107 mo\u017ce na jakim\u015b regale lub p\u00f3\u0142ce ukrywaj\u0105 si\u0119<\/span><b> podk\u0142adki pod gor\u0105ce napoje<\/b><span style=\"font-weight: 400;\"> z ciekawym widokiem lub <\/span><b>wzorem regionalnym<\/b><span style=\"font-weight: 400;\">. W zimne jesienne dni kubek z herbat\u0105 z takim widokiem sprawi, \u017ce na twojej twarzy na pewno zago\u015bci u\u015bmiech. A mo\u017ce postanowisz sobie, \u017ce stworzysz kolekcj\u0119 korkowych podk\u0142adek pod gor\u0105ce napoje z wakacji?<\/span><\/p>\n<figure id=\"attachment_2889\" aria-describedby=\"caption-attachment-2889\" style=\"width: 1200px\" class=\"wp-caption aligncenter\"><img decoding=\"async\" class=\"wp-image-2889 size-full\" src=\"https:\/\/www.e-wczasy.pl\/blog\/wp-content\/uploads\/2019\/07\/podkladkapodnapoj.jpg-e1563877697906.jpeg\" alt=\"Podk\u0142adka pod nap\u00f3j Co przywie\u017a\u0107 z wakacji\" width=\"1200\" height=\"800\" \/><figcaption id=\"caption-attachment-2889\" class=\"wp-caption-text\">Podk\u0142adki pod napoje przypomn\u0105 Ci wakacje<span style=\"color: #222222; font-size: 15px;\">\u00a0<\/span><\/figcaption><\/figure>\n<p><span style=\"font-weight: 400;\">Opr\u00f3cz tego polecamy ciesz\u0105ce si\u0119 wielk\u0105 popularno\u015bci\u0105 <\/span><b>\u017caglowce w buteleczce<\/b><span style=\"font-weight: 400;\">, <\/span><b>magnesy na lod\u00f3wk\u0119<\/b><span style=\"font-weight: 400;\">, <\/span><b>kubek z nazw\u0105 miejscowo\u015bci<\/b><span style=\"font-weight: 400;\"> czy <\/span><b>p\u0142yt\u0119 z szantami<\/b><span style=\"font-weight: 400;\">. Niekt\u00f3rzy powiedz\u0105: &#8222;<\/span><span style=\"font-weight: 400;\">To kicz!&#8221; Ale dlaczego tury\u015bci to kupuj\u0105? Odpowied\u017a jest prosta\u00a0<\/span><span style=\"font-weight: 400;\">\u2013 bo sprawia im to przyjemno\u015b\u0107. A wakacje to jedyny czas w roku, kiedy mo\u017cemy pozwoli\u0107 sobie na drobne przyjemno\u015bci. Bo kiedy, jak nie wtedy? \ud83d\ude42<\/span><\/p>\n<figure id=\"attachment_2890\" aria-describedby=\"caption-attachment-2890\" style=\"width: 1200px\" class=\"wp-caption aligncenter\"><img loading=\"lazy\" decoding=\"async\" class=\"wp-image-2890 size-full\" src=\"https:\/\/www.e-wczasy.pl\/blog\/wp-content\/uploads\/2019\/07\/kub.jpg-e1563878869145.jpeg\" alt=\"Co przywie\u015b\u0107 z wakacji Pami\u0105tkowy kubek\" width=\"1200\" height=\"798\" \/><figcaption id=\"caption-attachment-2890\" class=\"wp-caption-text\">Kubek na napoje jest u\u017cyteczn\u0105 pami\u0105tk\u0105 i idealnym wst\u0119pem do wspomnie\u0144<\/figcaption><\/figure>\n<h2><strong>Gdy sp\u0119dzasz wakacje w g\u00f3rach<\/strong><\/h2>\n<p><span style=\"font-weight: 400;\">B\u0119d\u0105c na <\/span><a href=\"https:\/\/www.e-wczasy.pl\/noclegi\/w-gorach\"><b>wakacjach w g\u00f3rach<\/b><\/a><span style=\"font-weight: 400;\"> warto przywie\u017a\u0107 tamtejszy smako\u0142yk. Wszyscy ci, kt\u00f3rzy uwielbiaj\u0105 delektowa\u0107 si\u0119 smakiem<strong> oscypka<\/strong>, powinni zrobi\u0107 zapas tego pysznego regionalnego produktu. W\u0119dzony ser owczy to rzecz zdrowa i po\u017cywna, a gdy b\u0119dziecie go je\u015b\u0107 po powrocie z wakacji, charakterystyczny smak zaraz przypomni wam chwile sp\u0119dzone w g\u00f3rach.<\/span><\/p>\n<figure id=\"attachment_2891\" aria-describedby=\"caption-attachment-2891\" style=\"width: 1200px\" class=\"wp-caption aligncenter\"><img loading=\"lazy\" decoding=\"async\" class=\"wp-image-2891 size-full\" src=\"https:\/\/www.e-wczasy.pl\/blog\/wp-content\/uploads\/2019\/07\/osc.jpg-e1563879029801.jpeg\" alt=\"Oscypek z \u017curawin\u0105 Co przywie\u017a\u0107 z wakacji\" width=\"1200\" height=\"795\" \/><figcaption id=\"caption-attachment-2891\" class=\"wp-caption-text\">Przemy\u0107 wspomnienia w smakach wakacji. Oscypek z \u017curawin\u0105. Przysmak turyst\u00f3w<\/figcaption><\/figure>\n<h3><span style=\"font-weight: 400;\">Jak przechowywa\u0107 oscypki, aby si\u0119 nie zepsu\u0142y\u00a0<\/span><\/h3>\n<p><span style=\"font-weight: 400;\">W suchym miejscu na talerzyku lub zawieszony na sznureczku. Jego sk\u00f3rka troch\u0119 si\u0119 utlenia i ciemnieje, ale konsystencja w \u015brodku pozostaje niezmienna. <\/span><span style=\"font-weight: 400;\">Zabezpieczaj\u0105c powierzchni\u0119 oscypka<\/span><b> papierem np. do pieczenia <\/b><span style=\"font-weight: 400;\">sprawimy, \u017ce jego smak i w\u0142a\u015bciwo\u015bci nie zmieni\u0105 si\u0119 jeszcze przez d\u0142u\u017cszy czas. <\/span><span style=\"font-weight: 400;\">Do oscypka mo\u017cna dokupi\u0107 <\/span><b>\u017curawin\u0119 w s\u0142oiku<\/b><span style=\"font-weight: 400;\"> domowej roboty\u00a0<\/span><span style=\"font-weight: 400;\">\u2013 przyda si\u0119 na zimowe dni. Bogata w witamin\u0119 C \u017curawina b\u0119dzie nie tylko smaczn\u0105, ale i po\u017cyteczn\u0105 pami\u0105tk\u0105.\u00a0<\/span><\/p>\n<p><span style=\"font-weight: 400;\">Kolejna nasza propozycja to popularne <\/span><b>ciupagi<\/b><span style=\"font-weight: 400;\">. Tak, wiemy <\/span><span style=\"font-weight: 400;\">\u2013 <\/span><span style=\"font-weight: 400;\">p\u00f3\u0142 Polski si\u0119 z nich \u015bmieje, a my przyznamy, \u017ce nie wiemy dlaczego \ud83d\ude42<\/span><\/p>\n<h4 align=\"LEFT\">Noclegi w Zakopanem &#8211; nasze propozycje:<\/h4>\n<p align=\"LEFT\"><div id=\"su_carousel_69f38032eca96\" class=\"su-carousel su-carousel-centered su-carousel-pages-no su-carousel-responsive-yes\" style=\"width:100%\" data-autoplay=\"3000\" data-speed=\"800\" data-mousewheel=\"true\" data-items=\"2\" data-scroll=\"1\"><div class=\"su-carousel-slides\"><div class=\"su-carousel-slide\"><a href=\"https:\/\/www.e-wczasy.pl\/noclegi\/zakopane\/apartamenty\/apartamenty-visitzakopane,12357\" title=\"Apartamenty VisitZakopane\"><img decoding=\"async\" src=\"https:\/\/www.e-wczasy.pl\/blog\/wp-content\/uploads\/2019\/03\/zakopane-12357-362x240.jpg\" alt=\"Apartamenty VisitZakopane\" \/><span class=\"su-carousel-slide-title\">Apartamenty VisitZakopane<\/span><\/a><\/div><div class=\"su-carousel-slide\"><a href=\"https:\/\/www.e-wczasy.pl\/noclegi\/zakopane\/hotele\/aparthotel-delta,12285\" title=\"Aparthotel Delta\"><img decoding=\"async\" src=\"https:\/\/www.e-wczasy.pl\/blog\/wp-content\/uploads\/2019\/03\/zakopane-12285-362x240.jpg\" alt=\"Aparthotel Delta\" \/><span class=\"su-carousel-slide-title\">Aparthotel Delta<\/span><\/a><\/div><div class=\"su-carousel-slide\"><a href=\"https:\/\/www.e-wczasy.pl\/noclegi\/zakopane\/kwatery-prywatne\/willa-tatrydom-noclegi-zakopane,8668\" title=\"Willa TATRYDOM\"><img decoding=\"async\" src=\"https:\/\/www.e-wczasy.pl\/blog\/wp-content\/uploads\/2019\/03\/zakopane-8668-362x240.jpg\" alt=\"Willa TATRYDOM\" \/><span class=\"su-carousel-slide-title\">Willa TATRYDOM<\/span><\/a><\/div><div class=\"su-carousel-slide\"><a href=\"https:\/\/www.e-wczasy.pl\/noclegi\/zakopane\/pensjonaty\/willa-roztoka-centrum,4701\" title=\"Willa Roztoka\"><img decoding=\"async\" src=\"https:\/\/www.e-wczasy.pl\/blog\/wp-content\/uploads\/2019\/03\/zakopane-4701-362x240.jpg\" alt=\"Willa Roztoka\" \/><span class=\"su-carousel-slide-title\">Willa Roztoka<\/span><\/a><\/div><div class=\"su-carousel-slide\"><a href=\"https:\/\/www.e-wczasy.pl\/noclegi\/zakopane\/wille\/willa-mala-pokoje-do-wynajecia,13482\" title=\"Willa MA\u0141A\"><img decoding=\"async\" src=\"https:\/\/www.e-wczasy.pl\/blog\/wp-content\/uploads\/2019\/03\/zakopane-13482-362x240.jpg\" alt=\"Willa MA\u0141A\" \/><span class=\"su-carousel-slide-title\">Willa MA\u0141A<\/span><\/a><\/div><\/div><div class=\"su-carousel-nav\"><div class=\"su-carousel-direction\"><span class=\"su-carousel-prev\"><\/span><span class=\"su-carousel-next\"><\/span><\/div><div class=\"su-carousel-pagination\"><\/div><\/div><\/div>\n<h2><strong>Wyroby lokalne za ma\u0142e pieni\u0105dze<\/strong><\/h2>\n<p><span style=\"font-weight: 400;\">Dla Pa\u0144 doskona\u0142\u0105 propozycj\u0105 b\u0119dzie<\/span><b> bi\u017cuteria drewniana<\/b><span style=\"font-weight: 400;\">: korale, bransoletki, kolczyki. Wyb\u00f3r na stoiskach z pami\u0105tkami jest szeroki i ka\u017cdy znajdzie co\u015b dla siebie. Pi\u0119knie wygl\u0105daj\u0105 na nadgarstku drewniane bransoletki, a do bia\u0142ej koszulowej bluzki idealnie pasuj\u0105 czerwone korale z Zakopanego. Fajn\u0105 pami\u0105tk\u0105 dla m\u0119\u017cczyzn b\u0119dzie bransoleta ze sk\u00f3ry lub rzemieni.<\/span><\/p>\n<figure id=\"attachment_2892\" aria-describedby=\"caption-attachment-2892\" style=\"width: 1200px\" class=\"wp-caption aligncenter\"><img loading=\"lazy\" decoding=\"async\" class=\"wp-image-2892 size-full\" src=\"https:\/\/www.e-wczasy.pl\/blog\/wp-content\/uploads\/2019\/07\/bransoleta.jpg-e1563879550603.jpeg\" alt=\"czerwone korale Co przywie\u015b\u0107 z wakacji pami\u0105tki z wakacji\" width=\"1200\" height=\"797\" \/><figcaption id=\"caption-attachment-2892\" class=\"wp-caption-text\">Wyroby r\u0119kodzie\u0142a lokalnego<\/figcaption><\/figure>\n<p><span style=\"font-weight: 400;\">Je\u015bli ju\u017c m\u00f3wimy o pami\u0105tkach upi\u0119kszaj\u0105cych nasz wizerunek, to na pewno oryginaln\u0105 i od kilku sezon\u00f3w bardzo modn\u0105 pami\u0105tk\u0105 b\u0119dzie narzutka lub chusta z haftem g\u00f3ralskim.\u00a0<\/span><\/p>\n<p><span style=\"font-weight: 400;\">Nie wiem jak wy, ale naszym zdaniem \u015bwietnym lokalnym wyrobem s\u0105 <\/span><b>zakopia\u0144skie kapcie. <\/b><span style=\"font-weight: 400;\">Przyznajcie si\u0119, kto takie kiedy\u015b mia\u0142? To absolutny must have! S\u0105 tury\u015bci, kt\u00f3rzy co sezon kupuj\u0105 sobie w Tatarach nowe kapcie na zim\u0119: bo ciep\u0142e, bo wygodne, bo naprawd\u0119 s\u0105 takie domowe i budz\u0105 pozytywne skojarzenia u bardzo wielu os\u00f3b.\u00a0<\/span><\/p>\n<figure id=\"attachment_2893\" aria-describedby=\"caption-attachment-2893\" style=\"width: 1200px\" class=\"wp-caption aligncenter\"><img loading=\"lazy\" decoding=\"async\" class=\"wp-image-2893 size-full\" src=\"https:\/\/www.e-wczasy.pl\/blog\/wp-content\/uploads\/2019\/07\/kapcie.jpg-e1563879750505.jpeg\" alt=\"Pami\u0105tki z wakacji co przywie\u017a\u0107 z wakacji?\" width=\"1200\" height=\"800\" \/><figcaption id=\"caption-attachment-2893\" class=\"wp-caption-text\">Zakopia\u0144skie kapcie must have ka\u017cdego urlopu.<\/figcaption><\/figure>\n<p><span style=\"font-weight: 400;\">Tak, jak z urlopu znad morza, warto i z <strong>wakacji w g\u00f3rach<\/strong> przywie\u017a\u0107 magnes lub kubeczek z motywem charakterystycznym dla danego regionu. Dla tych nieprzekonanych zach\u0119t\u0105 mo\u017ce by\u0107 zdanie jednej z internautek: &#8222;Tym razem przywioz\u0142am sobie kubek z napisem Zakopane i pi\u0119knymi widokami g\u00f3r. Kiedy pij\u0119 z niego kaw\u0119 przenosz\u0119 si\u0119 w te magiczne miejsca\u2026 i wracam wspomnieniami&#8221;.\u00a0<\/span><\/p>\n<p style=\"text-align: center;\"><a href=\"https:\/\/www.e-wczasy.pl\/noclegi\/w-gorach\"><span class=\"td_btn td_btn_md td_default_btn\">Zobacz popularne noclegi w g\u00f3rach<\/span><\/a><\/p>\n<figure id=\"attachment_2894\" aria-describedby=\"caption-attachment-2894\" style=\"width: 1200px\" class=\"wp-caption aligncenter\"><img loading=\"lazy\" decoding=\"async\" class=\"wp-image-2894 size-full\" src=\"https:\/\/www.e-wczasy.pl\/blog\/wp-content\/uploads\/2019\/07\/lod.jpg-e1563879907741.jpg\" alt=\"Co przywie\u017a\u0107 z wakacji magnesy na lod\u00f3wk\u0119, pami\u0105tki z wakacji\" width=\"1200\" height=\"900\" \/><figcaption id=\"caption-attachment-2894\" class=\"wp-caption-text\">Magnesy na lod\u00f3wk\u0119, por\u0119czne drobne upominki<\/figcaption><\/figure>\n<p><span style=\"font-weight: 400;\">Warto wspomnie\u0107 te\u017c o innych regionach Polski. <\/span><span style=\"font-weight: 400;\">Na Warmii kupicie <\/span><b>koniki weselne<\/b><span style=\"font-weight: 400;\">, na Podlasiu <\/span><b>lalki motanki<\/b><span style=\"font-weight: 400;\">, pod \u0141odzi\u0105 za\u015b <\/span><b>s\u0142omiane paj\u0105ki<\/b><span style=\"font-weight: 400;\">. W Bieszczadach <\/span><b>krywulki<\/b><span style=\"font-weight: 400;\">, czyli \u0142emkowsk\u0105 bi\u017cuteri\u0119, a na Podhalu <\/span><b>g\u00f3ralskie koraliki<\/b><span style=\"font-weight: 400;\"> i inne ozdoby ludowe. Gdziekolwiek jeste\u015bcie, rozgl\u0105dajcie si\u0119 za r\u0119kodzie\u0142em.<\/span><\/p>\n<h2><b>Napoje\u00a0<\/b><\/h2>\n<p><span style=\"font-weight: 400;\">Z wakacji mo\u017cna przewozi\u0107 rzeczy, kt\u00f3re przez d\u0142ugie lata postoj\u0105 na p\u00f3\u0142ce i ozdobi\u0105 nasz dom. Ale dobr\u0105 opcj\u0105 jest te\u017c zakup lokalnych produkt\u00f3w, kt\u00f3re <\/span>skonsumujemy potem z rodzin\u0105 lub przyjaci\u00f3\u0142mi<span style=\"font-weight: 400;\">.<\/span><\/p>\n<p><span style=\"font-weight: 400;\">Pomy\u015blmy chocia\u017cby o <\/span><b>Lubuskim Szlaku Wina i Miodu<\/b><span style=\"font-weight: 400;\">, d\u0142ugim na dwie\u015bcie kilometr\u00f3w i wiod\u0105cym przez kilkana\u015bcie winnic ulokowanych na wzniesieniach pradoliny Odry. Albo o <\/span>Podkarpackim Szlaku Winnic<span style=\"font-weight: 400;\"> w okolicach Jas\u0142a i Rzeszowa. Albo o <\/span><b>Ma\u0142opolskim Szlaku Winnym<\/b><span style=\"font-weight: 400;\">\u2026 No i co mo\u017cna przywie\u017a\u0107 z tamtych okolic?<\/span><\/p>\n<p><b>Nie zapominajmy o cydrze<\/b><span style=\"font-weight: 400;\">, kt\u00f3ry kr\u00f3lowa\u0142 na ziemiach polskich w XIX wieku, a w ostatnich latach wr\u00f3ci\u0142 do \u0142ask. Szczeg\u00f3lnym uznaniem ciesz\u0105 si\u0119 cydry <\/span><b>lubelskie i sandomierskie<\/b><span style=\"font-weight: 400;\">, ale dobre trunki wyrabia si\u0119 tak\u017ce z jab\u0142ek w innych cz\u0119\u015bciach kraju <\/span><span style=\"font-weight: 400;\">\u00a0<\/span><span style=\"font-weight: 400;\">\u2013 od Pomorza po Ma\u0142opolsk\u0119.<\/span><\/p>\n<figure id=\"attachment_2895\" aria-describedby=\"caption-attachment-2895\" style=\"width: 1200px\" class=\"wp-caption aligncenter\"><img loading=\"lazy\" decoding=\"async\" class=\"wp-image-2895 size-full\" src=\"https:\/\/www.e-wczasy.pl\/blog\/wp-content\/uploads\/2019\/07\/cydrjabl.jpg-e1563881667522.jpeg\" alt=\"Cydr Co przywie\u017a\u0107 z wakacji wyroby gastronomiczne, pami\u0105tki z wakacji\" width=\"1200\" height=\"792\" \/><figcaption id=\"caption-attachment-2895\" class=\"wp-caption-text\">Cydr<\/figcaption><\/figure>\n<p><span style=\"font-weight: 400;\">Wspomnieli\u015bmy o <\/span><b>miodach pitnych<\/b><span style=\"font-weight: 400;\">, ale pami\u0119ta\u0107 te\u017c trzeba o <\/span><b>miodzie zwyczajnym<\/b><span style=\"font-weight: 400;\">. Zdrowym, smacznym, wyst\u0119puj\u0105cym w wielu lokalnych odmianach. Mi\u00f3d rzepakowy z Roztocza, zio\u0142omi\u00f3d pokrzywowy spod Zielonej G\u00f3ry, s\u0105decki mi\u00f3d spadziowy, mi\u00f3d kaszubski, mi\u00f3d kurpiowski, mi\u00f3d drahimski z powiatu drawskiego (ten mo\u017cna kupi\u0107 w drodze do Ko\u0142obrzegu z Wielkopolski przez Wa\u0142cz). Oczywi\u015bcie najlepiej kupowa\u0107 je na straganach, a nie w sklepach czy dyskontach.\u00a0<\/span><\/p>\n<figure id=\"attachment_2896\" aria-describedby=\"caption-attachment-2896\" style=\"width: 1200px\" class=\"wp-caption aligncenter\"><img loading=\"lazy\" decoding=\"async\" class=\"wp-image-2896 size-full\" src=\"https:\/\/www.e-wczasy.pl\/blog\/wp-content\/uploads\/2019\/07\/miod.jpg-e1563881835756.jpeg\" alt=\"mi\u00f3d CO przywie\u017a\u0107 z wakacji - lokalne wyroby Pami\u0105tki z wakacji \" width=\"1200\" height=\"800\" \/><figcaption id=\"caption-attachment-2896\" class=\"wp-caption-text\">Mi\u00f3d s\u0142odki i zdrowy upominek z wakacji<\/figcaption><\/figure>\n<h2><strong>Co przywie\u017a\u0107 z wakacji? Pami\u0105tki za darmo<\/strong><\/h2>\n<p><span style=\"font-weight: 400;\">Rozgl\u0105daj si\u0119 za <strong>muszelkami.<\/strong> To \u015bwietna zabawa dla ca\u0142ej rodziny. Morski piasek w s\u0142oiku, z kt\u00f3rego mo\u017cesz zrobi\u0107 \u015bwiecznik lub po prostu wsypa\u0107 go do szklanego pojemnika. Wypatruj<strong> kamieni o ciekawych kszta\u0142tach\u00a0<\/strong><\/span><span style=\"font-weight: 400;\">\u2013\u00a0<\/span><span style=\"font-weight: 400;\">w rzekach, strumykach\u00a0 lub na morskim nabrze\u017cu. Zasuszony kwiatek w ulubionej ksi\u0105\u017cce <\/span><span style=\"font-weight: 400;\">\u2013<\/span><span style=\"font-weight: 400;\"> to wszystko obudzi\u00a0 wasze wspomnienia.<\/span><\/p>\n<figure id=\"attachment_2897\" aria-describedby=\"caption-attachment-2897\" style=\"width: 1200px\" class=\"wp-caption aligncenter\"><img loading=\"lazy\" decoding=\"async\" class=\"wp-image-2897 size-full\" src=\"https:\/\/www.e-wczasy.pl\/blog\/wp-content\/uploads\/2019\/07\/muszelki.jpg-e1563882333477.jpeg\" alt=\"Pami\u0105tki z wakacji muszelki co przywie\u017a\u0107 z wakacji\" width=\"1200\" height=\"800\" \/><figcaption id=\"caption-attachment-2897\" class=\"wp-caption-text\">Muszelki pami\u0105tki znad morza<\/figcaption><\/figure>\n<p><span style=\"font-weight: 400;\">Do kolekcji warto te\u017c doda\u0107 jedno s\u0142owo, kt\u00f3re m\u00f3wi wszystko\u00a0<\/span><span style=\"font-weight: 400;\">\u2013\u00a0<\/span><strong>zdj\u0119cia.\u00a0<\/strong><\/p>\n<figure id=\"attachment_2898\" aria-describedby=\"caption-attachment-2898\" style=\"width: 1200px\" class=\"wp-caption aligncenter\"><img loading=\"lazy\" decoding=\"async\" class=\"wp-image-2898 size-full\" src=\"https:\/\/www.e-wczasy.pl\/blog\/wp-content\/uploads\/2019\/07\/fott.jpg-e1563883076469.jpeg\" alt=\"Pami\u0105tki z wakacji - zdj\u0119cia z wakacji Co przywie\u017a\u0107 z wakacji\" width=\"1200\" height=\"801\" \/><figcaption id=\"caption-attachment-2898\" class=\"wp-caption-text\">Zdj\u0119cia &#8211; idealne pami\u0105tki z wakacji<\/figcaption><\/figure>\n<p><span style=\"font-weight: 400;\">Pami\u0105tki z wakacji mog\u0105 by\u0107 i drogie, i tanie; du\u017ce i ma\u0142e. Rozgl\u0105daj si\u0119, a na pewno znajdziesz co\u015b unikatowego dla siebie. Miej na uwadze <strong>wyroby lokalne<\/strong>, ale i popularne bibeloty. Niekt\u00f3re z nich b\u0119d\u0105 s\u0142u\u017cy\u0107 przez d\u0142ugie lata.<\/span><\/p>\n<p>Autorzy: Sara Pola\u0144ska, Daniel Nogal<\/p>\n","protected":false},"excerpt":{"rendered":"<p>Co przywie\u017a\u0107 z wakacji? Co op\u0142aca si\u0119 kupi\u0107 w g\u00f3rach lub nad morzem?\u00a0A mo\u017ce warto pozna\u0107 i dowiedzie\u0107 si\u0119 z jakich wyrob\u00f3w znany jest dany region turystyczny?\u00a0Na te i inne pytania postaramy si\u0119 odpowiedzie\u0107 poni\u017cej. Nie ma co ukrywa\u0107 \u2013 na wakacjach l\u017cejsz\u0105 r\u0119k\u0105 wydajemy pieni\u0105dze. W drodze na pla\u017c\u0119 stoj\u0105 kramy i stragany uginaj\u0105ce [&hellip;]<\/p>\n","protected":false},"author":7,"featured_media":2911,"comment_status":"closed","ping_status":"open","sticky":false,"template":"","format":"standard","meta":{"_lmt_disableupdate":"","_lmt_disable":"","footnotes":""},"categories":[4],"tags":[7,137,8,134],"class_list":{"0":"post-2878","1":"post","2":"type-post","3":"status-publish","4":"format-standard","5":"has-post-thumbnail","7":"category-poradnik-turysty","8":"tag-nad-morzem","9":"tag-pamiatki","10":"tag-w-gorach","11":"tag-wakacje"},"yoast_head":"<!-- This site is optimized with the Yoast SEO plugin v26.1.1 - https:\/\/yoast.com\/wordpress\/plugins\/seo\/ -->\n<title>Co przywie\u017a\u0107 z wakacji? - Blog E-wczasy.pl - Noclegi w Polsce. Atrakcje i porady<\/title>\n<meta name=\"description\" content=\"Co przywie\u017a\u0107 wakacji, jakie pamiatki warto kupu\u0107, kt\u00f3re pami\u0105tki s\u0105 za darmo, pamiatki znad morza, pami\u0105tki z g\u00f3r,\" \/>\n<meta name=\"robots\" content=\"index, follow, max-snippet:-1, max-image-preview:large, max-video-preview:-1\" \/>\n<link rel=\"canonical\" href=\"https:\/\/www.e-wczasy.pl\/blog\/co-przywiezc-z-wakacji\/\" \/>\n<meta property=\"og:locale\" content=\"pl_PL\" \/>\n<meta property=\"og:type\" content=\"article\" \/>\n<meta property=\"og:title\" content=\"Co przywie\u017a\u0107 z wakacji? - Blog E-wczasy.pl - Noclegi w Polsce. Atrakcje i porady\" \/>\n<meta property=\"og:description\" content=\"Co przywie\u017a\u0107 wakacji, jakie pamiatki warto kupu\u0107, kt\u00f3re pami\u0105tki s\u0105 za darmo, pamiatki znad morza, pami\u0105tki z g\u00f3r,\" \/>\n<meta property=\"og:url\" content=\"https:\/\/www.e-wczasy.pl\/blog\/co-przywiezc-z-wakacji\/\" \/>\n<meta property=\"og:site_name\" content=\"Blog E-wczasy.pl - Noclegi w Polsce. Atrakcje i porady\" \/>\n<meta property=\"article:published_time\" content=\"2019-07-25T16:12:28+00:00\" \/>\n<meta property=\"article:modified_time\" content=\"2020-11-12T15:21:31+00:00\" \/>\n<meta property=\"og:image\" content=\"https:\/\/www.e-wczasy.pl\/blog\/wp-content\/uploads\/2019\/07\/pamiatki.jpg-e1564070872262.jpeg\" \/>\n\t<meta property=\"og:image:width\" content=\"1200\" \/>\n\t<meta property=\"og:image:height\" content=\"800\" \/>\n\t<meta property=\"og:image:type\" content=\"image\/jpeg\" \/>\n<meta name=\"author\" content=\"Sara Pola\u0144ska\" \/>\n<meta name=\"twitter:card\" content=\"summary_large_image\" \/>\n<meta name=\"twitter:label1\" content=\"Napisane przez\" \/>\n\t<meta name=\"twitter:data1\" content=\"Sara Pola\u0144ska\" \/>\n\t<meta name=\"twitter:label2\" content=\"Szacowany czas czytania\" \/>\n\t<meta name=\"twitter:data2\" content=\"8 minut\" \/>\n<script type=\"application\/ld+json\" class=\"yoast-schema-graph\">{\"@context\":\"https:\/\/schema.org\",\"@graph\":[{\"@type\":\"WebPage\",\"@id\":\"https:\/\/www.e-wczasy.pl\/blog\/co-przywiezc-z-wakacji\/\",\"url\":\"https:\/\/www.e-wczasy.pl\/blog\/co-przywiezc-z-wakacji\/\",\"name\":\"Co przywie\u017a\u0107 z wakacji? - Blog E-wczasy.pl - Noclegi w Polsce. Atrakcje i porady\",\"isPartOf\":{\"@id\":\"https:\/\/www.e-wczasy.pl\/blog\/#website\"},\"primaryImageOfPage\":{\"@id\":\"https:\/\/www.e-wczasy.pl\/blog\/co-przywiezc-z-wakacji\/#primaryimage\"},\"image\":{\"@id\":\"https:\/\/www.e-wczasy.pl\/blog\/co-przywiezc-z-wakacji\/#primaryimage\"},\"thumbnailUrl\":\"https:\/\/www.e-wczasy.pl\/blog\/wp-content\/uploads\/2019\/07\/pamiatki.jpg-e1564070872262.jpeg\",\"datePublished\":\"2019-07-25T16:12:28+00:00\",\"dateModified\":\"2020-11-12T15:21:31+00:00\",\"author\":{\"@id\":\"https:\/\/www.e-wczasy.pl\/blog\/#\/schema\/person\/b7d33a11266022788311b3aa4ae90303\"},\"description\":\"Co przywie\u017a\u0107 wakacji, jakie pamiatki warto kupu\u0107, kt\u00f3re pami\u0105tki s\u0105 za darmo, pamiatki znad morza, pami\u0105tki z g\u00f3r,\",\"breadcrumb\":{\"@id\":\"https:\/\/www.e-wczasy.pl\/blog\/co-przywiezc-z-wakacji\/#breadcrumb\"},\"inLanguage\":\"pl-PL\",\"potentialAction\":[{\"@type\":\"ReadAction\",\"target\":[\"https:\/\/www.e-wczasy.pl\/blog\/co-przywiezc-z-wakacji\/\"]}]},{\"@type\":\"ImageObject\",\"inLanguage\":\"pl-PL\",\"@id\":\"https:\/\/www.e-wczasy.pl\/blog\/co-przywiezc-z-wakacji\/#primaryimage\",\"url\":\"https:\/\/www.e-wczasy.pl\/blog\/wp-content\/uploads\/2019\/07\/pamiatki.jpg-e1564070872262.jpeg\",\"contentUrl\":\"https:\/\/www.e-wczasy.pl\/blog\/wp-content\/uploads\/2019\/07\/pamiatki.jpg-e1564070872262.jpeg\",\"width\":1200,\"height\":800},{\"@type\":\"BreadcrumbList\",\"@id\":\"https:\/\/www.e-wczasy.pl\/blog\/co-przywiezc-z-wakacji\/#breadcrumb\",\"itemListElement\":[{\"@type\":\"ListItem\",\"position\":1,\"name\":\"Strona g\u0142\u00f3wna\",\"item\":\"https:\/\/www.e-wczasy.pl\/blog\/\"},{\"@type\":\"ListItem\",\"position\":2,\"name\":\"Co przywie\u017a\u0107 z wakacji?\"}]},{\"@type\":\"WebSite\",\"@id\":\"https:\/\/www.e-wczasy.pl\/blog\/#website\",\"url\":\"https:\/\/www.e-wczasy.pl\/blog\/\",\"name\":\"Blog E-wczasy.pl - Noclegi w Polsce. Atrakcje i porady\",\"description\":\"\",\"potentialAction\":[{\"@type\":\"SearchAction\",\"target\":{\"@type\":\"EntryPoint\",\"urlTemplate\":\"https:\/\/www.e-wczasy.pl\/blog\/?s={search_term_string}\"},\"query-input\":{\"@type\":\"PropertyValueSpecification\",\"valueRequired\":true,\"valueName\":\"search_term_string\"}}],\"inLanguage\":\"pl-PL\"},{\"@type\":\"Person\",\"@id\":\"https:\/\/www.e-wczasy.pl\/blog\/#\/schema\/person\/b7d33a11266022788311b3aa4ae90303\",\"name\":\"Sara Pola\u0144ska\",\"image\":{\"@type\":\"ImageObject\",\"inLanguage\":\"pl-PL\",\"@id\":\"https:\/\/www.e-wczasy.pl\/blog\/#\/schema\/person\/image\/\",\"url\":\"https:\/\/secure.gravatar.com\/avatar\/31f74aafcb294f70000ab5d770bee2d609907b0ec92bc58a06d9ef68a5ba7238?s=96&d=mm&r=g\",\"contentUrl\":\"https:\/\/secure.gravatar.com\/avatar\/31f74aafcb294f70000ab5d770bee2d609907b0ec92bc58a06d9ef68a5ba7238?s=96&d=mm&r=g\",\"caption\":\"Sara Pola\u0144ska\"},\"description\":\"Niepoprawna optymistka i mi\u0142o\u015bniczka sielskich polskich krajobraz\u00f3w. Lubi poznawa\u0107 nowe miejsca ale przede wszystkim ludzi. Od wielu lat zwi\u0105zana z e-wczasy.pl gdzie przekuwa swoje zainteresowania i osobowo\u015b\u0107 na budowanie relacji z klientami a swoim do\u015bwiadczeniem pomaga im podejmowa\u0107 m\u0105dre decyzje biznesowe. Prywatnie r\u00f3wnie\u017c super mama, pasjonatka historii a tak\u017ce ratownik medyczny i WOPR\",\"url\":\"https:\/\/www.e-wczasy.pl\/blog\/author\/sara\/\"}]}<\/script>\n<!-- \/ Yoast SEO plugin. -->","yoast_head_json":{"title":"Co przywie\u017a\u0107 z wakacji? - Blog E-wczasy.pl - Noclegi w Polsce. Atrakcje i porady","description":"Co przywie\u017a\u0107 wakacji, jakie pamiatki warto kupu\u0107, kt\u00f3re pami\u0105tki s\u0105 za darmo, pamiatki znad morza, pami\u0105tki z g\u00f3r,","robots":{"index":"index","follow":"follow","max-snippet":"max-snippet:-1","max-image-preview":"max-image-preview:large","max-video-preview":"max-video-preview:-1"},"canonical":"https:\/\/www.e-wczasy.pl\/blog\/co-przywiezc-z-wakacji\/","og_locale":"pl_PL","og_type":"article","og_title":"Co przywie\u017a\u0107 z wakacji? - Blog E-wczasy.pl - Noclegi w Polsce. Atrakcje i porady","og_description":"Co przywie\u017a\u0107 wakacji, jakie pamiatki warto kupu\u0107, kt\u00f3re pami\u0105tki s\u0105 za darmo, pamiatki znad morza, pami\u0105tki z g\u00f3r,","og_url":"https:\/\/www.e-wczasy.pl\/blog\/co-przywiezc-z-wakacji\/","og_site_name":"Blog E-wczasy.pl - Noclegi w Polsce. Atrakcje i porady","article_published_time":"2019-07-25T16:12:28+00:00","article_modified_time":"2020-11-12T15:21:31+00:00","og_image":[{"width":1200,"height":800,"url":"https:\/\/www.e-wczasy.pl\/blog\/wp-content\/uploads\/2019\/07\/pamiatki.jpg-e1564070872262.jpeg","type":"image\/jpeg"}],"author":"Sara Pola\u0144ska","twitter_card":"summary_large_image","twitter_misc":{"Napisane przez":"Sara Pola\u0144ska","Szacowany czas czytania":"8 minut"},"schema":{"@context":"https:\/\/schema.org","@graph":[{"@type":"WebPage","@id":"https:\/\/www.e-wczasy.pl\/blog\/co-przywiezc-z-wakacji\/","url":"https:\/\/www.e-wczasy.pl\/blog\/co-przywiezc-z-wakacji\/","name":"Co przywie\u017a\u0107 z wakacji? - Blog E-wczasy.pl - Noclegi w Polsce. Atrakcje i porady","isPartOf":{"@id":"https:\/\/www.e-wczasy.pl\/blog\/#website"},"primaryImageOfPage":{"@id":"https:\/\/www.e-wczasy.pl\/blog\/co-przywiezc-z-wakacji\/#primaryimage"},"image":{"@id":"https:\/\/www.e-wczasy.pl\/blog\/co-przywiezc-z-wakacji\/#primaryimage"},"thumbnailUrl":"https:\/\/www.e-wczasy.pl\/blog\/wp-content\/uploads\/2019\/07\/pamiatki.jpg-e1564070872262.jpeg","datePublished":"2019-07-25T16:12:28+00:00","dateModified":"2020-11-12T15:21:31+00:00","author":{"@id":"https:\/\/www.e-wczasy.pl\/blog\/#\/schema\/person\/b7d33a11266022788311b3aa4ae90303"},"description":"Co przywie\u017a\u0107 wakacji, jakie pamiatki warto kupu\u0107, kt\u00f3re pami\u0105tki s\u0105 za darmo, pamiatki znad morza, pami\u0105tki z g\u00f3r,","breadcrumb":{"@id":"https:\/\/www.e-wczasy.pl\/blog\/co-przywiezc-z-wakacji\/#breadcrumb"},"inLanguage":"pl-PL","potentialAction":[{"@type":"ReadAction","target":["https:\/\/www.e-wczasy.pl\/blog\/co-przywiezc-z-wakacji\/"]}]},{"@type":"ImageObject","inLanguage":"pl-PL","@id":"https:\/\/www.e-wczasy.pl\/blog\/co-przywiezc-z-wakacji\/#primaryimage","url":"https:\/\/www.e-wczasy.pl\/blog\/wp-content\/uploads\/2019\/07\/pamiatki.jpg-e1564070872262.jpeg","contentUrl":"https:\/\/www.e-wczasy.pl\/blog\/wp-content\/uploads\/2019\/07\/pamiatki.jpg-e1564070872262.jpeg","width":1200,"height":800},{"@type":"BreadcrumbList","@id":"https:\/\/www.e-wczasy.pl\/blog\/co-przywiezc-z-wakacji\/#breadcrumb","itemListElement":[{"@type":"ListItem","position":1,"name":"Strona g\u0142\u00f3wna","item":"https:\/\/www.e-wczasy.pl\/blog\/"},{"@type":"ListItem","position":2,"name":"Co przywie\u017a\u0107 z wakacji?"}]},{"@type":"WebSite","@id":"https:\/\/www.e-wczasy.pl\/blog\/#website","url":"https:\/\/www.e-wczasy.pl\/blog\/","name":"Blog E-wczasy.pl - Noclegi w Polsce. Atrakcje i porady","description":"","potentialAction":[{"@type":"SearchAction","target":{"@type":"EntryPoint","urlTemplate":"https:\/\/www.e-wczasy.pl\/blog\/?s={search_term_string}"},"query-input":{"@type":"PropertyValueSpecification","valueRequired":true,"valueName":"search_term_string"}}],"inLanguage":"pl-PL"},{"@type":"Person","@id":"https:\/\/www.e-wczasy.pl\/blog\/#\/schema\/person\/b7d33a11266022788311b3aa4ae90303","name":"Sara Pola\u0144ska","image":{"@type":"ImageObject","inLanguage":"pl-PL","@id":"https:\/\/www.e-wczasy.pl\/blog\/#\/schema\/person\/image\/","url":"https:\/\/secure.gravatar.com\/avatar\/31f74aafcb294f70000ab5d770bee2d609907b0ec92bc58a06d9ef68a5ba7238?s=96&d=mm&r=g","contentUrl":"https:\/\/secure.gravatar.com\/avatar\/31f74aafcb294f70000ab5d770bee2d609907b0ec92bc58a06d9ef68a5ba7238?s=96&d=mm&r=g","caption":"Sara Pola\u0144ska"},"description":"Niepoprawna optymistka i mi\u0142o\u015bniczka sielskich polskich krajobraz\u00f3w. Lubi poznawa\u0107 nowe miejsca ale przede wszystkim ludzi. Od wielu lat zwi\u0105zana z e-wczasy.pl gdzie przekuwa swoje zainteresowania i osobowo\u015b\u0107 na budowanie relacji z klientami a swoim do\u015bwiadczeniem pomaga im podejmowa\u0107 m\u0105dre decyzje biznesowe. Prywatnie r\u00f3wnie\u017c super mama, pasjonatka historii a tak\u017ce ratownik medyczny i WOPR","url":"https:\/\/www.e-wczasy.pl\/blog\/author\/sara\/"}]}},"modified_by":"Sara Pola\u0144ska","_links":{"self":[{"href":"https:\/\/www.e-wczasy.pl\/blog\/wp-json\/wp\/v2\/posts\/2878","targetHints":{"allow":["GET"]}}],"collection":[{"href":"https:\/\/www.e-wczasy.pl\/blog\/wp-json\/wp\/v2\/posts"}],"about":[{"href":"https:\/\/www.e-wczasy.pl\/blog\/wp-json\/wp\/v2\/types\/post"}],"author":[{"embeddable":true,"href":"https:\/\/www.e-wczasy.pl\/blog\/wp-json\/wp\/v2\/users\/7"}],"replies":[{"embeddable":true,"href":"https:\/\/www.e-wczasy.pl\/blog\/wp-json\/wp\/v2\/comments?post=2878"}],"version-history":[{"count":21,"href":"https:\/\/www.e-wczasy.pl\/blog\/wp-json\/wp\/v2\/posts\/2878\/revisions"}],"predecessor-version":[{"id":5627,"href":"https:\/\/www.e-wczasy.pl\/blog\/wp-json\/wp\/v2\/posts\/2878\/revisions\/5627"}],"wp:featuredmedia":[{"embeddable":true,"href":"https:\/\/www.e-wczasy.pl\/blog\/wp-json\/wp\/v2\/media\/2911"}],"wp:attachment":[{"href":"https:\/\/www.e-wczasy.pl\/blog\/wp-json\/wp\/v2\/media?parent=2878"}],"wp:term":[{"taxonomy":"category","embeddable":true,"href":"https:\/\/www.e-wczasy.pl\/blog\/wp-json\/wp\/v2\/categories?post=2878"},{"taxonomy":"post_tag","embeddable":true,"href":"https:\/\/www.e-wczasy.pl\/blog\/wp-json\/wp\/v2\/tags?post=2878"}],"curies":[{"name":"wp","href":"https:\/\/api.w.org\/{rel}","templated":true}]}}