{"id":2517,"date":"2019-05-17T14:33:00","date_gmt":"2019-05-17T12:33:00","guid":{"rendered":"http:\/\/www.e-wczasy.pl\/blog\/?p=2517"},"modified":"2020-03-03T11:07:55","modified_gmt":"2020-03-03T10:07:55","slug":"imprezy-nad-morzem-2019","status":"publish","type":"post","link":"https:\/\/www.e-wczasy.pl\/blog\/imprezy-nad-morzem-2019\/","title":{"rendered":"Imprezy nad morzem 2019"},"content":{"rendered":"<p><strong><a href=\"https:\/\/www.e-wczasy.pl\/noclegi\/nad-morzem\">Wczasy nad morzem<\/a> nie musz\u0105 ogranicza\u0107 si\u0119 do pla\u017cowania, jedzenia ryb i mo\u017ce jeszcze zwiedzania gda\u0144skich zabytk\u00f3w czy spacerowania po sopockim molo. Planuj\u0105c wyjazd nad Ba\u0142tyk, warto tak\u017ce wzi\u0105\u0107 pod uwag\u0119 imprezy, jakie odbywaj\u0105 si\u0119 tam latem. A jest ich niema\u0142o. W ci\u0105gu ca\u0142ego roku cz\u0119sto brakuje nam czasu na to, by wzi\u0105\u0107 udzia\u0142 w jakim\u015b wydarzeniu kulturalnym\u00a0\u2013 urlop to idealny czas, by nadrobi\u0107 zaleg\u0142o\u015bci i pozwoli\u0107 sobie na kulturaln\u0105 rozrywk\u0119! \ud83d\ude42<\/strong><\/p>\n<h2><strong>Fl\u0105der Festiwal 2019 (Gda\u0144sk, 14-15 czerwca)<\/strong><\/h2>\n<p>Najwi\u0119kszy <strong>plenerowy festiwal polskiej muzyki niezale\u017cnej<\/strong> nad Morzem Ba\u0142tyckim \u0142\u0105czy r\u00f3\u017cnorodne gatunki: od rocka, przez blues, jazz i folk, a\u017c po muzyk\u0119 elektroniczn\u0105. Trzy sceny na pla\u017cy przy gda\u0144skim molo, ponad trzydziestu wykonawc\u00f3w i darmowy wst\u0119p!<\/p>\n<p><strong>Tutaj zarezerwuj sprawdzone <a href=\"https:\/\/www.e-wczasy.pl\/noclegi\/gdansk\">noclegi w Gda\u0144sku<\/a><\/strong><\/p>\n<p><iframe width=\"696\" height=\"392\" src=\"https:\/\/www.youtube.com\/embed\/J6EhoEVHMVw?feature=oembed&#038;enablejsapi=1&#038;origin=https:\/\/www.e-wczasy.pl\" frameborder=\"0\" allow=\"accelerometer; autoplay; encrypted-media; gyroscope; picture-in-picture\" allowfullscreen><\/iframe><\/p>\n<h2><strong>\u015awi\u0119to Morza 2019 (Gdynia, 21-30 czerwca)<\/strong><\/h2>\n<p>W 2013 roku uda\u0142o si\u0119 wskrzesi\u0107 imprez\u0119, kt\u00f3rej pocz\u0105tki si\u0119gaj\u0105 dwudziestolecia mi\u0119dzywojennego. \u015awi\u0119to Morza to koncerty i wystawy, pokazy film\u00f3w i wyk\u0142ady, jarmarki i festyny, a tak\u017ce turnieje sportowe \u2013 w tym oczywi\u015bcie regaty. Specjaln\u0105 atrakcj\u0119 stanowi\u0107 ma w tym roku mo\u017cliwo\u015b\u0107 <strong>zwiedzania fregaty Chi\u0144skiej Marynarki Wojennej FFG BINZHOU<\/strong>.<\/p>\n<p><strong>Szukasz sprawdzonego\u00a0<a href=\"https:\/\/www.e-wczasy.pl\/noclegi\/gdynia\">noclegu w Gdyni<\/a> ?\u00a0<\/strong><\/p>\n<p><iframe width=\"696\" height=\"392\" src=\"https:\/\/www.youtube.com\/embed\/-2O8nOS_wqU?feature=oembed&#038;enablejsapi=1&#038;origin=https:\/\/www.e-wczasy.pl\" frameborder=\"0\" allow=\"accelerometer; autoplay; encrypted-media; gyroscope; picture-in-picture\" allowfullscreen><\/iframe><\/p>\n<h2><strong>Festiwal Kolor\u00f3w Nocy \u015awi\u0119toja\u0144skiej 2019 (Gda\u0144sk, 22 czerwca)<\/strong><\/h2>\n<p>Scena Muzyczna Gda\u0144skiego Archipelagu Kultury otworzy sezon imprez plenerowych w <strong>najkr\u00f3tsz\u0105 noc roku<\/strong>. Wielkiemu obrzucaniu si\u0119 kolorowymi proszkami towarzyszy\u0107 b\u0119d\u0105 koncerty i ta\u0144ce, a na tych, kt\u00f3rzy zg\u0142odniej\u0105, czeka\u0107 maj\u0105 rozmaite food trucki.<\/p>\n<p><img fetchpriority=\"high\" decoding=\"async\" class=\"aligncenter size-full wp-image-2536\" src=\"https:\/\/www.e-wczasy.pl\/blog\/wp-content\/uploads\/2019\/05\/festyn.jpg-e1558093805346.jpeg\" alt=\"Festiwal kolor\u00f3w\" width=\"2526\" height=\"1887\" \/><\/p>\n<h2><strong>Open&#8217;er Festival 2019 (Gdynia, 3-6 lipca)<\/strong><\/h2>\n<p><strong>Najwi\u0119kszy i najbardziej zr\u00f3\u017cnicowany festiwal w Polsce<\/strong> przyci\u0105ga nad Ba\u0142tyk dziesi\u0105tki tysi\u0119cy fan\u00f3w muzyki i najwi\u0119ksze \u015bwiatowe gwiazdy. W tym roku na lotnisku Gdynia-Kosakowa pojawi\u0105 si\u0119 mi\u0119dzy innymi The Smashing Pumpkins, The Strokes, Lana Del Rey i Travis Scott.<\/p>\n<p><iframe width=\"696\" height=\"392\" src=\"https:\/\/www.youtube.com\/embed\/uIV6szkOeqY?feature=oembed&#038;enablejsapi=1&#038;origin=https:\/\/www.e-wczasy.pl\" frameborder=\"0\" allow=\"accelerometer; autoplay; encrypted-media; gyroscope; picture-in-picture\" allowfullscreen><\/iframe><\/p>\n<h2><strong>Baltic Sail 2019 \u2013 Mi\u0119dzynarodowy Zlot \u017baglowc\u00f3w (Gda\u0144sk, 5-8 lipca)<\/strong><\/h2>\n<p>Celem mi\u0119dzynarodowej inicjatywy, kt\u00f3rej pocz\u0105tki si\u0119gaj\u0105 roku 1991, jest promowanie dziedzictwa regionu Morza Ba\u0142tyckiego oraz wspieranie tradycyjnej \u017ceglugi. Tegorocznemu zlotowi towarzyszy\u0107 b\u0119d\u0105 takie atrakcje, jak parada \u017caglowc\u00f3w na Mot\u0142awie, festiwal Szanty pod \u017burawiem oraz kolejna edycja <strong>regat Nord Cup<\/strong>.<\/p>\n<p><iframe width=\"696\" height=\"392\" src=\"https:\/\/www.youtube.com\/embed\/FqZ_m3j3DC8?feature=oembed&#038;enablejsapi=1&#038;origin=https:\/\/www.e-wczasy.pl\" frameborder=\"0\" allow=\"accelerometer; autoplay; encrypted-media; gyroscope; picture-in-picture\" allowfullscreen><\/iframe><\/p>\n<h2><strong>FETA \u2013 Festiwal Teatr\u00f3w Plenerowych i Ulicznych 2019 (Gda\u0144sk, 11-14 lipca)<\/strong><\/h2>\n<p>Wydarzenie organizowane na terenie Starego Przedmie\u015bcia i Dolnego Miasta daje mo\u017cliwo\u015b\u0107 poznania trend\u00f3w we <strong>wsp\u00f3\u0142czesnym teatrze plenerowym i teatrze ta\u0144ca<\/strong> \u2013 zar\u00f3wno w wydaniu polskim, jak i zagranicznym. Przyst\u0119pna forma i darmowy dost\u0119p do spektakli ka\u017cdemu daj\u0105 szans\u0119 na to, by sta\u0142 si\u0119 odbiorc\u0105 ambitnej kultury.<\/p>\n<p><iframe width=\"696\" height=\"392\" src=\"https:\/\/www.youtube.com\/embed\/XL5fbUrFz50?feature=oembed&#038;enablejsapi=1&#038;origin=https:\/\/www.e-wczasy.pl\" frameborder=\"0\" allow=\"accelerometer; autoplay; encrypted-media; gyroscope; picture-in-picture\" allowfullscreen><\/iframe><\/p>\n<h2><strong>Sopot Film Festival 2019 (Sopot, 13-21 lipca)<\/strong><\/h2>\n<p>Na program imprezy sk\u0142adaj\u0105 si\u0119 nie tylko pokazy filmowe, ale r\u00f3wnie\u017c wystawy, warsztaty, panele dyskusyjne, spotkania z tw\u00f3rcami, koncerty do kina niemego oraz dzia\u0142ania filmowe w przestrzeni miejskiej. Festiwal prezentuje <strong>przekr\u00f3j kina \u015bwiatowego<\/strong>, z wyr\u00f3\u017cnieniem dorobku rodzimej kinematografii. Obejrzymy zar\u00f3wno ca\u0142kiem nowe rzeczy, jak i uznan\u0105 klasyk\u0119.<strong> Sprawd\u017a wybierz i zarezerwuj <a href=\"https:\/\/www.e-wczasy.pl\/noclegi\/sopot\">noclegi w Sopocie<\/a><\/strong><\/p>\n<p><iframe width=\"696\" height=\"392\" src=\"https:\/\/www.youtube.com\/embed\/RrijRMkr1Bs?feature=oembed&#038;enablejsapi=1&#038;origin=https:\/\/www.e-wczasy.pl\" frameborder=\"0\" allow=\"accelerometer; autoplay; encrypted-media; gyroscope; picture-in-picture\" allowfullscreen><\/iframe><\/p>\n<h2><strong>Globaltica World Cultures Festival 2019 (Gdynia, 17-21 lipca)<\/strong><\/h2>\n<p>Na kolejn\u0105 edycj\u0119 festiwalu organizatorzy zaprosili, jak zawsze, nagradzanych muzyk\u00f3w z ca\u0142ego \u015bwiata. Muzyk\u00f3w, kt\u00f3rzy w swej tw\u00f3rczo\u015bci <strong>\u0142\u0105cz\u0105 nowoczesno\u015b\u0107 z kultur\u0105 tradycyjn\u0105<\/strong>. Ale Globaltica to nie tylko koncerty. To wystawy i warsztaty, pokazy film\u00f3w i spotkania literackie, a tak\u017ce wielki, kilkudniowy piknik w zabytkowym Parku Kolibki.<\/p>\n<p><iframe width=\"696\" height=\"392\" src=\"https:\/\/www.youtube.com\/embed\/KxZHtoFH_0w?feature=oembed&#038;enablejsapi=1&#038;origin=https:\/\/www.e-wczasy.pl\" frameborder=\"0\" allow=\"accelerometer; autoplay; encrypted-media; gyroscope; picture-in-picture\" allowfullscreen><\/iframe><\/p>\n<h2><strong>Sunrise Festival 2019 (Ko\u0142obrzeg, 19-21 lipca)<\/strong><\/h2>\n<p>\u201eFestiwal Wschodz\u0105cego S\u0142o\u0144ca\u201d to jedna z <strong>najwi\u0119kszych polskich imprez z muzyk\u0105 elektroniczn\u0105<\/strong>. W tym roku wydarzenie przenosi si\u0119 ze zbyt ciasnego ju\u017c ko\u0142obrzeskiego amfiteatru na lotnisko Ko\u0142obrzeg-Bagicz. Tam b\u0119dzie mog\u0142o wyrosn\u0105\u0107 ca\u0142e festiwalowe miasteczko, Sun City, oddalone od pla\u017cy o ledwie kilkadziesi\u0105t metr\u00f3w. Szukasz <a href=\"https:\/\/www.e-wczasy.pl\/noclegi\/kolobrzeg\">noclegu w Ko\u0142obrzegu<\/a> na sunrise?<\/p>\n<p><iframe width=\"696\" height=\"392\" src=\"https:\/\/www.youtube.com\/embed\/9Ozi3HrGABI?feature=oembed&#038;enablejsapi=1&#038;origin=https:\/\/www.e-wczasy.pl\" frameborder=\"0\" allow=\"accelerometer; autoplay; encrypted-media; gyroscope; picture-in-picture\" allowfullscreen><\/iframe><\/p>\n<h2><strong>Gda\u0144sk D\u017awiga Muz\u0119 2019 (Gda\u0144sk, 19-21 lipca)<\/strong><\/h2>\n<p>Za spraw\u0105 <strong>mi\u0119dzynarodowego festiwalu ta\u0144ca<\/strong> Plac Zebra\u0144 Ludowych w centrum Gda\u0144ska stanie si\u0119 miasteczkiem tanecznym. G\u0142\u00f3wn\u0105 atrakcj\u0119 imprezy stanowi\u0105 warsztaty prowadzone przez uznanych choreograf\u00f3w z Polski i ze \u015bwiata. Zaplanowano te\u017c oczywi\u015bcie zawody, koncerty i wiele godzin tanecznej zabawy dla ka\u017cdego.<\/p>\n<p><iframe width=\"696\" height=\"392\" src=\"https:\/\/www.youtube.com\/embed\/xoFg94TV1-I?feature=oembed&#038;enablejsapi=1&#038;origin=https:\/\/www.e-wczasy.pl\" frameborder=\"0\" allow=\"accelerometer; autoplay; encrypted-media; gyroscope; picture-in-picture\" allowfullscreen><\/iframe><\/p>\n<h2><strong>Festiwal Szekspirowski 2019 (Gda\u0144sk, 26 lipca \u2013 4 sierpnia)<\/strong><\/h2>\n<p>Zainicjowany na pocz\u0105tku lat dziewi\u0119\u0107dziesi\u0105tych, nale\u017cy do najwa\u017cniejszych imprez teatralnych w Europie. W programie spektakle trup aktorskich z W\u0142och, Chorwacji, Wielkiej Brytanii, Rosji. Nowo\u015bci\u0105 b\u0119dzie nurt <strong>\u201eWok\u00f3\u0142 Szekspira\u201d<\/strong>, w ramach kt\u00f3rego zaprezentowane zostan\u0105 dzie\u0142a dramatopisarzy wsp\u00f3\u0142czesnych Szekspirowi oraz autor\u00f3w odnosz\u0105cych si\u0119 do tw\u00f3rczo\u015bci Szekspira w dzisiejszych czasach.<\/p>\n<p><iframe width=\"696\" height=\"392\" src=\"https:\/\/www.youtube.com\/embed\/BHaY1bUOqE0?feature=oembed&#038;enablejsapi=1&#038;origin=https:\/\/www.e-wczasy.pl\" frameborder=\"0\" allow=\"accelerometer; autoplay; encrypted-media; gyroscope; picture-in-picture\" allowfullscreen><\/iframe><\/p>\n<h2><strong>Jarmark Dominika\u0144ski 2019 (Gda\u0144sk, 27 lipca \u2013 18 sierpnia)<\/strong><\/h2>\n<p>Odbywaj\u0105ce si\u0119 na G\u0142\u00f3wnym Mie\u015bcie tradycyjne targi to <strong>jedna z najwi\u0119kszych europejskich imprez plenerowych<\/strong> o charakterze handlowo-kulturalnym. Jarmark zorganizowano tutaj po raz pierwszy w 1260 roku. Dzi\u015b, podobnie jak w \u015bredniowieczu, uczestnicy mog\u0105 si\u0119 na nim naje\u015b\u0107, zrobi\u0107 zakupy i bawi\u0107 si\u0119 do p\u00f3\u017ana.<\/p>\n<p><iframe width=\"696\" height=\"392\" src=\"https:\/\/www.youtube.com\/embed\/8a36ZiaojD4?feature=oembed&#038;enablejsapi=1&#038;origin=https:\/\/www.e-wczasy.pl\" frameborder=\"0\" allow=\"accelerometer; autoplay; encrypted-media; gyroscope; picture-in-picture\" allowfullscreen><\/iframe><\/p>\n<h2><strong>Do\u017cynki Rybne \u2013 \u015awi\u0119to Ustki 2019 (Ustka, 14-15 sierpnia)<\/strong><\/h2>\n<p>Podczas najwa\u017cniejszej z cyklicznych imprez <a href=\"https:\/\/www.e-wczasy.pl\/noclegi\/ustka\">w Ustce<\/a> kalendarzu we\u017amiemy udzia\u0142 w <strong>zabawach rybackich<\/strong>, takich jak rzucanie sieci\u0105, w pokazach kulinarnych i przer\u00f3\u017cnych warsztatach. Odb\u0119dzie si\u0119 te\u017c jarmark, podczas kt\u00f3rego dost\u0119pne b\u0119d\u0105 lokalne produkty rybne oraz r\u0119kodzie\u0142a. Na wiecz\u00f3r natomiast zaplanowano koncerty. Tegoroczne gwiazdy to Jelonek i Jamal.<\/p>\n<p><iframe width=\"696\" height=\"392\" src=\"https:\/\/www.youtube.com\/embed\/eglen1fumCA?feature=oembed&#038;enablejsapi=1&#038;origin=https:\/\/www.e-wczasy.pl\" frameborder=\"0\" allow=\"accelerometer; autoplay; encrypted-media; gyroscope; picture-in-picture\" allowfullscreen><\/iframe><\/p>\n<h2><strong>Literacki Sopot 2019 (Sopot, 15-18 sierpnia)<\/strong><\/h2>\n<p>Na cztery dni miasto zmieni si\u0119 w kurort literacki. Wszystko w Sopocie kr\u0119ci\u0107 si\u0119 b\u0119dzie wok\u00f3\u0142 ksi\u0105\u017cek. Warsztaty i dyskusje, wsp\u00f3lne czytanie, spotkania z pisarzami, ksi\u0105\u017ckowe targi, projekcje film\u00f3w opartych na cenionych powie\u015bciach\u2026 Dodajmy jeszcze, \u017ce w tym roku <strong>tematem wiod\u0105cym ma by\u0107 literatura brytyjska<\/strong>.<\/p>\n<p><iframe width=\"696\" height=\"392\" src=\"https:\/\/www.youtube.com\/embed\/jfrz0n9gxd0?feature=oembed&#038;enablejsapi=1&#038;origin=https:\/\/www.e-wczasy.pl\" frameborder=\"0\" allow=\"accelerometer; autoplay; encrypted-media; gyroscope; picture-in-picture\" allowfullscreen><\/iframe><\/p>\n","protected":false},"excerpt":{"rendered":"<p>Wczasy nad morzem nie musz\u0105 ogranicza\u0107 si\u0119 do pla\u017cowania, jedzenia ryb i mo\u017ce jeszcze zwiedzania gda\u0144skich zabytk\u00f3w czy spacerowania po sopockim molo. Planuj\u0105c wyjazd nad Ba\u0142tyk, warto tak\u017ce wzi\u0105\u0107 pod uwag\u0119 imprezy, jakie odbywaj\u0105 si\u0119 tam latem. A jest ich niema\u0142o. W ci\u0105gu ca\u0142ego roku cz\u0119sto brakuje nam czasu na to, by wzi\u0105\u0107 udzia\u0142 w [&hellip;]<\/p>\n","protected":false},"author":5,"featured_media":2540,"comment_status":"closed","ping_status":"open","sticky":false,"template":"","format":"standard","meta":{"_lmt_disableupdate":"","_lmt_disable":"","footnotes":""},"categories":[111],"tags":[26,112,95,96,113,7,114],"class_list":{"0":"post-2517","1":"post","2":"type-post","3":"status-publish","4":"format-standard","5":"has-post-thumbnail","7":"category-wydarzenia","9":"tag-festiwal-kolorow","10":"tag-gdansk","11":"tag-jarmark","12":"tag-jarmark-dominikanski","13":"tag-nad-morzem","14":"tag-wydarzenia-kulturalne"},"yoast_head":"<!-- This site is optimized with the Yoast SEO plugin v26.1.1 - https:\/\/yoast.com\/wordpress\/plugins\/seo\/ -->\n<title>Imprezy nad morzem 2019 - Blog E-wczasy.pl - Noclegi w Polsce. Atrakcje i porady<\/title>\n<meta name=\"robots\" content=\"index, follow, max-snippet:-1, max-image-preview:large, max-video-preview:-1\" \/>\n<link rel=\"canonical\" href=\"https:\/\/www.e-wczasy.pl\/blog\/imprezy-nad-morzem-2019\/\" \/>\n<meta property=\"og:locale\" content=\"pl_PL\" \/>\n<meta property=\"og:type\" content=\"article\" \/>\n<meta property=\"og:title\" content=\"Imprezy nad morzem 2019 - Blog E-wczasy.pl - Noclegi w Polsce. Atrakcje i porady\" \/>\n<meta property=\"og:description\" content=\"Wczasy nad morzem nie musz\u0105 ogranicza\u0107 si\u0119 do pla\u017cowania, jedzenia ryb i mo\u017ce jeszcze zwiedzania gda\u0144skich zabytk\u00f3w czy spacerowania po sopockim molo. Planuj\u0105c wyjazd nad Ba\u0142tyk, warto tak\u017ce wzi\u0105\u0107 pod uwag\u0119 imprezy, jakie odbywaj\u0105 si\u0119 tam latem. A jest ich niema\u0142o. W ci\u0105gu ca\u0142ego roku cz\u0119sto brakuje nam czasu na to, by wzi\u0105\u0107 udzia\u0142 w [&hellip;]\" \/>\n<meta property=\"og:url\" content=\"https:\/\/www.e-wczasy.pl\/blog\/imprezy-nad-morzem-2019\/\" \/>\n<meta property=\"og:site_name\" content=\"Blog E-wczasy.pl - Noclegi w Polsce. Atrakcje i porady\" \/>\n<meta property=\"article:published_time\" content=\"2019-05-17T12:33:00+00:00\" \/>\n<meta property=\"article:modified_time\" content=\"2020-03-03T10:07:55+00:00\" \/>\n<meta property=\"og:image\" content=\"https:\/\/www.e-wczasy.pl\/blog\/wp-content\/uploads\/2019\/05\/fes.jpg-e1558095931374.jpeg\" \/>\n\t<meta property=\"og:image:width\" content=\"1200\" \/>\n\t<meta property=\"og:image:height\" content=\"801\" \/>\n\t<meta property=\"og:image:type\" content=\"image\/jpeg\" \/>\n<meta name=\"author\" content=\"Daniel Nogal\" \/>\n<meta name=\"twitter:card\" content=\"summary_large_image\" \/>\n<meta name=\"twitter:label1\" content=\"Napisane przez\" \/>\n\t<meta name=\"twitter:data1\" content=\"Daniel Nogal\" \/>\n\t<meta name=\"twitter:label2\" content=\"Szacowany czas czytania\" \/>\n\t<meta name=\"twitter:data2\" content=\"5 minut\" \/>\n<script type=\"application\/ld+json\" class=\"yoast-schema-graph\">{\"@context\":\"https:\/\/schema.org\",\"@graph\":[{\"@type\":\"WebPage\",\"@id\":\"https:\/\/www.e-wczasy.pl\/blog\/imprezy-nad-morzem-2019\/\",\"url\":\"https:\/\/www.e-wczasy.pl\/blog\/imprezy-nad-morzem-2019\/\",\"name\":\"Imprezy nad morzem 2019 - Blog E-wczasy.pl - Noclegi w Polsce. Atrakcje i porady\",\"isPartOf\":{\"@id\":\"https:\/\/www.e-wczasy.pl\/blog\/#website\"},\"primaryImageOfPage\":{\"@id\":\"https:\/\/www.e-wczasy.pl\/blog\/imprezy-nad-morzem-2019\/#primaryimage\"},\"image\":{\"@id\":\"https:\/\/www.e-wczasy.pl\/blog\/imprezy-nad-morzem-2019\/#primaryimage\"},\"thumbnailUrl\":\"https:\/\/www.e-wczasy.pl\/blog\/wp-content\/uploads\/2019\/05\/fes.jpg-e1558095931374.jpeg\",\"datePublished\":\"2019-05-17T12:33:00+00:00\",\"dateModified\":\"2020-03-03T10:07:55+00:00\",\"author\":{\"@id\":\"https:\/\/www.e-wczasy.pl\/blog\/#\/schema\/person\/2d8accbcf563d47d4a5216056bdc0a28\"},\"breadcrumb\":{\"@id\":\"https:\/\/www.e-wczasy.pl\/blog\/imprezy-nad-morzem-2019\/#breadcrumb\"},\"inLanguage\":\"pl-PL\",\"potentialAction\":[{\"@type\":\"ReadAction\",\"target\":[\"https:\/\/www.e-wczasy.pl\/blog\/imprezy-nad-morzem-2019\/\"]}]},{\"@type\":\"ImageObject\",\"inLanguage\":\"pl-PL\",\"@id\":\"https:\/\/www.e-wczasy.pl\/blog\/imprezy-nad-morzem-2019\/#primaryimage\",\"url\":\"https:\/\/www.e-wczasy.pl\/blog\/wp-content\/uploads\/2019\/05\/fes.jpg-e1558095931374.jpeg\",\"contentUrl\":\"https:\/\/www.e-wczasy.pl\/blog\/wp-content\/uploads\/2019\/05\/fes.jpg-e1558095931374.jpeg\",\"width\":1200,\"height\":801,\"caption\":\"Festiwal nad Ba\u0142tykiem\"},{\"@type\":\"BreadcrumbList\",\"@id\":\"https:\/\/www.e-wczasy.pl\/blog\/imprezy-nad-morzem-2019\/#breadcrumb\",\"itemListElement\":[{\"@type\":\"ListItem\",\"position\":1,\"name\":\"Strona g\u0142\u00f3wna\",\"item\":\"https:\/\/www.e-wczasy.pl\/blog\/\"},{\"@type\":\"ListItem\",\"position\":2,\"name\":\"Imprezy nad morzem 2019\"}]},{\"@type\":\"WebSite\",\"@id\":\"https:\/\/www.e-wczasy.pl\/blog\/#website\",\"url\":\"https:\/\/www.e-wczasy.pl\/blog\/\",\"name\":\"Blog E-wczasy.pl - Noclegi w Polsce. Atrakcje i porady\",\"description\":\"\",\"potentialAction\":[{\"@type\":\"SearchAction\",\"target\":{\"@type\":\"EntryPoint\",\"urlTemplate\":\"https:\/\/www.e-wczasy.pl\/blog\/?s={search_term_string}\"},\"query-input\":{\"@type\":\"PropertyValueSpecification\",\"valueRequired\":true,\"valueName\":\"search_term_string\"}}],\"inLanguage\":\"pl-PL\"},{\"@type\":\"Person\",\"@id\":\"https:\/\/www.e-wczasy.pl\/blog\/#\/schema\/person\/2d8accbcf563d47d4a5216056bdc0a28\",\"name\":\"Daniel Nogal\",\"image\":{\"@type\":\"ImageObject\",\"inLanguage\":\"pl-PL\",\"@id\":\"https:\/\/www.e-wczasy.pl\/blog\/#\/schema\/person\/image\/\",\"url\":\"https:\/\/secure.gravatar.com\/avatar\/82add09c232d44131d76899a7cb96f6b03150898c63267d7e3ca95531b2d57e0?s=96&d=mm&r=g\",\"contentUrl\":\"https:\/\/secure.gravatar.com\/avatar\/82add09c232d44131d76899a7cb96f6b03150898c63267d7e3ca95531b2d57e0?s=96&d=mm&r=g\",\"caption\":\"Daniel Nogal\"},\"description\":\"Pisarz, dziennikarz, copywriter. Podr\u00f3\u017cnik zakochany w Azji, szczeg\u00f3lnie w jej tropikalnej cz\u0119\u015bci. Ale Polsk\u0119 te\u017c przemierzy\u0142 wzd\u0142u\u017c i wszerz.\",\"url\":\"https:\/\/www.e-wczasy.pl\/blog\/author\/daniel-nogal\/\"}]}<\/script>\n<!-- \/ Yoast SEO plugin. -->","yoast_head_json":{"title":"Imprezy nad morzem 2019 - Blog E-wczasy.pl - Noclegi w Polsce. Atrakcje i porady","robots":{"index":"index","follow":"follow","max-snippet":"max-snippet:-1","max-image-preview":"max-image-preview:large","max-video-preview":"max-video-preview:-1"},"canonical":"https:\/\/www.e-wczasy.pl\/blog\/imprezy-nad-morzem-2019\/","og_locale":"pl_PL","og_type":"article","og_title":"Imprezy nad morzem 2019 - Blog E-wczasy.pl - Noclegi w Polsce. Atrakcje i porady","og_description":"Wczasy nad morzem nie musz\u0105 ogranicza\u0107 si\u0119 do pla\u017cowania, jedzenia ryb i mo\u017ce jeszcze zwiedzania gda\u0144skich zabytk\u00f3w czy spacerowania po sopockim molo. Planuj\u0105c wyjazd nad Ba\u0142tyk, warto tak\u017ce wzi\u0105\u0107 pod uwag\u0119 imprezy, jakie odbywaj\u0105 si\u0119 tam latem. A jest ich niema\u0142o. W ci\u0105gu ca\u0142ego roku cz\u0119sto brakuje nam czasu na to, by wzi\u0105\u0107 udzia\u0142 w [&hellip;]","og_url":"https:\/\/www.e-wczasy.pl\/blog\/imprezy-nad-morzem-2019\/","og_site_name":"Blog E-wczasy.pl - Noclegi w Polsce. Atrakcje i porady","article_published_time":"2019-05-17T12:33:00+00:00","article_modified_time":"2020-03-03T10:07:55+00:00","og_image":[{"width":1200,"height":801,"url":"https:\/\/www.e-wczasy.pl\/blog\/wp-content\/uploads\/2019\/05\/fes.jpg-e1558095931374.jpeg","type":"image\/jpeg"}],"author":"Daniel Nogal","twitter_card":"summary_large_image","twitter_misc":{"Napisane przez":"Daniel Nogal","Szacowany czas czytania":"5 minut"},"schema":{"@context":"https:\/\/schema.org","@graph":[{"@type":"WebPage","@id":"https:\/\/www.e-wczasy.pl\/blog\/imprezy-nad-morzem-2019\/","url":"https:\/\/www.e-wczasy.pl\/blog\/imprezy-nad-morzem-2019\/","name":"Imprezy nad morzem 2019 - Blog E-wczasy.pl - Noclegi w Polsce. Atrakcje i porady","isPartOf":{"@id":"https:\/\/www.e-wczasy.pl\/blog\/#website"},"primaryImageOfPage":{"@id":"https:\/\/www.e-wczasy.pl\/blog\/imprezy-nad-morzem-2019\/#primaryimage"},"image":{"@id":"https:\/\/www.e-wczasy.pl\/blog\/imprezy-nad-morzem-2019\/#primaryimage"},"thumbnailUrl":"https:\/\/www.e-wczasy.pl\/blog\/wp-content\/uploads\/2019\/05\/fes.jpg-e1558095931374.jpeg","datePublished":"2019-05-17T12:33:00+00:00","dateModified":"2020-03-03T10:07:55+00:00","author":{"@id":"https:\/\/www.e-wczasy.pl\/blog\/#\/schema\/person\/2d8accbcf563d47d4a5216056bdc0a28"},"breadcrumb":{"@id":"https:\/\/www.e-wczasy.pl\/blog\/imprezy-nad-morzem-2019\/#breadcrumb"},"inLanguage":"pl-PL","potentialAction":[{"@type":"ReadAction","target":["https:\/\/www.e-wczasy.pl\/blog\/imprezy-nad-morzem-2019\/"]}]},{"@type":"ImageObject","inLanguage":"pl-PL","@id":"https:\/\/www.e-wczasy.pl\/blog\/imprezy-nad-morzem-2019\/#primaryimage","url":"https:\/\/www.e-wczasy.pl\/blog\/wp-content\/uploads\/2019\/05\/fes.jpg-e1558095931374.jpeg","contentUrl":"https:\/\/www.e-wczasy.pl\/blog\/wp-content\/uploads\/2019\/05\/fes.jpg-e1558095931374.jpeg","width":1200,"height":801,"caption":"Festiwal nad Ba\u0142tykiem"},{"@type":"BreadcrumbList","@id":"https:\/\/www.e-wczasy.pl\/blog\/imprezy-nad-morzem-2019\/#breadcrumb","itemListElement":[{"@type":"ListItem","position":1,"name":"Strona g\u0142\u00f3wna","item":"https:\/\/www.e-wczasy.pl\/blog\/"},{"@type":"ListItem","position":2,"name":"Imprezy nad morzem 2019"}]},{"@type":"WebSite","@id":"https:\/\/www.e-wczasy.pl\/blog\/#website","url":"https:\/\/www.e-wczasy.pl\/blog\/","name":"Blog E-wczasy.pl - Noclegi w Polsce. Atrakcje i porady","description":"","potentialAction":[{"@type":"SearchAction","target":{"@type":"EntryPoint","urlTemplate":"https:\/\/www.e-wczasy.pl\/blog\/?s={search_term_string}"},"query-input":{"@type":"PropertyValueSpecification","valueRequired":true,"valueName":"search_term_string"}}],"inLanguage":"pl-PL"},{"@type":"Person","@id":"https:\/\/www.e-wczasy.pl\/blog\/#\/schema\/person\/2d8accbcf563d47d4a5216056bdc0a28","name":"Daniel Nogal","image":{"@type":"ImageObject","inLanguage":"pl-PL","@id":"https:\/\/www.e-wczasy.pl\/blog\/#\/schema\/person\/image\/","url":"https:\/\/secure.gravatar.com\/avatar\/82add09c232d44131d76899a7cb96f6b03150898c63267d7e3ca95531b2d57e0?s=96&d=mm&r=g","contentUrl":"https:\/\/secure.gravatar.com\/avatar\/82add09c232d44131d76899a7cb96f6b03150898c63267d7e3ca95531b2d57e0?s=96&d=mm&r=g","caption":"Daniel Nogal"},"description":"Pisarz, dziennikarz, copywriter. Podr\u00f3\u017cnik zakochany w Azji, szczeg\u00f3lnie w jej tropikalnej cz\u0119\u015bci. Ale Polsk\u0119 te\u017c przemierzy\u0142 wzd\u0142u\u017c i wszerz.","url":"https:\/\/www.e-wczasy.pl\/blog\/author\/daniel-nogal\/"}]}},"modified_by":"Dominika Kawczy\u0144ska","_links":{"self":[{"href":"https:\/\/www.e-wczasy.pl\/blog\/wp-json\/wp\/v2\/posts\/2517","targetHints":{"allow":["GET"]}}],"collection":[{"href":"https:\/\/www.e-wczasy.pl\/blog\/wp-json\/wp\/v2\/posts"}],"about":[{"href":"https:\/\/www.e-wczasy.pl\/blog\/wp-json\/wp\/v2\/types\/post"}],"author":[{"embeddable":true,"href":"https:\/\/www.e-wczasy.pl\/blog\/wp-json\/wp\/v2\/users\/5"}],"replies":[{"embeddable":true,"href":"https:\/\/www.e-wczasy.pl\/blog\/wp-json\/wp\/v2\/comments?post=2517"}],"version-history":[{"count":14,"href":"https:\/\/www.e-wczasy.pl\/blog\/wp-json\/wp\/v2\/posts\/2517\/revisions"}],"predecessor-version":[{"id":2532,"href":"https:\/\/www.e-wczasy.pl\/blog\/wp-json\/wp\/v2\/posts\/2517\/revisions\/2532"}],"wp:featuredmedia":[{"embeddable":true,"href":"https:\/\/www.e-wczasy.pl\/blog\/wp-json\/wp\/v2\/media\/2540"}],"wp:attachment":[{"href":"https:\/\/www.e-wczasy.pl\/blog\/wp-json\/wp\/v2\/media?parent=2517"}],"wp:term":[{"taxonomy":"category","embeddable":true,"href":"https:\/\/www.e-wczasy.pl\/blog\/wp-json\/wp\/v2\/categories?post=2517"},{"taxonomy":"post_tag","embeddable":true,"href":"https:\/\/www.e-wczasy.pl\/blog\/wp-json\/wp\/v2\/tags?post=2517"}],"curies":[{"name":"wp","href":"https:\/\/api.w.org\/{rel}","templated":true}]}}