{"id":2485,"date":"2019-09-11T10:41:58","date_gmt":"2019-09-11T08:41:58","guid":{"rendered":"http:\/\/www.e-wczasy.pl\/blog\/?p=2485"},"modified":"2023-12-19T15:48:36","modified_gmt":"2023-12-19T14:48:36","slug":"ma%c2%adle-miej%c2%adsco%c2%adwo%c2%adsci-w-go%c2%adrach","status":"publish","type":"post","link":"https:\/\/www.e-wczasy.pl\/blog\/ma%c2%adle-miej%c2%adsco%c2%adwo%c2%adsci-w-go%c2%adrach\/","title":{"rendered":"Ma\u00ad\u0142e miej\u00adsco\u00adwo\u00ad\u015bci w\u00a0g\u00f3\u00adrach"},"content":{"rendered":"<p><strong>Pol\u00adskie g\u00f3\u00adry to wspa\u00adnia\u00ad\u0142y kie\u00adru\u00adnek urlo\u00adpo\u00adwy.<\/strong> Do\u00adbrze ozna\u00adko\u00adwa\u00adne szla\u00adki tu\u00adry\u00adstycz\u00adne za\u00adch\u0119\u00adca\u00adj\u0105 do pie\u00adszych w\u0119\u00addr\u00f3\u00adwek, malownicze g\u00f3rskie dro\u00adgi stwa\u00adrza\u00adj\u0105 wspa\u00adnia\u00ad\u0142e wa\u00adrun\u00adki dla ro\u00adwe\u00adrzy\u00adst\u00f3w, a oko\u00adlicz\u00adne la\u00adsy to ide\u00adal\u00adne te\u00adre\u00adny dla grzy\u00adbia\u00adrzy.<\/p>\n<p><strong>Ro\u00adzbu\u00addo\u00adwa\u00adna ba\u00adza noc\u00adle\u00adgo\u00adwa, czy\u00adste po\u00adwie\u00adtrze <\/strong>oraz<strong> par\u00adki zdro\u00adjo\u00adwe<\/strong> to ko\u00adlej\u00adne ar\u00adgu\u00admen\u00adty, dla kt\u00f3\u00adrych war\u00adto przyj\u00adrze\u0107 si\u0119 za\u00adska\u00adku\u00adj\u0105\u00adco bo\u00adga\u00adtej ofer\u00adcie tu\u00adry\u00adstycz\u00adnej ma\u00ad\u0142ych miej\u00adsco\u00adwo\u00ad\u015bci w g\u00f3\u00adrach.<\/p>\n<h2 style=\"text-align: center;\"><b>Mu\u00adszy\u00adna<\/b><\/h2>\n<p><span style=\"font-weight: 400;\">Po\u00ad\u0142o\u00ad\u017co\u00adna w ma\u00adlow\u00adni\u00adczej <\/span><b>Do\u00adli\u00adnie Po\u00adpra\u00addu<\/b><span style=\"font-weight: 400;\"> miej\u00adsco\u00adwo\u015b\u0107 s\u0142y\u00adnie na ca\u00ad\u0142\u0105 Pol\u00adsk\u0119 z wo\u00addy mi\u00adne\u00adral\u00adnej, z kt\u00f3\u00adrej wa\u00adlo\u00adr\u00f3w lecz\u00adni\u00adczych mo\u017c\u00adna sko\u00adrzy\u00adsta\u0107 m.in. pod\u00adczas spa\u00adce\u00adru w <\/span><b>Par\u00adku Zdro\u00adjo\u00adwym<\/b><span style=\"font-weight: 400;\">. Po\u00ad\u0142o\u00ad\u017co\u00adne przy g\u0142\u00f3w\u00adnych alej\u00adkach ele\u00adganc\u00adkie \u017ar\u00f3\u00add\u0142a i fon\u00adtan\u00adny kon\u00adcen\u00adtru\u00adj\u0105 \u017cy\u00adcie wie\u00adczor\u00adne wcza\u00adso\u00adwi\u00adcz\u00f3w.<\/span><\/p>\n<div id='gallery-1' class='gallery galleryid-2485 gallery-columns-2 gallery-size-large'><figure class='gallery-item'>\n\t\t\t<div class='gallery-icon landscape'>\n\t\t\t\t<a href='https:\/\/www.e-wczasy.pl\/blog\/ma%c2%adle-miej%c2%adsco%c2%adwo%c2%adsci-w-go%c2%adrach\/sloneczny-jesienny-dzien-w-gorskim-miescie-muszyna-2\/'><img fetchpriority=\"high\" decoding=\"async\" width=\"696\" height=\"464\" src=\"https:\/\/www.e-wczasy.pl\/blog\/wp-content\/uploads\/2019\/05\/AdobeStock_129692664-1024x683.jpeg\" class=\"attachment-large size-large\" alt=\"Muszyna\" srcset=\"https:\/\/www.e-wczasy.pl\/blog\/wp-content\/uploads\/2019\/05\/AdobeStock_129692664-1024x683.jpeg 1024w, https:\/\/www.e-wczasy.pl\/blog\/wp-content\/uploads\/2019\/05\/AdobeStock_129692664-300x200.jpeg 300w, https:\/\/www.e-wczasy.pl\/blog\/wp-content\/uploads\/2019\/05\/AdobeStock_129692664-768x512.jpeg 768w, https:\/\/www.e-wczasy.pl\/blog\/wp-content\/uploads\/2019\/05\/AdobeStock_129692664-e1568033689422.jpeg 1200w\" sizes=\"(max-width: 696px) 100vw, 696px\" \/><\/a>\n\t\t\t<\/div><\/figure><figure class='gallery-item'>\n\t\t\t<div class='gallery-icon landscape'>\n\t\t\t\t<a href='https:\/\/www.e-wczasy.pl\/blog\/ma%c2%adle-miej%c2%adsco%c2%adwo%c2%adsci-w-go%c2%adrach\/st-josephs-church-in-muszyna-aerial-view\/'><img decoding=\"async\" width=\"696\" height=\"464\" src=\"https:\/\/www.e-wczasy.pl\/blog\/wp-content\/uploads\/2019\/05\/AdobeStock_254858291-1024x682.jpeg\" class=\"attachment-large size-large\" alt=\"Muszyna\" srcset=\"https:\/\/www.e-wczasy.pl\/blog\/wp-content\/uploads\/2019\/05\/AdobeStock_254858291-1024x682.jpeg 1024w, https:\/\/www.e-wczasy.pl\/blog\/wp-content\/uploads\/2019\/05\/AdobeStock_254858291-300x200.jpeg 300w, https:\/\/www.e-wczasy.pl\/blog\/wp-content\/uploads\/2019\/05\/AdobeStock_254858291-768x512.jpeg 768w, https:\/\/www.e-wczasy.pl\/blog\/wp-content\/uploads\/2019\/05\/AdobeStock_254858291-e1568032697354.jpeg 1200w\" sizes=\"(max-width: 696px) 100vw, 696px\" \/><\/a>\n\t\t\t<\/div><\/figure>\n\t\t<\/div>\n\n<p><span style=\"font-weight: 400;\">Mu\u00adszy\u00adna to do\u00adsko\u00adna\u00ad\u0142a ba\u00adza wy\u00adpa\u00addo\u00adwa do wy\u00adcie\u00adczek pie\u00adszych w pa\u00adsma Be\u00adski\u00addu S\u0105\u00addec\u00adkie\u00adgo. Do naj\u00adpo\u00adpu\u00adlar\u00adniej\u00adszych szla\u00adk\u00f3w na\u00adle\u00ad\u017c\u0105 <\/span><b>szla\u00adki pro\u00adwa\u00addz\u0105\u00adce na Ja\u00adwo\u00adrzy\u00adn\u0119 oraz Wier\u00adchom\u00adl\u0119<\/b><span style=\"font-weight: 400;\">. Na ro\u00adwe\u00adrzy\u00adst\u00f3w cze\u00adka m.in. <\/span><b>Tu\u00adry\u00adstycz\u00adna P\u0119\u00adtla Mu\u00adszy\u00adna<\/b><span style=\"font-weight: 400;\"> po\u00adpro\u00adwa\u00addzo\u00adna wo\u00adk\u00f3\u0142 g\u00f3r Le\u00adlu\u00adchow\u00adskich da\u00adj\u0105\u00adca mo\u017c\u00adli\u00adwo\u015b\u0107 po\u00addzi\u00adwia\u00adnia g\u00f3r\u00adskich pej\u00adza\u00ad\u017cy oraz skry\u00adtych w\u015br\u00f3d nich drew\u00adnia\u00adnych cer\u00adkwi. <\/span><\/p>\n<p><span style=\"font-weight: 400;\"><div class=\"su-note notatka\"  style=\"border-color:#d4d4d4;\"><div class=\"su-note-inner su-u-clearfix su-u-trim\" style=\"background-color:#eee;border-color:#ffffff;color:#000;\">Tu\u00adry\u00adstycz\u00adne tra\u00addy\u00adcje miej\u00adsco\u00adwo\u00ad\u015bci wi\u00addocz\u00adne s\u0105 w bo\u00adga\u00adtej <a href=\"https:\/\/www.e-wczasy.pl\/noclegi\/muszyna\">ofer\u00adcie noc\u00adle\u00adgo\u00adwej Muszyny<\/a>. Znaj\u00addzie\u00admy tu za\u00adr\u00f3w\u00adno drew\u00adnia\u00adne wil\u00adle, no\u00adwo\u00adcze\u00adsne pen\u00adsjo\u00adna\u00adty, jak i ho\u00adte\u00adle z ofer\u00adt\u0105 SPA.<\/div><\/div><\/span><\/p>\n<h2 style=\"text-align: center;\"><b>Rab\u00adka-Zdr\u00f3j<\/b><\/h2>\n<p><span style=\"font-weight: 400;\">Je\u00addy\u00adne w Pol\u00adsce \u201emia\u00adsto dzie\u00adci\u201d. To w\u0142a\u00ad\u015bnie tu przy\u00adzna\u00adwa\u00adny jest \u201eOr\u00adder U\u015bmie\u00adchu\u201d za spe\u00adcjal\u00adne za\u00ads\u0142u\u00adgi dla <\/span><span style=\"font-weight: 400;\">naj\u00adm\u0142od\u00adszych<\/span><span style=\"font-weight: 400;\">. Rab\u00adka s\u0142y\u00adnie r\u00f3w\u00adnie\u017c z <\/span><b>we\u00adso\u00ad\u0142e\u00adgo mia\u00adstecz\u00adka \u201eRab\u00adko\u00adland\u201d<\/b><span style=\"font-weight: 400;\"> oraz<\/span><b> te\u00adatru la\u00adlek \u201eRab\u00adcio\u201d<\/b><span style=\"font-weight: 400;\">. Nic dziw\u00adne\u00adgo, \u017ce Rabka-Zdr\u00f3j sta\u00adno\u00adwi po\u00adpu\u00adlar\u00adny cel wy\u00adcie\u00adczek lub urlo\u00adp\u00f3w dla ro\u00addzin z dzie\u0107\u00admi. <\/span><\/p>\n<p><img decoding=\"async\" class=\"aligncenter size-full wp-image-3132\" src=\"https:\/\/www.e-wczasy.pl\/blog\/wp-content\/uploads\/2019\/05\/AdobeStock_182022273-e1568032900339.jpeg\" alt=\"Rabka-Zdr\u00f3j\" width=\"1200\" height=\"800\" \/><\/p>\n<p><span style=\"font-weight: 400;\">Od\u00adno\u00adwio\u00adny nie\u00addaw\u00adno <\/span><b>Park Zdro\u00adjo\u00adwy<\/b><span style=\"font-weight: 400;\"> to miej\u00adsce gdzie znaj\u00addzie\u00admy m.in. ta\u00adkie ak\u00adcje jak t\u0119\u017c\u00adnie, park li\u00adno\u00adwy, go\u00adkar\u00adty oraz kort do te\u00adni\u00adsa. Wie\u00adlo\u00adlet\u00adnia tra\u00addy\u00adcja uzdro\u00adwi\u00adsko\u00adwa wi\u00addocz\u00adna jest w ar\u00adchi\u00adtek\u00adtu\u00adrze licz\u00adnych o\u015brod\u00adk\u00f3w lecz\u00adni\u00adczych oraz usy\u00adtu\u00adowa\u00adnych bez\u00adpo\u00ad\u015bred\u00adnio przy par\u00adku przed\u00adwo\u00adjen\u00adnych wil\u00adli. Wie\u00adle z nich na\u00addal ofe\u00adru\u00adje mo\u017c\u00adli\u00adwo\u015b\u0107 noc\u00adle\u00adg\u00f3w. Na go\u00ad\u015bci cze\u00adkaj\u0105 r\u00f3w\u00adnie\u017c ho\u00adte\u00adle oraz no\u00adwo\u00adcze\u00adsne pen\u00adsjo\u00adna\u00adty w atrak\u00adcyj\u00adnej lo\u00adka\u00adli\u00adza\u00adcji.<\/span><\/p>\n<p style=\"text-align: center;\"><a href=\"https:\/\/www.e-wczasy.pl\/noclegi\/rabka-zdroj\"><span class=\"td_btn td_btn_md td_default_btn\">Noclegi w Rabce-Zdr\u00f3j<\/span><\/a><\/p>\n<h2 style=\"text-align: center;\"><b>Kor\u00adbie\u00adl\u00f3w<\/b><\/h2>\n<p><span style=\"font-weight: 400;\">Miej\u00adsco\u00adwo\u015b\u0107 zna\u00adna przede wszyst\u00adkim ja\u00adko sto\u00adli\u00adca nar\u00adciar\u00adstwa w Be\u00adski\u00addzie \u017by\u00adwiec\u00adkim. W mie\u00adsi\u0105\u00adcach let\u00adnich Kor\u00adbie\u00adl\u00f3w ma r\u00f3w\u00adnie\u017c wie\u00adle do za\u00adofe\u00adro\u00adwa\u00adnia ze wzgl\u0119\u00addu na <\/span><b>obec\u00adno\u015b\u0107 szla\u00adk\u00f3w tu\u00adry\u00adstycz\u00adnych<\/b><span style=\"font-weight: 400;\"> oraz oko\u00adlicz\u00adne <\/span><b>re\u00adzer\u00adwa\u00adty przy\u00adro\u00addy<\/b><span style=\"font-weight: 400;\">, m.in. Pil\u00adsko, Ro\u00adman\u00adka i Ry\u00adsian\u00adka. Do\u00adbra in\u00adfra\u00adstruk\u00adtu\u00adra tu\u00adry\u00adstycz\u00adna w po\u00adsta\u00adci licz\u00adnych schro\u00adnisk za\u00adch\u0119\u00adca do od\u00adby\u00adwa\u00adnia na\u00adwet kil\u00adku\u00addnio\u00adwych wy\u00adcie\u00adczek. <\/span><\/p>\n<p><img loading=\"lazy\" decoding=\"async\" class=\"aligncenter size-full wp-image-3133\" src=\"https:\/\/www.e-wczasy.pl\/blog\/wp-content\/uploads\/2019\/05\/AdobeStock_87995314-e1568033025663.jpeg\" alt=\"Korbiel\u00f3w\" width=\"1200\" height=\"675\" \/><\/p>\n<p><span style=\"font-weight: 400;\">Ze wzgl\u0119\u00addu na bli\u00adsko\u015b\u0107 gra\u00adni\u00adcy, Kor\u00adbie\u00adl\u00f3w to r\u00f3w\u00adnie\u017c \u015bwiet\u00adna ba\u00adza wy\u00adpa\u00addo\u00adwa na S\u0142o\u00adwa\u00adcj\u0119. Po\u00adpu\u00adlar\u00adno\u015b\u0107 o\u015brod\u00adka zi\u00adm\u0105 przed\u00adk\u0142a\u00adda si\u0119 na bo\u00adga\u00adt\u0105 ba\u00adz\u0119 noc\u00adle\u00adg\u00f3w do\u00adst\u0119p\u00adna r\u00f3w\u00adnie\u017c w mie\u00adsi\u0105\u00adcach let\u00adnich. W Kor\u00adbie\u00adlo\u00adwie z \u0142a\u00adtwo\u00ad\u015bci\u0105 wy\u00adnaj\u00admie\u00admy za\u00adr\u00f3w\u00adno kwa\u00adte\u00adr\u0119 pry\u00adwat\u00adn\u0105, po\u00adk\u00f3j w pen\u00adsjo\u00adna\u00adcie jak i sa\u00admo\u00addziel\u00adny obiekt w po\u00adsta\u00adci g\u00f3\u00adral\u00adskie\u00adgo dom\u00adku.<\/span><\/p>\n<h2 style=\"text-align: center;\"><b>W\u0119\u00adgier\u00adska G\u00f3r\u00adka<\/b><\/h2>\n<p><span style=\"font-weight: 400;\">Po\u00adpu\u00adlar\u00adna miej\u00adsco\u00adwo\u015b\u0107 uzdro\u00adwi\u00adsko\u00adwa s\u0142y\u00adnie ze swo\u00adich sa\u00adna\u00adto\u00adri\u00f3w oraz g\u00f3r\u00adskie\u00adgo po\u00adwie\u00adtrza. Wa\u00adlo\u00adry kra\u00adjo\u00adbra\u00adzo\u00adwe, licz\u00adne ale\u00adje spa\u00adce\u00adro\u00adwe oraz park przy\u00adci\u0105\u00adga\u00adj\u0105 wcza\u00adso\u00adwi\u00adcz\u00f3w nie tyl\u00adko ze \u015al\u0105\u00adska. W\u015br\u00f3d atrak\u00adcji W\u0119\u00adgier\u00adskiej G\u00f3r\u00adki mo\u017c\u00adna wy\u00admie\u00adni\u0107 m.in. <\/span><b>Daw\u00adne \u0141a\u017a\u00adnie Odlew\u00adni \u017be\u00adli\u00adwa<\/b><span style=\"font-weight: 400;\"> oraz drew\u00adnia\u00adn\u0105 <\/span><b>Ka\u00adpli\u00adc\u0119 na Ska\u0142\u00adce<\/b><span style=\"font-weight: 400;\"> znaj\u00addu\u00adj\u0105\u00adc\u0105 si\u0119 przy <\/span><b>szla\u00adku na Ha\u00adl\u0119 Bo\u00adra\u00adcz\u0105<\/b><span style=\"font-weight: 400;\">. <\/span><\/p>\n<p><span style=\"font-weight: 400;\"><div class=\"su-note notatka\"  style=\"border-color:#e5ae09;\"><div class=\"su-note-inner su-u-clearfix su-u-trim\" style=\"background-color:#ffc823;border-color:#ffffef;color:#000;\">Cie\u00adka\u00adwym spo\u00adso\u00adbem na za\u00adpo\u00adzna\u00adnia si\u0119 z hi\u00adsto\u00adri\u0105 miej\u00adsco\u00adwo\u00ad\u015bci jest spa\u00adcer <\/span><b>Ale\u00adja Zb\u00f3j\u00adni\u00adk\u00f3w<\/b><span style=\"font-weight: 400;\">, wzd\u0142u\u017c kt\u00f3\u00adrej znaj\u00addu\u00adj\u0105 si\u0119 rze\u017a\u00adby przed\u00adsta\u00adwia\u00adj\u0105\u00adce po\u00adsta\u00adci z dzie\u00adj\u00f3w zb\u00f3j\u00adnic\u00adtwa re\u00adgio\u00adnu \u017cy\u00adwiec\u00adkie\u00adgo.<\/div><\/div> <\/span><\/p>\n<p><span style=\"font-weight: 400;\">W ofer\u00adcie noc\u00adle\u00adgo\u00adwej W\u0119\u00adgier\u00adskiej G\u00f3r\u00adki znaj\u00addzie\u00admy po\u00adko\u00adje pry\u00adwat\u00adne w wil\u00adlach i pen\u00adsjo\u00adna\u00adtach, sa\u00admo\u00addziel\u00adne dom\u00adki oraz ho\u00adte\u00adle i o\u015brod\u00adki z ofer\u00adt\u0105 sa\u00adna\u00adto\u00adryj\u00adn\u0105.<\/span><\/p>\n<p><strong>Wi\u0119cej inspiracji?<\/strong> Poznaj\u00a0<strong><a href=\"https:\/\/www.e-wczasy.pl\/blog\/10-miejsc-w-gorach-ktore-musisz-zobaczyc\/\">10 miejsc w g\u00f3rach, kt\u00f3re musisz zobaczy\u0107<\/a><\/strong><\/p>\n<h2 style=\"text-align: center;\"><b>Ustro\u0144<\/b><\/h2>\n<p><span style=\"font-weight: 400;\">Ma\u00adlow\u00adni\u00adcze po\u00ad\u0142o\u00ad\u017ce\u00adnie u wy\u00adlo\u00adtu do\u00adli\u00adny Wi\u00ads\u0142y oraz nie\u00adw\u0105t\u00adpli\u00adwe wa\u00adlo\u00adry kra\u00adjo\u00adbra\u00adzo\u00adwe spra\u00adwia\u00adj\u0105, \u017ce Ustro\u0144 to po\u00adpu\u00adlar\u00adne miej\u00adsce wy\u00adcie\u00adczek za\u00adr\u00f3w\u00adno let\u00adnich, jak i zi\u00admo\u00adwych. <\/span><\/p>\n<p><span style=\"font-weight: 400;\">Szla\u00adki Be\u00adski\u00addu \u015al\u0105\u00adskie\u00adgo za\u00adch\u0119\u00adca\u00adj\u0105 do g\u00f3r\u00adskich eska\u00adpad, a bli\u00adsko\u015b\u0107 ta\u00adkich o\u015brod\u00adk\u00f3w jak Wi\u00ads\u0142a czy Szczyrk gwa\u00adran\u00adtu\u00adje <strong>mno\u00adgo\u015b\u0107 atrak\u00adcji tu\u00adry\u00adstycz\u00adnych<\/strong> oraz do\u00adbr\u0105 in\u00adfra\u00adstruk\u00adtu\u00adr\u0119 tu\u00adry\u00adstycz\u00adn\u0105. B\u0119\u00add\u0105c w Ustro\u00adniu, war\u00adto wy\u00adbra\u0107 si\u0119 na <\/span><b>Czan\u00adto\u00adri\u0119<\/b><span style=\"font-weight: 400;\">, gdzie na tu\u00adry\u00adst\u00f3w cze\u00adkaj\u0105 m.in. <\/span><b>let\u00adni tor sa\u00adnecz\u00adko\u00adwy<\/b><span style=\"font-weight: 400;\"> oraz <\/span><b>ca\u00ad\u0142o\u00adrocz\u00adna ko\u00adlej li\u00adno\u00adwa<\/b><span style=\"font-weight: 400;\">. <\/span><\/p>\n<p><img loading=\"lazy\" decoding=\"async\" class=\"aligncenter size-full wp-image-3134\" src=\"https:\/\/www.e-wczasy.pl\/blog\/wp-content\/uploads\/2019\/05\/AdobeStock_100406095-e1568033174925.jpeg\" alt=\"Ustro\u0144\" width=\"1200\" height=\"900\" \/><\/p>\n<p><span style=\"font-weight: 400;\">W\u015br\u00f3d atrak\u00adcji sa\u00adme\u00adgo Ustro\u00adnia wy\u00admie\u00adni\u0107 mo\u017c\u00adna m.in. <\/span><b>Mu\u00adzeum Et\u00adno\u00adgra\u00adficz\u00adne \u201eSta\u00adra Za\u00adgro\u00adda\u201d<\/b><span style=\"font-weight: 400;\">, w kt\u00f3\u00adrym mo\u017c\u00adna zo\u00adba\u00adczy\u0107 sta\u00adre, drew\u00adnia\u00adny cha\u00ad\u0142u\u00adpy oraz za\u00adbyt\u00adko\u00adwy Ry\u00adnek. W po\u00adbli\u00ad\u017cu ryn\u00adku znaj\u00addu\u00adj\u0105 si\u0119 r\u00f3w\u00adnie\u017c Am\u00adfi\u00adte\u00adatr oraz <\/span><b>Park Zdro\u00adjo\u00adwy z pi\u00adjal\u00adni\u0105 w\u00f3d i t\u0119\u017c\u00adni\u0105<\/b><span style=\"font-weight: 400;\">. W\u015br\u00f3d ofer\u00adty noc\u00adle\u00adgo\u00adwej Ustro\u00adnia znaj\u00addzie\u00admy pen\u00adsjo\u00adna\u00adty i kwa\u00adte\u00adry pry\u00adwat\u00adne po\u00ad\u0142o\u00ad\u017co\u00adne za\u00adr\u00f3w\u00adno w \u015bci\u00ads\u0142ym cen\u00adtrum, jak i bez\u00adpo\u00ad\u015bred\u00adnio przy szla\u00adkach tu\u00adry\u00adstycz\u00adnych.<\/span><\/p>\n<h2 style=\"text-align: center;\"><b>Za\u00adwo\u00adja<\/b><\/h2>\n<p><span style=\"font-weight: 400;\">Po\u00ad\u0142o\u00ad\u017co\u00adna <\/span><b>u st\u00f3p Ba\u00adbiej G\u00f3\u00adry<\/b><span style=\"font-weight: 400;\"> miej\u00adsco\u00adwo\u015b\u0107 to ide\u00adal\u00adny wy\u00adb\u00f3r dla os\u00f3b chc\u0105\u00adcych po\u00ad\u0142\u0105\u00adczy\u0107 ak\u00adtyw\u00adny wy\u00adpo\u00adczy\u00adnek z po\u00adzna\u00adniem tra\u00addy\u00adcji kul\u00adtu\u00adry ba\u00adbio\u00adg\u00f3r\u00adskiej. Na te\u00adre\u00adnie Babiog\u00f3r\u00adskie\u00adgo Par\u00adku Na\u00adro\u00addo\u00adwe\u00adgo zo\u00adsta\u00ad\u0142y wy\u00adty\u00adczo\u00adne licz\u00adne szla\u00adki tu\u00adry\u00adstycz\u00adne oraz \u015bcie\u017c\u00adki edu\u00adka\u00adcyj\u00adne pre\u00adzen\u00adtu\u00adj\u0105\u00adce hi\u00adsto\u00adri\u0119 oko\u00adli\u00adcy oraz jej wa\u00adlo\u00adry na\u00adtu\u00adral\u00adne. <\/span><\/p>\n<p><img loading=\"lazy\" decoding=\"async\" class=\"aligncenter size-full wp-image-3135\" src=\"https:\/\/www.e-wczasy.pl\/blog\/wp-content\/uploads\/2019\/05\/AdobeStock_75805500-e1568033352915.jpeg\" alt=\"Zawoja\" width=\"1200\" height=\"438\" \/><\/p>\n<p><span style=\"font-weight: 400;\">War\u00adto wy\u00adbra\u0107 si\u0119 r\u00f3w\u00adnie\u017c do <\/span><b>Skan\u00adse\u00adnu na Mar\u00adko\u00adwych R\u00f3w\u00adnie\u0144\u00adkach<\/b><span style=\"font-weight: 400;\">, gdzie mo\u017c\u00adna zo\u00adba\u00adczy\u0107 ga\u00adle\u00adrie oraz re\u00adgio\u00adnal\u00adne izby. \u0141a\u00adtwy do\u00adst\u0119p do sze\u00adro\u00adkiej pa\u00adno\u00adra\u00admy Be\u00adski\u00add\u00f3w za\u00adpew\u00adnia na\u00adto\u00admiast czyn\u00adna przez ca\u00ad\u0142y rok <\/span><b>ko\u00adlej krze\u00adse\u0142\u00adko\u00adwa Mo\u00adsor\u00adny Gro\u0144<\/b><span style=\"font-weight: 400;\">. <\/span><\/p>\n<p><span style=\"font-weight: 400;\">Obec\u00adno\u015b\u0107 licz\u00adnych karczm da\u00adje nie\u00adpo\u00adwta\u00adrzal\u00adn\u0105 oka\u00adzj\u0119, aby po\u00adsma\u00adko\u00adwa\u0107 lo\u00adkal\u00adnej kuch\u00adni, a bo\u00adga\u00adta ba\u00adza noc\u00adle\u00adgo\u00adwa w po\u00adsta\u00adci licz\u00adnych pen\u00adsjo\u00adna\u00adt\u00f3w za\u00adch\u0119\u00adca do sp\u0119\u00addze\u00adnia urlo\u00adpu z ro\u00addzin\u0105 lub przy\u00adja\u00adci\u00f3\u0142\u00admi.<\/span><\/p>\n<h2 style=\"text-align: center;\"><b>Szklar\u00adska Po\u00adr\u0119\u00adba<\/b><\/h2>\n<p><span style=\"font-weight: 400;\">Praw\u00addzi\u00adwa per\u00ad\u0142a pol\u00adskich g\u00f3r. To w\u0142a\u00ad\u015bnie tu\u00adtaj spo\u00adty\u00adka\u00adj\u0105 si\u0119 dwa pa\u00adsma g\u00f3r\u00adskie \u2013 <\/span><b>Kar\u00adko\u00adno\u00adsze oraz G\u00f3\u00adry Izer\u00adskie<\/b><span style=\"font-weight: 400;\"> \u2013 co czy\u00adni Szklar\u00adsk\u0105 Po\u00adr\u0119\u00adb\u0119 ide\u00adal\u00adn\u0105 ba\u00adz\u0105 wy\u00adpa\u00addo\u00adw\u0105 do pie\u00adszych w\u0119\u00addr\u00f3\u00adwek i jaz\u00addy na ro\u00adwe\u00adrze la\u00adtem oraz nar\u00adciar\u00adskim ku\u00adror\u00adtem zi\u00adm\u0105.<\/span><\/p>\n<p><strong>Zobacz r\u00f3wnie\u017c: <a href=\"https:\/\/www.e-wczasy.pl\/blog\/co-warto-zobaczyc-w-szklarskiej-porebie\/\">Co warto zobaczy\u0107 w Szklarskiej Por\u0119bie<\/a><\/strong><\/p>\n<p><span style=\"font-weight: 400;\">G\u0119\u00adsta siat\u00adka schro\u00adnisk i do\u00adbrze wy\u00adty\u00adczo\u00adne ka\u00admien\u00adne dro\u00adgi mi\u0119\u00addzy ni\u00admi spra\u00adwia\u00adj\u0105, \u017ce w\u0119\u00addr\u00f3w\u00adki s\u0105 praw\u00addzi\u00adw\u0105 przy\u00adjem\u00adno\u00ad\u015bci\u0105 oraz<\/span> <span style=\"font-weight: 400;\">s\u0105 bez\u00adpiecz\u00adne o ka\u017c\u00addej po\u00adrze ro\u00adku. <\/span><\/p>\n<p><img loading=\"lazy\" decoding=\"async\" class=\"aligncenter size-full wp-image-3136\" src=\"https:\/\/www.e-wczasy.pl\/blog\/wp-content\/uploads\/2019\/05\/AdobeStock_65541036-e1568033491472.jpeg\" alt=\"Szklarska Por\u0119ba\" width=\"1200\" height=\"813\" \/><\/p>\n<p><span style=\"font-weight: 400;\">Szcze\u00adg\u00f3l\u00adn\u0105 po\u00adpu\u00adlar\u00adno\u00ad\u015bci\u0105 cie\u00adszy si\u0119 <\/span><b>schro\u00adnisko Ka\u00admie\u0144\u00adczyk<\/b><span style=\"font-weight: 400;\">, kt\u00f3\u00adre swo\u00adj\u0105 na\u00adzw\u0119 wzi\u0119\u00ad\u0142o od znaj\u00addu\u00adj\u0105cego si\u0119 nie\u00adopo\u00addal <\/span><b>kar\u00adko\u00adno\u00adskie\u00adgo wo\u00addo\u00adspa\u00addu<\/b><span style=\"font-weight: 400;\">. Szklar\u00adska Po\u00adr\u0119\u00adba to praw\u00addzi\u00adwy g\u00f3r\u00adski ku\u00adrort. Znaj\u00addu\u00adje si\u0119 tu wie\u00adle obiek\u00adt\u00f3w ga\u00adstro\u00adno\u00admicz\u00adnych ofe\u00adru\u00adj\u0105\u00adcych re\u00adgio\u00adnal\u00adn\u0105 kuch\u00adni\u0119 oraz pen\u00adsjo\u00adna\u00adt\u00f3w, ele\u00adganc\u00adkich ho\u00adte\u00adli i do\u00adm\u00f3w wy\u00adpo\u00adczyn\u00adko\u00adwych.<\/span><\/p>\n<p style=\"text-align: center;\"><a href=\"https:\/\/www.e-wczasy.pl\/noclegi\/szklarska-poreba\"><span class=\"td_btn td_btn_md td_default_btn\">Zobacz noclegi w Szklarskiej Por\u0119bie<\/span><\/a><\/p>\n","protected":false},"excerpt":{"rendered":"<p>Pol\u00adskie g\u00f3\u00adry to wspa\u00adnia\u00ad\u0142y kie\u00adru\u00adnek urlo\u00adpo\u00adwy. Do\u00adbrze ozna\u00adko\u00adwa\u00adne szla\u00adki tu\u00adry\u00adstycz\u00adne za\u00adch\u0119\u00adca\u00adj\u0105 do pie\u00adszych w\u0119\u00addr\u00f3\u00adwek, malownicze g\u00f3rskie dro\u00adgi stwa\u00adrza\u00adj\u0105 wspa\u00adnia\u00ad\u0142e wa\u00adrun\u00adki dla ro\u00adwe\u00adrzy\u00adst\u00f3w, a oko\u00adlicz\u00adne la\u00adsy to ide\u00adal\u00adne te\u00adre\u00adny dla grzy\u00adbia\u00adrzy. Ro\u00adzbu\u00addo\u00adwa\u00adna ba\u00adza noc\u00adle\u00adgo\u00adwa, czy\u00adste po\u00adwie\u00adtrze oraz par\u00adki zdro\u00adjo\u00adwe to ko\u00adlej\u00adne ar\u00adgu\u00admen\u00adty, dla kt\u00f3\u00adrych war\u00adto przyj\u00adrze\u0107 si\u0119 za\u00adska\u00adku\u00adj\u0105\u00adco bo\u00adga\u00adtej ofer\u00adcie tu\u00adry\u00adstycz\u00adnej ma\u00ad\u0142ych miej\u00adsco\u00adwo\u00ad\u015bci w g\u00f3\u00adrach. Mu\u00adszy\u00adna [&hellip;]<\/p>\n","protected":false},"author":4,"featured_media":3129,"comment_status":"closed","ping_status":"open","sticky":false,"template":"","format":"standard","meta":{"_lmt_disableupdate":"","_lmt_disable":"","footnotes":""},"categories":[46,94],"tags":[49,188,8],"class_list":{"0":"post-2485","1":"post","2":"type-post","3":"status-publish","4":"format-standard","5":"has-post-thumbnail","7":"category-inspiracje","8":"category-polecane","9":"tag-atrakcje-w-gorach","10":"tag-szlaki-turystyczne","11":"tag-w-gorach"},"yoast_head":"<!-- This site is optimized with the Yoast SEO plugin v26.1.1 - https:\/\/yoast.com\/wordpress\/plugins\/seo\/ -->\n<title>Ma\u00ad\u0142e miej\u00adsco\u00adwo\u00ad\u015bci w\u00a0g\u00f3\u00adrach - Blog E-wczasy.pl - Noclegi w Polsce. Atrakcje i porady<\/title>\n<meta name=\"robots\" content=\"index, follow, max-snippet:-1, max-image-preview:large, max-video-preview:-1\" \/>\n<link rel=\"canonical\" href=\"https:\/\/www.e-wczasy.pl\/blog\/ma\u00adle-miej\u00adsco\u00adwo\u00adsci-w-go\u00adrach\/\" \/>\n<meta property=\"og:locale\" content=\"pl_PL\" \/>\n<meta property=\"og:type\" content=\"article\" \/>\n<meta property=\"og:title\" content=\"Ma\u00ad\u0142e miej\u00adsco\u00adwo\u00ad\u015bci w\u00a0g\u00f3\u00adrach - Blog E-wczasy.pl - Noclegi w Polsce. Atrakcje i porady\" \/>\n<meta property=\"og:description\" content=\"Pol\u00adskie g\u00f3\u00adry to wspa\u00adnia\u00ad\u0142y kie\u00adru\u00adnek urlo\u00adpo\u00adwy. Do\u00adbrze ozna\u00adko\u00adwa\u00adne szla\u00adki tu\u00adry\u00adstycz\u00adne za\u00adch\u0119\u00adca\u00adj\u0105 do pie\u00adszych w\u0119\u00addr\u00f3\u00adwek, malownicze g\u00f3rskie dro\u00adgi stwa\u00adrza\u00adj\u0105 wspa\u00adnia\u00ad\u0142e wa\u00adrun\u00adki dla ro\u00adwe\u00adrzy\u00adst\u00f3w, a oko\u00adlicz\u00adne la\u00adsy to ide\u00adal\u00adne te\u00adre\u00adny dla grzy\u00adbia\u00adrzy. Ro\u00adzbu\u00addo\u00adwa\u00adna ba\u00adza noc\u00adle\u00adgo\u00adwa, czy\u00adste po\u00adwie\u00adtrze oraz par\u00adki zdro\u00adjo\u00adwe to ko\u00adlej\u00adne ar\u00adgu\u00admen\u00adty, dla kt\u00f3\u00adrych war\u00adto przyj\u00adrze\u0107 si\u0119 za\u00adska\u00adku\u00adj\u0105\u00adco bo\u00adga\u00adtej ofer\u00adcie tu\u00adry\u00adstycz\u00adnej ma\u00ad\u0142ych miej\u00adsco\u00adwo\u00ad\u015bci w g\u00f3\u00adrach. Mu\u00adszy\u00adna [&hellip;]\" \/>\n<meta property=\"og:url\" content=\"https:\/\/www.e-wczasy.pl\/blog\/ma\u00adle-miej\u00adsco\u00adwo\u00adsci-w-go\u00adrach\/\" \/>\n<meta property=\"og:site_name\" content=\"Blog E-wczasy.pl - Noclegi w Polsce. Atrakcje i porady\" \/>\n<meta property=\"article:published_time\" content=\"2019-09-11T08:41:58+00:00\" \/>\n<meta property=\"article:modified_time\" content=\"2023-12-19T14:48:36+00:00\" \/>\n<meta property=\"og:image\" content=\"https:\/\/www.e-wczasy.pl\/blog\/wp-content\/uploads\/2019\/05\/AdobeStock_87474454-e1568032497447.jpeg\" \/>\n\t<meta property=\"og:image:width\" content=\"1200\" \/>\n\t<meta property=\"og:image:height\" content=\"800\" \/>\n\t<meta property=\"og:image:type\" content=\"image\/jpeg\" \/>\n<meta name=\"author\" content=\"Marta G\u0142ug\" \/>\n<meta name=\"twitter:card\" content=\"summary_large_image\" \/>\n<meta name=\"twitter:label1\" content=\"Napisane przez\" \/>\n\t<meta name=\"twitter:data1\" content=\"Marta G\u0142ug\" \/>\n\t<meta name=\"twitter:label2\" content=\"Szacowany czas czytania\" \/>\n\t<meta name=\"twitter:data2\" content=\"10 minut\" \/>\n<script type=\"application\/ld+json\" class=\"yoast-schema-graph\">{\"@context\":\"https:\/\/schema.org\",\"@graph\":[{\"@type\":\"WebPage\",\"@id\":\"https:\/\/www.e-wczasy.pl\/blog\/ma%c2%adle-miej%c2%adsco%c2%adwo%c2%adsci-w-go%c2%adrach\/\",\"url\":\"https:\/\/www.e-wczasy.pl\/blog\/ma%c2%adle-miej%c2%adsco%c2%adwo%c2%adsci-w-go%c2%adrach\/\",\"name\":\"Ma\u00ad\u0142e miej\u00adsco\u00adwo\u00ad\u015bci w\u00a0g\u00f3\u00adrach - Blog E-wczasy.pl - Noclegi w Polsce. Atrakcje i porady\",\"isPartOf\":{\"@id\":\"https:\/\/www.e-wczasy.pl\/blog\/#website\"},\"primaryImageOfPage\":{\"@id\":\"https:\/\/www.e-wczasy.pl\/blog\/ma%c2%adle-miej%c2%adsco%c2%adwo%c2%adsci-w-go%c2%adrach\/#primaryimage\"},\"image\":{\"@id\":\"https:\/\/www.e-wczasy.pl\/blog\/ma%c2%adle-miej%c2%adsco%c2%adwo%c2%adsci-w-go%c2%adrach\/#primaryimage\"},\"thumbnailUrl\":\"https:\/\/www.e-wczasy.pl\/blog\/wp-content\/uploads\/2019\/05\/AdobeStock_87474454-e1568032497447.jpeg\",\"datePublished\":\"2019-09-11T08:41:58+00:00\",\"dateModified\":\"2023-12-19T14:48:36+00:00\",\"author\":{\"@id\":\"https:\/\/www.e-wczasy.pl\/blog\/#\/schema\/person\/381a44e4e9e46db1690628cf2582e91a\"},\"breadcrumb\":{\"@id\":\"https:\/\/www.e-wczasy.pl\/blog\/ma%c2%adle-miej%c2%adsco%c2%adwo%c2%adsci-w-go%c2%adrach\/#breadcrumb\"},\"inLanguage\":\"pl-PL\",\"potentialAction\":[{\"@type\":\"ReadAction\",\"target\":[\"https:\/\/www.e-wczasy.pl\/blog\/ma%c2%adle-miej%c2%adsco%c2%adwo%c2%adsci-w-go%c2%adrach\/\"]}]},{\"@type\":\"ImageObject\",\"inLanguage\":\"pl-PL\",\"@id\":\"https:\/\/www.e-wczasy.pl\/blog\/ma%c2%adle-miej%c2%adsco%c2%adwo%c2%adsci-w-go%c2%adrach\/#primaryimage\",\"url\":\"https:\/\/www.e-wczasy.pl\/blog\/wp-content\/uploads\/2019\/05\/AdobeStock_87474454-e1568032497447.jpeg\",\"contentUrl\":\"https:\/\/www.e-wczasy.pl\/blog\/wp-content\/uploads\/2019\/05\/AdobeStock_87474454-e1568032497447.jpeg\",\"width\":1200,\"height\":800},{\"@type\":\"BreadcrumbList\",\"@id\":\"https:\/\/www.e-wczasy.pl\/blog\/ma%c2%adle-miej%c2%adsco%c2%adwo%c2%adsci-w-go%c2%adrach\/#breadcrumb\",\"itemListElement\":[{\"@type\":\"ListItem\",\"position\":1,\"name\":\"Strona g\u0142\u00f3wna\",\"item\":\"https:\/\/www.e-wczasy.pl\/blog\/\"},{\"@type\":\"ListItem\",\"position\":2,\"name\":\"Ma\u00ad\u0142e miej\u00adsco\u00adwo\u00ad\u015bci w\u00a0g\u00f3\u00adrach\"}]},{\"@type\":\"WebSite\",\"@id\":\"https:\/\/www.e-wczasy.pl\/blog\/#website\",\"url\":\"https:\/\/www.e-wczasy.pl\/blog\/\",\"name\":\"Blog E-wczasy.pl - Noclegi w Polsce. Atrakcje i porady\",\"description\":\"\",\"potentialAction\":[{\"@type\":\"SearchAction\",\"target\":{\"@type\":\"EntryPoint\",\"urlTemplate\":\"https:\/\/www.e-wczasy.pl\/blog\/?s={search_term_string}\"},\"query-input\":{\"@type\":\"PropertyValueSpecification\",\"valueRequired\":true,\"valueName\":\"search_term_string\"}}],\"inLanguage\":\"pl-PL\"},{\"@type\":\"Person\",\"@id\":\"https:\/\/www.e-wczasy.pl\/blog\/#\/schema\/person\/381a44e4e9e46db1690628cf2582e91a\",\"name\":\"Marta G\u0142ug\",\"image\":{\"@type\":\"ImageObject\",\"inLanguage\":\"pl-PL\",\"@id\":\"https:\/\/www.e-wczasy.pl\/blog\/#\/schema\/person\/image\/\",\"url\":\"https:\/\/secure.gravatar.com\/avatar\/597797864fe989a4eb16962210d3b7815f8a5b0aa8f9a3ce9a1aeb17f196b70f?s=96&d=mm&r=g\",\"contentUrl\":\"https:\/\/secure.gravatar.com\/avatar\/597797864fe989a4eb16962210d3b7815f8a5b0aa8f9a3ce9a1aeb17f196b70f?s=96&d=mm&r=g\",\"caption\":\"Marta G\u0142ug\"},\"description\":\"Odkrywanie \u015bwiata jest moj\u0105 pasj\u0105, kt\u00f3r\u0105 chce zara\u017ca\u0107 innych. Wykszta\u0142cenie zapewnia mi wiedz\u0119 o historii i kulturze, a kontakt z natur\u0105 daje energi\u0119 do dzia\u0142ania. Inspiracj\u0105 jest \u017cycie.\",\"url\":\"https:\/\/www.e-wczasy.pl\/blog\/author\/marta\/\"}]}<\/script>\n<!-- \/ Yoast SEO plugin. -->","yoast_head_json":{"title":"Ma\u00ad\u0142e miej\u00adsco\u00adwo\u00ad\u015bci w\u00a0g\u00f3\u00adrach - Blog E-wczasy.pl - Noclegi w Polsce. Atrakcje i porady","robots":{"index":"index","follow":"follow","max-snippet":"max-snippet:-1","max-image-preview":"max-image-preview:large","max-video-preview":"max-video-preview:-1"},"canonical":"https:\/\/www.e-wczasy.pl\/blog\/ma\u00adle-miej\u00adsco\u00adwo\u00adsci-w-go\u00adrach\/","og_locale":"pl_PL","og_type":"article","og_title":"Ma\u00ad\u0142e miej\u00adsco\u00adwo\u00ad\u015bci w\u00a0g\u00f3\u00adrach - Blog E-wczasy.pl - Noclegi w Polsce. Atrakcje i porady","og_description":"Pol\u00adskie g\u00f3\u00adry to wspa\u00adnia\u00ad\u0142y kie\u00adru\u00adnek urlo\u00adpo\u00adwy. Do\u00adbrze ozna\u00adko\u00adwa\u00adne szla\u00adki tu\u00adry\u00adstycz\u00adne za\u00adch\u0119\u00adca\u00adj\u0105 do pie\u00adszych w\u0119\u00addr\u00f3\u00adwek, malownicze g\u00f3rskie dro\u00adgi stwa\u00adrza\u00adj\u0105 wspa\u00adnia\u00ad\u0142e wa\u00adrun\u00adki dla ro\u00adwe\u00adrzy\u00adst\u00f3w, a oko\u00adlicz\u00adne la\u00adsy to ide\u00adal\u00adne te\u00adre\u00adny dla grzy\u00adbia\u00adrzy. Ro\u00adzbu\u00addo\u00adwa\u00adna ba\u00adza noc\u00adle\u00adgo\u00adwa, czy\u00adste po\u00adwie\u00adtrze oraz par\u00adki zdro\u00adjo\u00adwe to ko\u00adlej\u00adne ar\u00adgu\u00admen\u00adty, dla kt\u00f3\u00adrych war\u00adto przyj\u00adrze\u0107 si\u0119 za\u00adska\u00adku\u00adj\u0105\u00adco bo\u00adga\u00adtej ofer\u00adcie tu\u00adry\u00adstycz\u00adnej ma\u00ad\u0142ych miej\u00adsco\u00adwo\u00ad\u015bci w g\u00f3\u00adrach. Mu\u00adszy\u00adna [&hellip;]","og_url":"https:\/\/www.e-wczasy.pl\/blog\/ma\u00adle-miej\u00adsco\u00adwo\u00adsci-w-go\u00adrach\/","og_site_name":"Blog E-wczasy.pl - Noclegi w Polsce. Atrakcje i porady","article_published_time":"2019-09-11T08:41:58+00:00","article_modified_time":"2023-12-19T14:48:36+00:00","og_image":[{"width":1200,"height":800,"url":"https:\/\/www.e-wczasy.pl\/blog\/wp-content\/uploads\/2019\/05\/AdobeStock_87474454-e1568032497447.jpeg","type":"image\/jpeg"}],"author":"Marta G\u0142ug","twitter_card":"summary_large_image","twitter_misc":{"Napisane przez":"Marta G\u0142ug","Szacowany czas czytania":"10 minut"},"schema":{"@context":"https:\/\/schema.org","@graph":[{"@type":"WebPage","@id":"https:\/\/www.e-wczasy.pl\/blog\/ma%c2%adle-miej%c2%adsco%c2%adwo%c2%adsci-w-go%c2%adrach\/","url":"https:\/\/www.e-wczasy.pl\/blog\/ma%c2%adle-miej%c2%adsco%c2%adwo%c2%adsci-w-go%c2%adrach\/","name":"Ma\u00ad\u0142e miej\u00adsco\u00adwo\u00ad\u015bci w\u00a0g\u00f3\u00adrach - Blog E-wczasy.pl - Noclegi w Polsce. Atrakcje i porady","isPartOf":{"@id":"https:\/\/www.e-wczasy.pl\/blog\/#website"},"primaryImageOfPage":{"@id":"https:\/\/www.e-wczasy.pl\/blog\/ma%c2%adle-miej%c2%adsco%c2%adwo%c2%adsci-w-go%c2%adrach\/#primaryimage"},"image":{"@id":"https:\/\/www.e-wczasy.pl\/blog\/ma%c2%adle-miej%c2%adsco%c2%adwo%c2%adsci-w-go%c2%adrach\/#primaryimage"},"thumbnailUrl":"https:\/\/www.e-wczasy.pl\/blog\/wp-content\/uploads\/2019\/05\/AdobeStock_87474454-e1568032497447.jpeg","datePublished":"2019-09-11T08:41:58+00:00","dateModified":"2023-12-19T14:48:36+00:00","author":{"@id":"https:\/\/www.e-wczasy.pl\/blog\/#\/schema\/person\/381a44e4e9e46db1690628cf2582e91a"},"breadcrumb":{"@id":"https:\/\/www.e-wczasy.pl\/blog\/ma%c2%adle-miej%c2%adsco%c2%adwo%c2%adsci-w-go%c2%adrach\/#breadcrumb"},"inLanguage":"pl-PL","potentialAction":[{"@type":"ReadAction","target":["https:\/\/www.e-wczasy.pl\/blog\/ma%c2%adle-miej%c2%adsco%c2%adwo%c2%adsci-w-go%c2%adrach\/"]}]},{"@type":"ImageObject","inLanguage":"pl-PL","@id":"https:\/\/www.e-wczasy.pl\/blog\/ma%c2%adle-miej%c2%adsco%c2%adwo%c2%adsci-w-go%c2%adrach\/#primaryimage","url":"https:\/\/www.e-wczasy.pl\/blog\/wp-content\/uploads\/2019\/05\/AdobeStock_87474454-e1568032497447.jpeg","contentUrl":"https:\/\/www.e-wczasy.pl\/blog\/wp-content\/uploads\/2019\/05\/AdobeStock_87474454-e1568032497447.jpeg","width":1200,"height":800},{"@type":"BreadcrumbList","@id":"https:\/\/www.e-wczasy.pl\/blog\/ma%c2%adle-miej%c2%adsco%c2%adwo%c2%adsci-w-go%c2%adrach\/#breadcrumb","itemListElement":[{"@type":"ListItem","position":1,"name":"Strona g\u0142\u00f3wna","item":"https:\/\/www.e-wczasy.pl\/blog\/"},{"@type":"ListItem","position":2,"name":"Ma\u00ad\u0142e miej\u00adsco\u00adwo\u00ad\u015bci w\u00a0g\u00f3\u00adrach"}]},{"@type":"WebSite","@id":"https:\/\/www.e-wczasy.pl\/blog\/#website","url":"https:\/\/www.e-wczasy.pl\/blog\/","name":"Blog E-wczasy.pl - Noclegi w Polsce. Atrakcje i porady","description":"","potentialAction":[{"@type":"SearchAction","target":{"@type":"EntryPoint","urlTemplate":"https:\/\/www.e-wczasy.pl\/blog\/?s={search_term_string}"},"query-input":{"@type":"PropertyValueSpecification","valueRequired":true,"valueName":"search_term_string"}}],"inLanguage":"pl-PL"},{"@type":"Person","@id":"https:\/\/www.e-wczasy.pl\/blog\/#\/schema\/person\/381a44e4e9e46db1690628cf2582e91a","name":"Marta G\u0142ug","image":{"@type":"ImageObject","inLanguage":"pl-PL","@id":"https:\/\/www.e-wczasy.pl\/blog\/#\/schema\/person\/image\/","url":"https:\/\/secure.gravatar.com\/avatar\/597797864fe989a4eb16962210d3b7815f8a5b0aa8f9a3ce9a1aeb17f196b70f?s=96&d=mm&r=g","contentUrl":"https:\/\/secure.gravatar.com\/avatar\/597797864fe989a4eb16962210d3b7815f8a5b0aa8f9a3ce9a1aeb17f196b70f?s=96&d=mm&r=g","caption":"Marta G\u0142ug"},"description":"Odkrywanie \u015bwiata jest moj\u0105 pasj\u0105, kt\u00f3r\u0105 chce zara\u017ca\u0107 innych. Wykszta\u0142cenie zapewnia mi wiedz\u0119 o historii i kulturze, a kontakt z natur\u0105 daje energi\u0119 do dzia\u0142ania. Inspiracj\u0105 jest \u017cycie.","url":"https:\/\/www.e-wczasy.pl\/blog\/author\/marta\/"}]}},"modified_by":"\u0141ukasz Szymczak","_links":{"self":[{"href":"https:\/\/www.e-wczasy.pl\/blog\/wp-json\/wp\/v2\/posts\/2485","targetHints":{"allow":["GET"]}}],"collection":[{"href":"https:\/\/www.e-wczasy.pl\/blog\/wp-json\/wp\/v2\/posts"}],"about":[{"href":"https:\/\/www.e-wczasy.pl\/blog\/wp-json\/wp\/v2\/types\/post"}],"author":[{"embeddable":true,"href":"https:\/\/www.e-wczasy.pl\/blog\/wp-json\/wp\/v2\/users\/4"}],"replies":[{"embeddable":true,"href":"https:\/\/www.e-wczasy.pl\/blog\/wp-json\/wp\/v2\/comments?post=2485"}],"version-history":[{"count":11,"href":"https:\/\/www.e-wczasy.pl\/blog\/wp-json\/wp\/v2\/posts\/2485\/revisions"}],"predecessor-version":[{"id":3150,"href":"https:\/\/www.e-wczasy.pl\/blog\/wp-json\/wp\/v2\/posts\/2485\/revisions\/3150"}],"wp:featuredmedia":[{"embeddable":true,"href":"https:\/\/www.e-wczasy.pl\/blog\/wp-json\/wp\/v2\/media\/3129"}],"wp:attachment":[{"href":"https:\/\/www.e-wczasy.pl\/blog\/wp-json\/wp\/v2\/media?parent=2485"}],"wp:term":[{"taxonomy":"category","embeddable":true,"href":"https:\/\/www.e-wczasy.pl\/blog\/wp-json\/wp\/v2\/categories?post=2485"},{"taxonomy":"post_tag","embeddable":true,"href":"https:\/\/www.e-wczasy.pl\/blog\/wp-json\/wp\/v2\/tags?post=2485"}],"curies":[{"name":"wp","href":"https:\/\/api.w.org\/{rel}","templated":true}]}}