{"id":1783,"date":"2019-02-01T15:13:46","date_gmt":"2019-02-01T14:13:46","guid":{"rendered":"http:\/\/www.e-wczasy.pl\/blog\/?p=1783"},"modified":"2019-10-15T15:48:55","modified_gmt":"2019-10-15T13:48:55","slug":"kalendarz-imprez-zimowych-w-gorach","status":"publish","type":"post","link":"https:\/\/www.e-wczasy.pl\/blog\/kalendarz-imprez-zimowych-w-gorach\/","title":{"rendered":"Kalendarz imprez zimowych w g\u00f3rach"},"content":{"rendered":"<p><strong>O ile imprezy kojarz\u0105 si\u0119 nam przede wszystkim z latem, to na mapie Polski s\u0105 takie miasta, w kt\u00f3rych sezon na eventy trwa ca\u0142y rok. Specjalnie dla was przygotowali\u015bmy kalendarz imprez w popularnych g\u00f3rskich o\u015brodkach oraz nadmorskich kurortach, kt\u00f3re r\u00f3wnie\u017c zim\u0105 maj\u0105 wiele do zaoferowania!<\/strong><\/p>\n<h2><strong>Zakopane<\/strong><\/h2>\n<p>Jak Zakopane to oczywi\u015bcie narty. Dnia<strong>\u00a09 lutego<\/strong> w stacji narciarskiej Kasprowy Wierch odb\u0119dzie si\u0119 <strong>VI. Puchar Zakopanego<\/strong> w narciarstwie alpejskim.<strong> Nosal <\/strong>stawia natomiast na muzyk\u0119! Ju\u017c 9 lutego, w ramach cyklicznych koncert\u00f3w zimowych, b\u0119dziemy mogli pos\u0142ucha\u0107 m.in. Cugowskich oraz zespo\u0142u KULT. Od <strong>14 stycznia do 24<\/strong> <strong>lutego<\/strong> na najm\u0142odszych czekaj\u0105 liczne warsztaty w ramach<strong> Ferii z Muzeum Tatrza\u0144skich<\/strong>.<\/p>\n<p><iframe width=\"696\" height=\"392\" src=\"https:\/\/www.youtube.com\/embed\/pdUA2HMCn6c?feature=oembed&#038;enablejsapi=1&#038;origin=https:\/\/www.e-wczasy.pl\" frameborder=\"0\" allow=\"accelerometer; autoplay; encrypted-media; gyroscope; picture-in-picture\" allowfullscreen><\/iframe><\/p>\n<p style=\"text-align: center;\"><a href=\"https:\/\/www.e-wczasy.pl\/noclegi\/zakopane\"><span class=\"td_btn td_btn_md td_default_btn\">Zobacz noclegi w Zakopanem<\/span><\/a><\/p>\n<h2><strong>Bia\u0142ka Tatrza\u0144ska<\/strong><\/h2>\n<p><strong>3 lutego<\/strong> nie lada atrakcja! <strong>Wielka \u015acigacka<\/strong>, czyli zjazd na byle czym &#8211; to z pewno\u015bci\u0105 ucieszy i starszych, i m\u0142odszych uczestnik\u00f3w. Natomiast<strong> 17 lutego<\/strong> w o\u015brodku narciarskim Kotelnica Bia\u0142ka rozpocznie si\u0119 <strong>Garmin Winter Sports Festival,<\/strong> czyli narciarskie i snowboardowe zawody Pucharu Europy w wyj\u0105tkowo widowiskowej kategorii Big Air oraz Freeskiing.<\/p>\n<p><iframe width=\"696\" height=\"392\" src=\"https:\/\/www.youtube.com\/embed\/Yo8OpmX7sgk?feature=oembed&#038;enablejsapi=1&#038;origin=https:\/\/www.e-wczasy.pl\" frameborder=\"0\" allow=\"accelerometer; autoplay; encrypted-media; gyroscope; picture-in-picture\" allowfullscreen><\/iframe><\/p>\n<h2><strong>Bukowina Tatrza\u0144ska<\/strong><\/h2>\n<p><strong>Luty<\/strong> to tak\u017ce <strong>G\u00f3ralski Karnawa\u0142<\/strong>, impreza organizowana od 47 lat. Podczas Karnawa\u0142u (od czwartku do soboty) wszystkie najlepsze grupy muzyczne zbieraj\u0105 si\u0119 na wsp\u00f3lnym kol\u0119dowaniu w Bukowinie Tatrza\u0144skiej, gdzie mo\u017cna m.in. obejrze\u0107 taniec zb\u00f3jnicki oraz zapozna\u0107 si\u0119 z tw\u00f3rczo\u015bci\u0105 ludow\u0105 na towarzysz\u0105cej obchodom wystawie.<\/p>\n<div class=\"youtube-embed\" data-video_id=\"ruAkhLPhDXU\"><iframe width=\"696\" height=\"392\" src=\"https:\/\/www.youtube.com\/embed\/ruAkhLPhDXU?feature=oembed&#038;enablejsapi=1&#038;enablejsapi=1&#038;origin=https:\/\/www.e-wczasy.pl\" frameborder=\"0\" allow=\"accelerometer; autoplay; encrypted-media; gyroscope; picture-in-picture\" allowfullscreen><\/iframe><\/div>\n<h2><strong>Jakuszyce<\/strong><\/h2>\n<p>Karkonoska stolica narciarstwa biegowego. Przez ca\u0142y okres zimowy organizowana jest tu impreza weekendowa <strong>\u201eBieg Piast\u00f3w\u201d <\/strong>w ramach Festiwalu Narciarstwa Biegowego. Impreza ma ju\u017c swoje wieloletnie tradycje i posiada grono sta\u0142ych bywalc\u00f3w. Opcj\u0105 dla sp\u0119dzaj\u0105cych ferie z dzie\u0107mi jest konkurencja \u201esztafety rodzinnej\u201d.<\/p>\n<p><iframe width=\"696\" height=\"392\" src=\"https:\/\/www.youtube.com\/embed\/Xk6gBsq1-RQ?feature=oembed&#038;enablejsapi=1&#038;origin=https:\/\/www.e-wczasy.pl\" frameborder=\"0\" allow=\"accelerometer; autoplay; encrypted-media; gyroscope; picture-in-picture\" allowfullscreen><\/iframe><\/p>\n<h2><strong>Tr\u00f3jmiasto<\/strong><\/h2>\n<p>Morze zim\u0105 jest bardzo interesuj\u0105ce, chocia\u017cby ze wzgl\u0119du na nietypowy krajobraz kojarz\u0105cy si\u0119 zwykle z wakacjami. To r\u00f3wnie\u017c kierunek dla wielbicieli muzyki i kultury! Ju\u017c <strong>31 stycznia<\/strong> w Starym Mane\u017cu zagraj\u0105 <strong>Waglewski Fisz Emade, 4 lutego<\/strong> Teatr Muzyczny odwiedzi <strong>Maciej Male\u0144czuk<\/strong>, a przez ca\u0142e ferie na jego deskach b\u0119dzie mo\u017cna obejrze\u0107 <strong>spektakl Garderobiany<\/strong>. Ciekawy repertuar zapowiada te\u017c gda\u0144ska scena teatralna NOT, w tym spektakularne widowisko dla dzieci\u00a0<strong>\u201eKr\u00f3lowa \u015aniegu\u201d <\/strong>z premier\u0105 <strong>15 lutego.<\/strong><\/p>\n<p><iframe width=\"696\" height=\"392\" src=\"https:\/\/www.youtube.com\/embed\/U5y58wdsQxU?feature=oembed&#038;enablejsapi=1&#038;origin=https:\/\/www.e-wczasy.pl\" frameborder=\"0\" allow=\"accelerometer; autoplay; encrypted-media; gyroscope; picture-in-picture\" allowfullscreen><\/iframe><\/p>\n<p style=\"text-align: center;\"><a href=\"https:\/\/www.e-wczasy.pl\/noclegi\/trojmiasto\"><span class=\"td_btn td_btn_md td_default_btn\">Noclegi w Tr\u00f3jmie\u015bcie<\/span><\/a><\/p>\n<h2><strong>Ko\u0142obrzeg<\/strong><\/h2>\n<p>Podczas zimowego wypoczynku z dzie\u0107mi w Ko\u0142obrzegu jest w czym wybiera\u0107, dzi\u0119ki szerokiej ofercie zaj\u0119\u0107 sportowych i warsztat\u00f3w przygotowanych przez MOSIR oraz Regionalne Centrum Kultury. W ofercie znalaz\u0142 si\u0119 r\u00f3wnie\u017c karnawa\u0142owy event dla doros\u0142ych. Ju\u017c\u00a0<strong>5 lutego<\/strong> odb\u0119dzie si\u0119 <strong>Koncert Wiede\u0144ski<\/strong>, a <strong>1-6 lutego <\/strong>Sala Ratusza wype\u0142ni si\u0119 muzyk\u0105 najlepszych instrumentalist\u00f3w i \u015bpiewak\u00f3w w ramach <strong>VIII Muzycznej Zimy w Ko\u0142obrzegu<\/strong>.<\/p>\n<p><iframe width=\"696\" height=\"392\" src=\"https:\/\/www.youtube.com\/embed\/_5k1GKXdPDY?feature=oembed&#038;enablejsapi=1&#038;origin=https:\/\/www.e-wczasy.pl\" frameborder=\"0\" allow=\"accelerometer; autoplay; encrypted-media; gyroscope; picture-in-picture\" allowfullscreen><\/iframe><\/p>\n<p><strong>Jaki nocleg w Ko\u0142obrzegu wybra\u0107?<\/strong> Aby u\u0142atwi\u0107 Wam wyb\u00f3r, poni\u017cej kilka propozycji:<\/p>\n<div class=\"su-image-carousel  su-image-carousel-columns-3 su-image-carousel-has-spacing su-image-carousel-crop su-image-carousel-crop-4-3 su-image-carousel-has-outline su-image-carousel-adaptive su-image-carousel-slides-style-minimal su-image-carousel-controls-style-light su-image-carousel-align-none\" style=\"\" data-flickity-options='{\"groupCells\":true,\"cellSelector\":\".su-image-carousel-item\",\"adaptiveHeight\":false,\"cellAlign\":\"left\",\"prevNextButtons\":true,\"pageDots\":false,\"autoPlay\":5000,\"imagesLoaded\":true,\"contain\":true,\"selectedAttraction\":0.15,\"friction\":1}' id=\"su_image_carousel_69f76c8320137\"><div class=\"su-image-carousel-item\"><div class=\"su-image-carousel-item-content\"><a href=\"https:\/\/www.e-wczasy.pl\/noclegi\/kolobrzeg\/apartamenty\/zielone-tarasy,2930\" target=\"_blank\" rel=\"noopener noreferrer\" data-caption=\"Zielone Tarasy\"><img fetchpriority=\"high\" decoding=\"async\" width=\"250\" height=\"200\" src=\"https:\/\/www.e-wczasy.pl\/blog\/wp-content\/uploads\/2019\/02\/zielone-tarasy-kolobrzeg-1516013622-o7id2930.jpg\" class=\"\" alt=\"\" \/><span>Zielone Tarasy<\/span><\/a><\/div><\/div><div class=\"su-image-carousel-item\"><div class=\"su-image-carousel-item-content\"><a href=\"https:\/\/www.e-wczasy.pl\/noclegi\/kolobrzeg\/pensjonaty\/west-dom-wypoczynkowy,2103\" target=\"_blank\" rel=\"noopener noreferrer\" data-caption=\"D.W. WEST\"><img decoding=\"async\" width=\"250\" height=\"200\" src=\"https:\/\/www.e-wczasy.pl\/blog\/wp-content\/uploads\/2019\/02\/west-dom-wypoczynkowy-kolobrzeg-0-o2id2103.jpg\" class=\"\" alt=\"\" \/><span>D.W. WEST<\/span><\/a><\/div><\/div><div class=\"su-image-carousel-item\"><div class=\"su-image-carousel-item-content\"><a href=\"https:\/\/www.e-wczasy.pl\/noclegi\/kolobrzeg\/apartamenty\/przy-latarni,212\" target=\"_blank\" rel=\"noopener noreferrer\" data-caption=\"Przy Latarni\"><img decoding=\"async\" width=\"250\" height=\"200\" src=\"https:\/\/www.e-wczasy.pl\/blog\/wp-content\/uploads\/2019\/02\/przy-latarni-kolobrzeg-1535382045-o9przylatarni.jpg\" class=\"\" alt=\"\" \/><span>Przy Latarni<\/span><\/a><\/div><\/div><div class=\"su-image-carousel-item\"><div class=\"su-image-carousel-item-content\"><a href=\"https:\/\/www.e-wczasy.pl\/noclegi\/kolobrzeg\/kwatery-prywatne\/cyprys-pokoje-wczasowe,287\" target=\"_blank\" rel=\"noopener noreferrer\" data-caption=\"Cyprys\"><img loading=\"lazy\" decoding=\"async\" width=\"250\" height=\"200\" src=\"https:\/\/www.e-wczasy.pl\/blog\/wp-content\/uploads\/2019\/02\/cyprys-pokoje-wczasowe-kolobrzeg-1525692020-o1cyprys.jpg\" class=\"\" alt=\"\" \/><span>Cyprys<\/span><\/a><\/div><\/div><div class=\"su-image-carousel-item\"><div class=\"su-image-carousel-item-content\"><a href=\"https:\/\/www.e-wczasy.pl\/noclegi\/kolobrzeg\/apartamenty\/apartament-rozany-amber-sand-w-kolobrzegu,10473\" target=\"_blank\" rel=\"noopener noreferrer\" data-caption=\"Apartament R\u00f3\u017cany\"><img loading=\"lazy\" decoding=\"async\" width=\"250\" height=\"200\" src=\"https:\/\/www.e-wczasy.pl\/blog\/wp-content\/uploads\/2019\/02\/apartament-rozany-amber-sand-w-kolobrzegu-kolobrzeg-1546550983-o510473.jpg\" class=\"\" alt=\"\" \/><span>Apartament R\u00f3\u017cany<\/span><\/a><\/div><\/div><\/div><script id=\"su_image_carousel_69f76c8320137_script\">if(window.SUImageCarousel){setTimeout(function() {window.SUImageCarousel.initGallery(document.getElementById(\"su_image_carousel_69f76c8320137\"))}, 0);}var su_image_carousel_69f76c8320137_script=document.getElementById(\"su_image_carousel_69f76c8320137_script\");if(su_image_carousel_69f76c8320137_script){su_image_carousel_69f76c8320137_script.parentNode.removeChild(su_image_carousel_69f76c8320137_script);}<\/script>\n<h2><strong>Mi\u0119dzyzdroje<\/strong><\/h2>\n<p>Mi\u0119dzyzdroje znane jako \u201emiasto gwiazd\u201d, r\u00f3wnie\u017c zim\u0105 stawia na show! W ramach<strong>\u00a0\u201eFantastycznych Ferii\u201d <\/strong>w MDK <strong>od 28 stycznia do 10 lutego<\/strong> organizowane s\u0105 interdyscyplinarne spotkania ze sztuk\u0105 i rozrywk\u0105, podczas kt\u00f3rych najm\u0142odsi mog\u0105 spr\u00f3bowa\u0107 swoich si\u0142 na scenie. Doro\u015bli mog\u0105 natomiast cieszy\u0107 si\u0119 spacerami wzd\u0142u\u017c pla\u017cy oraz jodem, kt\u00f3rego z pewno\u015bci\u0105 tam nie brakuje!<\/p>\n<p><iframe width=\"696\" height=\"392\" src=\"https:\/\/www.youtube.com\/embed\/T7UlZzyQL1U?feature=oembed&#038;enablejsapi=1&#038;origin=https:\/\/www.e-wczasy.pl\" frameborder=\"0\" allow=\"accelerometer; autoplay; encrypted-media; gyroscope; picture-in-picture\" allowfullscreen><\/iframe><\/p>\n<p style=\"text-align: center;\"><a href=\"https:\/\/www.e-wczasy.pl\/noclegi\/miedzyzdroje\"><span class=\"td_btn td_btn_md td_default_btn\">Sprawd\u017a noclegi w Mi\u0119dzydrojach<\/span><\/a><\/p>\n","protected":false},"excerpt":{"rendered":"<p>O ile imprezy kojarz\u0105 si\u0119 nam przede wszystkim z latem, to na mapie Polski s\u0105 takie miasta, w kt\u00f3rych sezon na eventy trwa ca\u0142y rok. Specjalnie dla was przygotowali\u015bmy kalendarz imprez w popularnych g\u00f3rskich o\u015brodkach oraz nadmorskich kurortach, kt\u00f3re r\u00f3wnie\u017c zim\u0105 maj\u0105 wiele do zaoferowania! Zakopane Jak Zakopane to oczywi\u015bcie narty. Dnia\u00a09 lutego w stacji [&hellip;]<\/p>\n","protected":false},"author":4,"featured_media":1791,"comment_status":"closed","ping_status":"open","sticky":false,"template":"","format":"standard","meta":{"_lmt_disableupdate":"","_lmt_disable":"","footnotes":""},"categories":[111],"tags":[8],"class_list":{"0":"post-1783","1":"post","2":"type-post","3":"status-publish","4":"format-standard","5":"has-post-thumbnail","7":"category-wydarzenia","8":"tag-w-gorach"},"yoast_head":"<!-- This site is optimized with the Yoast SEO plugin v26.1.1 - https:\/\/yoast.com\/wordpress\/plugins\/seo\/ -->\n<title>Kalendarz imprez zimowych w g\u00f3rach - Blog E-wczasy.pl - Noclegi w Polsce. Atrakcje i porady<\/title>\n<meta name=\"robots\" content=\"index, follow, max-snippet:-1, max-image-preview:large, max-video-preview:-1\" \/>\n<link rel=\"canonical\" href=\"https:\/\/www.e-wczasy.pl\/blog\/kalendarz-imprez-zimowych-w-gorach\/\" \/>\n<meta property=\"og:locale\" content=\"pl_PL\" \/>\n<meta property=\"og:type\" content=\"article\" \/>\n<meta property=\"og:title\" content=\"Kalendarz imprez zimowych w g\u00f3rach - Blog E-wczasy.pl - Noclegi w Polsce. Atrakcje i porady\" \/>\n<meta property=\"og:description\" content=\"O ile imprezy kojarz\u0105 si\u0119 nam przede wszystkim z latem, to na mapie Polski s\u0105 takie miasta, w kt\u00f3rych sezon na eventy trwa ca\u0142y rok. Specjalnie dla was przygotowali\u015bmy kalendarz imprez w popularnych g\u00f3rskich o\u015brodkach oraz nadmorskich kurortach, kt\u00f3re r\u00f3wnie\u017c zim\u0105 maj\u0105 wiele do zaoferowania! Zakopane Jak Zakopane to oczywi\u015bcie narty. Dnia\u00a09 lutego w stacji [&hellip;]\" \/>\n<meta property=\"og:url\" content=\"https:\/\/www.e-wczasy.pl\/blog\/kalendarz-imprez-zimowych-w-gorach\/\" \/>\n<meta property=\"og:site_name\" content=\"Blog E-wczasy.pl - Noclegi w Polsce. Atrakcje i porady\" \/>\n<meta property=\"article:published_time\" content=\"2019-02-01T14:13:46+00:00\" \/>\n<meta property=\"article:modified_time\" content=\"2019-10-15T13:48:55+00:00\" \/>\n<meta property=\"og:image\" content=\"https:\/\/www.e-wczasy.pl\/blog\/wp-content\/uploads\/2019\/01\/Zakopanezabawa.jpg-e1549024243182.jpeg\" \/>\n\t<meta property=\"og:image:width\" content=\"1400\" \/>\n\t<meta property=\"og:image:height\" content=\"933\" \/>\n\t<meta property=\"og:image:type\" content=\"image\/jpeg\" \/>\n<meta name=\"author\" content=\"Marta G\u0142ug\" \/>\n<meta name=\"twitter:card\" content=\"summary_large_image\" \/>\n<meta name=\"twitter:label1\" content=\"Napisane przez\" \/>\n\t<meta name=\"twitter:data1\" content=\"Marta G\u0142ug\" \/>\n\t<meta name=\"twitter:label2\" content=\"Szacowany czas czytania\" \/>\n\t<meta name=\"twitter:data2\" content=\"3 minuty\" \/>\n<script type=\"application\/ld+json\" class=\"yoast-schema-graph\">{\"@context\":\"https:\/\/schema.org\",\"@graph\":[{\"@type\":\"WebPage\",\"@id\":\"https:\/\/www.e-wczasy.pl\/blog\/kalendarz-imprez-zimowych-w-gorach\/\",\"url\":\"https:\/\/www.e-wczasy.pl\/blog\/kalendarz-imprez-zimowych-w-gorach\/\",\"name\":\"Kalendarz imprez zimowych w g\u00f3rach - Blog E-wczasy.pl - Noclegi w Polsce. Atrakcje i porady\",\"isPartOf\":{\"@id\":\"https:\/\/www.e-wczasy.pl\/blog\/#website\"},\"primaryImageOfPage\":{\"@id\":\"https:\/\/www.e-wczasy.pl\/blog\/kalendarz-imprez-zimowych-w-gorach\/#primaryimage\"},\"image\":{\"@id\":\"https:\/\/www.e-wczasy.pl\/blog\/kalendarz-imprez-zimowych-w-gorach\/#primaryimage\"},\"thumbnailUrl\":\"https:\/\/www.e-wczasy.pl\/blog\/wp-content\/uploads\/2019\/01\/Zakopanezabawa.jpg-e1549024243182.jpeg\",\"datePublished\":\"2019-02-01T14:13:46+00:00\",\"dateModified\":\"2019-10-15T13:48:55+00:00\",\"author\":{\"@id\":\"https:\/\/www.e-wczasy.pl\/blog\/#\/schema\/person\/381a44e4e9e46db1690628cf2582e91a\"},\"breadcrumb\":{\"@id\":\"https:\/\/www.e-wczasy.pl\/blog\/kalendarz-imprez-zimowych-w-gorach\/#breadcrumb\"},\"inLanguage\":\"pl-PL\",\"potentialAction\":[{\"@type\":\"ReadAction\",\"target\":[\"https:\/\/www.e-wczasy.pl\/blog\/kalendarz-imprez-zimowych-w-gorach\/\"]}]},{\"@type\":\"ImageObject\",\"inLanguage\":\"pl-PL\",\"@id\":\"https:\/\/www.e-wczasy.pl\/blog\/kalendarz-imprez-zimowych-w-gorach\/#primaryimage\",\"url\":\"https:\/\/www.e-wczasy.pl\/blog\/wp-content\/uploads\/2019\/01\/Zakopanezabawa.jpg-e1549024243182.jpeg\",\"contentUrl\":\"https:\/\/www.e-wczasy.pl\/blog\/wp-content\/uploads\/2019\/01\/Zakopanezabawa.jpg-e1549024243182.jpeg\",\"width\":1400,\"height\":933},{\"@type\":\"BreadcrumbList\",\"@id\":\"https:\/\/www.e-wczasy.pl\/blog\/kalendarz-imprez-zimowych-w-gorach\/#breadcrumb\",\"itemListElement\":[{\"@type\":\"ListItem\",\"position\":1,\"name\":\"Strona g\u0142\u00f3wna\",\"item\":\"https:\/\/www.e-wczasy.pl\/blog\/\"},{\"@type\":\"ListItem\",\"position\":2,\"name\":\"Kalendarz imprez zimowych w g\u00f3rach\"}]},{\"@type\":\"WebSite\",\"@id\":\"https:\/\/www.e-wczasy.pl\/blog\/#website\",\"url\":\"https:\/\/www.e-wczasy.pl\/blog\/\",\"name\":\"Blog E-wczasy.pl - Noclegi w Polsce. Atrakcje i porady\",\"description\":\"\",\"potentialAction\":[{\"@type\":\"SearchAction\",\"target\":{\"@type\":\"EntryPoint\",\"urlTemplate\":\"https:\/\/www.e-wczasy.pl\/blog\/?s={search_term_string}\"},\"query-input\":{\"@type\":\"PropertyValueSpecification\",\"valueRequired\":true,\"valueName\":\"search_term_string\"}}],\"inLanguage\":\"pl-PL\"},{\"@type\":\"Person\",\"@id\":\"https:\/\/www.e-wczasy.pl\/blog\/#\/schema\/person\/381a44e4e9e46db1690628cf2582e91a\",\"name\":\"Marta G\u0142ug\",\"image\":{\"@type\":\"ImageObject\",\"inLanguage\":\"pl-PL\",\"@id\":\"https:\/\/www.e-wczasy.pl\/blog\/#\/schema\/person\/image\/\",\"url\":\"https:\/\/secure.gravatar.com\/avatar\/597797864fe989a4eb16962210d3b7815f8a5b0aa8f9a3ce9a1aeb17f196b70f?s=96&d=mm&r=g\",\"contentUrl\":\"https:\/\/secure.gravatar.com\/avatar\/597797864fe989a4eb16962210d3b7815f8a5b0aa8f9a3ce9a1aeb17f196b70f?s=96&d=mm&r=g\",\"caption\":\"Marta G\u0142ug\"},\"description\":\"Odkrywanie \u015bwiata jest moj\u0105 pasj\u0105, kt\u00f3r\u0105 chce zara\u017ca\u0107 innych. Wykszta\u0142cenie zapewnia mi wiedz\u0119 o historii i kulturze, a kontakt z natur\u0105 daje energi\u0119 do dzia\u0142ania. Inspiracj\u0105 jest \u017cycie.\",\"url\":\"https:\/\/www.e-wczasy.pl\/blog\/author\/marta\/\"}]}<\/script>\n<!-- \/ Yoast SEO plugin. -->","yoast_head_json":{"title":"Kalendarz imprez zimowych w g\u00f3rach - Blog E-wczasy.pl - Noclegi w Polsce. Atrakcje i porady","robots":{"index":"index","follow":"follow","max-snippet":"max-snippet:-1","max-image-preview":"max-image-preview:large","max-video-preview":"max-video-preview:-1"},"canonical":"https:\/\/www.e-wczasy.pl\/blog\/kalendarz-imprez-zimowych-w-gorach\/","og_locale":"pl_PL","og_type":"article","og_title":"Kalendarz imprez zimowych w g\u00f3rach - Blog E-wczasy.pl - Noclegi w Polsce. Atrakcje i porady","og_description":"O ile imprezy kojarz\u0105 si\u0119 nam przede wszystkim z latem, to na mapie Polski s\u0105 takie miasta, w kt\u00f3rych sezon na eventy trwa ca\u0142y rok. Specjalnie dla was przygotowali\u015bmy kalendarz imprez w popularnych g\u00f3rskich o\u015brodkach oraz nadmorskich kurortach, kt\u00f3re r\u00f3wnie\u017c zim\u0105 maj\u0105 wiele do zaoferowania! Zakopane Jak Zakopane to oczywi\u015bcie narty. Dnia\u00a09 lutego w stacji [&hellip;]","og_url":"https:\/\/www.e-wczasy.pl\/blog\/kalendarz-imprez-zimowych-w-gorach\/","og_site_name":"Blog E-wczasy.pl - Noclegi w Polsce. Atrakcje i porady","article_published_time":"2019-02-01T14:13:46+00:00","article_modified_time":"2019-10-15T13:48:55+00:00","og_image":[{"width":1400,"height":933,"url":"https:\/\/www.e-wczasy.pl\/blog\/wp-content\/uploads\/2019\/01\/Zakopanezabawa.jpg-e1549024243182.jpeg","type":"image\/jpeg"}],"author":"Marta G\u0142ug","twitter_card":"summary_large_image","twitter_misc":{"Napisane przez":"Marta G\u0142ug","Szacowany czas czytania":"3 minuty"},"schema":{"@context":"https:\/\/schema.org","@graph":[{"@type":"WebPage","@id":"https:\/\/www.e-wczasy.pl\/blog\/kalendarz-imprez-zimowych-w-gorach\/","url":"https:\/\/www.e-wczasy.pl\/blog\/kalendarz-imprez-zimowych-w-gorach\/","name":"Kalendarz imprez zimowych w g\u00f3rach - Blog E-wczasy.pl - Noclegi w Polsce. Atrakcje i porady","isPartOf":{"@id":"https:\/\/www.e-wczasy.pl\/blog\/#website"},"primaryImageOfPage":{"@id":"https:\/\/www.e-wczasy.pl\/blog\/kalendarz-imprez-zimowych-w-gorach\/#primaryimage"},"image":{"@id":"https:\/\/www.e-wczasy.pl\/blog\/kalendarz-imprez-zimowych-w-gorach\/#primaryimage"},"thumbnailUrl":"https:\/\/www.e-wczasy.pl\/blog\/wp-content\/uploads\/2019\/01\/Zakopanezabawa.jpg-e1549024243182.jpeg","datePublished":"2019-02-01T14:13:46+00:00","dateModified":"2019-10-15T13:48:55+00:00","author":{"@id":"https:\/\/www.e-wczasy.pl\/blog\/#\/schema\/person\/381a44e4e9e46db1690628cf2582e91a"},"breadcrumb":{"@id":"https:\/\/www.e-wczasy.pl\/blog\/kalendarz-imprez-zimowych-w-gorach\/#breadcrumb"},"inLanguage":"pl-PL","potentialAction":[{"@type":"ReadAction","target":["https:\/\/www.e-wczasy.pl\/blog\/kalendarz-imprez-zimowych-w-gorach\/"]}]},{"@type":"ImageObject","inLanguage":"pl-PL","@id":"https:\/\/www.e-wczasy.pl\/blog\/kalendarz-imprez-zimowych-w-gorach\/#primaryimage","url":"https:\/\/www.e-wczasy.pl\/blog\/wp-content\/uploads\/2019\/01\/Zakopanezabawa.jpg-e1549024243182.jpeg","contentUrl":"https:\/\/www.e-wczasy.pl\/blog\/wp-content\/uploads\/2019\/01\/Zakopanezabawa.jpg-e1549024243182.jpeg","width":1400,"height":933},{"@type":"BreadcrumbList","@id":"https:\/\/www.e-wczasy.pl\/blog\/kalendarz-imprez-zimowych-w-gorach\/#breadcrumb","itemListElement":[{"@type":"ListItem","position":1,"name":"Strona g\u0142\u00f3wna","item":"https:\/\/www.e-wczasy.pl\/blog\/"},{"@type":"ListItem","position":2,"name":"Kalendarz imprez zimowych w g\u00f3rach"}]},{"@type":"WebSite","@id":"https:\/\/www.e-wczasy.pl\/blog\/#website","url":"https:\/\/www.e-wczasy.pl\/blog\/","name":"Blog E-wczasy.pl - Noclegi w Polsce. Atrakcje i porady","description":"","potentialAction":[{"@type":"SearchAction","target":{"@type":"EntryPoint","urlTemplate":"https:\/\/www.e-wczasy.pl\/blog\/?s={search_term_string}"},"query-input":{"@type":"PropertyValueSpecification","valueRequired":true,"valueName":"search_term_string"}}],"inLanguage":"pl-PL"},{"@type":"Person","@id":"https:\/\/www.e-wczasy.pl\/blog\/#\/schema\/person\/381a44e4e9e46db1690628cf2582e91a","name":"Marta G\u0142ug","image":{"@type":"ImageObject","inLanguage":"pl-PL","@id":"https:\/\/www.e-wczasy.pl\/blog\/#\/schema\/person\/image\/","url":"https:\/\/secure.gravatar.com\/avatar\/597797864fe989a4eb16962210d3b7815f8a5b0aa8f9a3ce9a1aeb17f196b70f?s=96&d=mm&r=g","contentUrl":"https:\/\/secure.gravatar.com\/avatar\/597797864fe989a4eb16962210d3b7815f8a5b0aa8f9a3ce9a1aeb17f196b70f?s=96&d=mm&r=g","caption":"Marta G\u0142ug"},"description":"Odkrywanie \u015bwiata jest moj\u0105 pasj\u0105, kt\u00f3r\u0105 chce zara\u017ca\u0107 innych. Wykszta\u0142cenie zapewnia mi wiedz\u0119 o historii i kulturze, a kontakt z natur\u0105 daje energi\u0119 do dzia\u0142ania. Inspiracj\u0105 jest \u017cycie.","url":"https:\/\/www.e-wczasy.pl\/blog\/author\/marta\/"}]}},"modified_by":"\u0141ukasz Szymczak","_links":{"self":[{"href":"https:\/\/www.e-wczasy.pl\/blog\/wp-json\/wp\/v2\/posts\/1783","targetHints":{"allow":["GET"]}}],"collection":[{"href":"https:\/\/www.e-wczasy.pl\/blog\/wp-json\/wp\/v2\/posts"}],"about":[{"href":"https:\/\/www.e-wczasy.pl\/blog\/wp-json\/wp\/v2\/types\/post"}],"author":[{"embeddable":true,"href":"https:\/\/www.e-wczasy.pl\/blog\/wp-json\/wp\/v2\/users\/4"}],"replies":[{"embeddable":true,"href":"https:\/\/www.e-wczasy.pl\/blog\/wp-json\/wp\/v2\/comments?post=1783"}],"version-history":[{"count":10,"href":"https:\/\/www.e-wczasy.pl\/blog\/wp-json\/wp\/v2\/posts\/1783\/revisions"}],"predecessor-version":[{"id":3701,"href":"https:\/\/www.e-wczasy.pl\/blog\/wp-json\/wp\/v2\/posts\/1783\/revisions\/3701"}],"wp:featuredmedia":[{"embeddable":true,"href":"https:\/\/www.e-wczasy.pl\/blog\/wp-json\/wp\/v2\/media\/1791"}],"wp:attachment":[{"href":"https:\/\/www.e-wczasy.pl\/blog\/wp-json\/wp\/v2\/media?parent=1783"}],"wp:term":[{"taxonomy":"category","embeddable":true,"href":"https:\/\/www.e-wczasy.pl\/blog\/wp-json\/wp\/v2\/categories?post=1783"},{"taxonomy":"post_tag","embeddable":true,"href":"https:\/\/www.e-wczasy.pl\/blog\/wp-json\/wp\/v2\/tags?post=1783"}],"curies":[{"name":"wp","href":"https:\/\/api.w.org\/{rel}","templated":true}]}}