{"id":1143,"date":"2018-09-05T15:23:54","date_gmt":"2018-09-05T13:23:54","guid":{"rendered":"http:\/\/www.e-wczasy.pl\/blog\/?p=1143"},"modified":"2020-01-31T19:53:03","modified_gmt":"2020-01-31T18:53:03","slug":"przeglad-wydarzen-w-karpaczu-i-szklarskiej-porebie-wrzesien-2018","status":"publish","type":"post","link":"https:\/\/www.e-wczasy.pl\/blog\/przeglad-wydarzen-w-karpaczu-i-szklarskiej-porebie-wrzesien-2018\/","title":{"rendered":"Przegl\u0105d wydarze\u0144 w Karpaczu i Szklarskiej Por\u0119bie: wrzesie\u0144 2018"},"content":{"rendered":"<p><strong>Przygotowali\u015bmy dla Was wrze\u015bniowy kalendarz imprez. Znajdziesz w nim ciekawe wydarzenia ze <a href=\"https:\/\/www.e-wczasy.pl\/noclegi\/szklarska-poreba\">Szklarskiej Por\u0119by<\/a> oraz Karpacza. Postaw na rozrywk\u0119 i wy\u015bmienit\u0105 zabaw\u0119!<\/strong><\/p>\n<h2><strong>XV Przej\u015bcie Dooko\u0142a Kotliny Jeleniog\u00f3rskiej 2018<\/strong><\/h2>\n<p><span style=\"font-weight: 400;\">Przej\u015bcie Dooko\u0142a Kotliny Jeleniog\u00f3rskiej to impreza dedykowana dla wszystkich tych, kt\u00f3rzy nie boj\u0105 si\u0119 ekstremalnych wyzwa\u0144. Ca\u0142a trasa mierzy 137 km, a czas na jej przemierzenie to zaledwie 48 godzin! Do pokonania ska\u0142y, kamienie, piach, kurz oraz zmienna pogoda &#8211; raz s\u0142o\u0144ce, a za moment orze\u017awiaj\u0105cy deszcz. <\/span><\/p>\n<p><span style=\"font-weight: 400;\"><strong>Dystans:<\/strong> 137 km<\/span><\/p>\n<p><span style=\"font-weight: 400;\"><strong>Limit:<\/strong> 48 h<\/span><\/p>\n<p><span style=\"font-weight: 400;\"><strong>Data:<\/strong> 14.09.-16.09.2018 r.<\/span><\/p>\n<p><span style=\"font-weight: 400;\"><strong>Start\/meta:<\/strong> Szklarska Por\u0119ba<\/span><\/p>\n<p><span style=\"font-weight: 400;\">Organizatorzy wyznaczyli r\u00f3wnie\u017c dwie inne trasy:<\/span><\/p>\n<p><strong>PO\u0141OWA PRZEJ\u015aCIA<\/strong><\/p>\n<p><span style=\"font-weight: 400;\"><strong>Dystans:<\/strong> 70 km<\/span><\/p>\n<p><span style=\"font-weight: 400;\"><strong>Limit:<\/strong> 24 h<\/span><\/p>\n<p><span style=\"font-weight: 400;\"><strong>Data:<\/strong> 15.09-16.09.2018 r.<\/span><\/p>\n<p><span style=\"font-weight: 400;\"><strong>Start:<\/strong> \u0141ysa G\u00f3ra<\/span><\/p>\n<p><span style=\"font-weight: 400;\"><strong>Meta:<\/strong> Szklarska Por\u0119ba<\/span><\/p>\n<p><strong>MA\u0141E PRZEJ\u015aCIE<\/strong><\/p>\n<p><span style=\"font-weight: 400;\">Trasa stworzona specjalnie dla rodzin uczestnik\u00f3w oraz znajomych. Ma\u0142e Przej\u015bcie to wycieczka turystyczna z przewodnikiem sudeckim po pi\u0119knych g\u00f3rskich terenach. Wycieczka skierowana jest r\u00f3wnie\u017c do dzieci.<\/span><\/p>\n<p>Poni\u017cej znajdziesz relacj\u0119 z poprzedniej edycji:<\/p>\n<p><iframe src=\"https:\/\/www.youtube.com\/embed\/NphFE2O3kdg\" width=\"560\" height=\"315\" frameborder=\"0\" allowfullscreen=\"allowfullscreen\"><\/iframe><\/p>\n<hr \/>\n<h2><strong><img fetchpriority=\"high\" decoding=\"async\" class=\"alignright wp-image-1185\" src=\"https:\/\/www.e-wczasy.pl\/blog\/wp-content\/uploads\/2018\/09\/kontrabasista.jpg\" alt=\"\" width=\"340\" height=\"480\" \/>Spektakl Kontrabasista<\/strong><\/h2>\n<p><span style=\"font-weight: 400;\"><em>Kontrabasista<\/em> w wykonaniu Krzysztofa Rogacewicza po sukcesie na Festiwalu UNITED SOLO 2016 w Nowym Jorku zdobywa kolejne wyr\u00f3\u017cnienia i nagrody na imprezach na mi\u0119dzynarodowym szczeblu. <\/span><\/p>\n<p><span style=\"font-weight: 400;\">Spektakl z jednej strony przepe\u0142niony jest nostalgi\u0105, z drugiej za\u015b nie brakuje w nim element\u00f3w groteskowych. <\/span><\/p>\n<p><span style=\"font-weight: 400;\"><strong>Miejsce:<\/strong><br \/>\nul. Kopernika 14, Szklarska Por\u0119ba<\/span><\/p>\n<p><span style=\"font-weight: 400;\"><strong>Data:<\/strong> 15.09.2018 r.<\/span><\/p>\n<p><span style=\"font-weight: 400;\"><strong>Godzina:<\/strong> 19:00<\/span><\/p>\n<p>&nbsp;<\/p>\n<hr \/>\n<h2>600 lat historii Karpacza &#8211; Przystanek Historia<\/h2>\n<p><span style=\"font-weight: 400;\">Dnia 8 wrze\u015bnia 2018 roku rusza si\u00f3dma wycieczka cyklu, kt\u00f3rej celem jest wej\u015bcie na wierzcho\u0142ki g\u00f3r, kt\u00f3re NIE znajduj\u0105 si\u0119 na terenie Karkonoskiego Parku Narodowego. To oznacza, \u017ce fragmentami podr\u00f3\u017c b\u0119dzie naprawd\u0119 wymagaj\u0105ca &#8211; spacer jest trudny i cz\u0119sto prowadzi poza szlakami. Program przewiduje spacer po jedenastu g\u00f3rach, a w\u015br\u00f3d nich: Ksi\u0119\u017ca G\u00f3ra (najni\u017csza &#8211; 628 m n.p.m.), Garb, Pohulanka, Karpatka, Sosnowiec, Husycka G\u00f3ra, Saneczkowa, Izbica, Bu\u0142awa, Czarna G\u00f3ra oraz Suszyca (najwy\u017csza &#8211; 1061 m n.p.m.). Dla uczestnik\u00f3w spaceru przygotowano wiele niespodzianek i atrakcji!<\/span><\/p>\n<p><span style=\"font-weight: 400;\"><strong>Termin:<\/strong> 08.09.2018 r., godz. 09;00<\/span><\/p>\n<p><span style=\"font-weight: 400;\"><strong>Miejsce spotkania:<\/strong> przystanek autobusowy WANG, Karpacz G\u00f3rny<\/span><\/p>\n<p><span style=\"font-weight: 400;\"><strong>Dystans:<\/strong> 18-25 km<\/span><\/p>\n<p><strong><a href=\"https:\/\/www.e-wczasy.pl\/noclegi\/karpacz\">Noclegi w Karpaczu<\/a><\/strong>\u00a0&#8211; sprawd\u017a nasze propozycje:<\/p>\n<div class=\"su-image-carousel  su-image-carousel-columns-2 su-image-carousel-has-spacing su-image-carousel-crop su-image-carousel-crop-4-3 su-image-carousel-has-outline su-image-carousel-adaptive su-image-carousel-slides-style-minimal su-image-carousel-controls-style-light su-image-carousel-align-none\" style=\"\" data-flickity-options='{\"groupCells\":true,\"cellSelector\":\".su-image-carousel-item\",\"adaptiveHeight\":false,\"cellAlign\":\"left\",\"prevNextButtons\":true,\"pageDots\":false,\"autoPlay\":5000,\"imagesLoaded\":true,\"contain\":true,\"selectedAttraction\":0.15,\"friction\":1}' id=\"su_image_carousel_69f139d8885f9\"><div class=\"su-image-carousel-item\"><div class=\"su-image-carousel-item-content\"><a href=\"http:\/\/www.e-wczasy.pl\/villa-vega,11743\" target=\"_blank\" rel=\"noopener noreferrer\" data-caption=\"Villa Vega\"><img decoding=\"async\" width=\"250\" height=\"200\" src=\"https:\/\/www.e-wczasy.pl\/blog\/wp-content\/uploads\/2018\/07\/villa-vega-11743.jpg\" class=\"\" alt=\"\" \/><span>Villa Vega<\/span><\/a><\/div><\/div><div class=\"su-image-carousel-item\"><div class=\"su-image-carousel-item-content\"><a href=\"http:\/\/www.e-wczasy.pl\/hotel-karolinka,5296\" target=\"_blank\" rel=\"noopener noreferrer\" data-caption=\"Hotel Karolinka\"><img decoding=\"async\" width=\"250\" height=\"200\" src=\"https:\/\/www.e-wczasy.pl\/blog\/wp-content\/uploads\/2018\/07\/hotel-karolinka-5296.jpg\" class=\"\" alt=\"\" \/><span>Hotel Karolinka<\/span><\/a><\/div><\/div><div class=\"su-image-carousel-item\"><div class=\"su-image-carousel-item-content\"><a href=\"http:\/\/www.e-wczasy.pl\/willa-szyszka,7885\" target=\"_blank\" rel=\"noopener noreferrer\" data-caption=\"Willa Szyszka\"><img loading=\"lazy\" decoding=\"async\" width=\"250\" height=\"200\" src=\"https:\/\/www.e-wczasy.pl\/blog\/wp-content\/uploads\/2018\/07\/willa-szyszka-7885.jpg\" class=\"\" alt=\"\" \/><span>Willa Szyszka<\/span><\/a><\/div><\/div><div class=\"su-image-carousel-item\"><div class=\"su-image-carousel-item-content\"><a href=\"http:\/\/www.e-wczasy.pl\/willa-petrus-karpacz,11766\" target=\"_blank\" rel=\"noopener noreferrer\" data-caption=\"Willa Petrus\"><img loading=\"lazy\" decoding=\"async\" width=\"250\" height=\"200\" src=\"https:\/\/www.e-wczasy.pl\/blog\/wp-content\/uploads\/2018\/07\/willa-petrus-11766.jpg\" class=\"\" alt=\"\" \/><span>Willa Petrus<\/span><\/a><\/div><\/div><div class=\"su-image-carousel-item\"><div class=\"su-image-carousel-item-content\"><a href=\"http:\/\/www.e-wczasy.pl\/willa-perla,5285\" target=\"_blank\" rel=\"noopener noreferrer\" data-caption=\"Willa Perla\"><img loading=\"lazy\" decoding=\"async\" width=\"250\" height=\"200\" src=\"https:\/\/www.e-wczasy.pl\/blog\/wp-content\/uploads\/2018\/07\/willa-perla-5285.jpg\" class=\"\" alt=\"\" \/><span>Willa Perla<\/span><\/a><\/div><\/div><\/div><script id=\"su_image_carousel_69f139d8885f9_script\">if(window.SUImageCarousel){setTimeout(function() {window.SUImageCarousel.initGallery(document.getElementById(\"su_image_carousel_69f139d8885f9\"))}, 0);}var su_image_carousel_69f139d8885f9_script=document.getElementById(\"su_image_carousel_69f139d8885f9_script\");if(su_image_carousel_69f139d8885f9_script){su_image_carousel_69f139d8885f9_script.parentNode.removeChild(su_image_carousel_69f139d8885f9_script);}<\/script>\n<hr \/>\n<h2>XVI Lawina &#8211; Mi\u0119dzynarodowy Marszobieg ze \u015anie\u017cki do Samotni<\/h2>\n<p>Uwielbiasz marszobiegi? Chcia\u0142by\u015b spr\u00f3bowa\u0107 swoich si\u0142 w g\u00f3rach? Ju\u017c 8 wrze\u015bnia startuje szesnasta edycja najwi\u0119kszej sportowej imprezy, kt\u00f3rej organizatorem jest schronisko Samotnia. Impreza skierowana jest do ka\u017cdego &#8211; tutaj \u015bwietnie odnajd\u0105 si\u0119 do\u015bwiadczeni biegacze, jak i ci, dla kt\u00f3rych bieganie to \u015bwietna rozrywka i oderwanie si\u0119 od codziennych obowi\u0105zk\u00f3w! Zawodnicy b\u0119d\u0105 mie\u0107 do pokonania tras\u0119 o d\u0142ugo\u015bci 6 km.<\/p>\n<p><strong>Termin:<\/strong> 08.09.2018 r., godz. 13:00<\/p>\n<p><strong>Start:<\/strong> \u015anie\u017cka<\/p>\n<p><strong>Meta:<\/strong> schronisko Samotnia<\/p>\n<p>&nbsp;<\/p>\n","protected":false},"excerpt":{"rendered":"<p>Przygotowali\u015bmy dla Was wrze\u015bniowy kalendarz imprez. Znajdziesz w nim ciekawe wydarzenia ze Szklarskiej Por\u0119by oraz Karpacza. Postaw na rozrywk\u0119 i wy\u015bmienit\u0105 zabaw\u0119! XV Przej\u015bcie Dooko\u0142a Kotliny Jeleniog\u00f3rskiej 2018 Przej\u015bcie Dooko\u0142a Kotliny Jeleniog\u00f3rskiej to impreza dedykowana dla wszystkich tych, kt\u00f3rzy nie boj\u0105 si\u0119 ekstremalnych wyzwa\u0144. Ca\u0142a trasa mierzy 137 km, a czas na jej przemierzenie to [&hellip;]<\/p>\n","protected":false},"author":2,"featured_media":1179,"comment_status":"closed","ping_status":"open","sticky":false,"template":"","format":"standard","meta":{"_lmt_disableupdate":"","_lmt_disable":"","footnotes":""},"categories":[111],"tags":[53,54,8],"class_list":{"0":"post-1143","1":"post","2":"type-post","3":"status-publish","4":"format-standard","5":"has-post-thumbnail","7":"category-wydarzenia","8":"tag-karpacz","9":"tag-szklarska-poreba","10":"tag-w-gorach"},"yoast_head":"<!-- This site is optimized with the Yoast SEO plugin v26.1.1 - https:\/\/yoast.com\/wordpress\/plugins\/seo\/ -->\n<title>Przegl\u0105d wydarze\u0144 w Karpaczu i Szklarskiej Por\u0119bie: wrzesie\u0144 2018 - Blog E-wczasy.pl - Noclegi w Polsce. Atrakcje i porady<\/title>\n<meta name=\"robots\" content=\"index, follow, max-snippet:-1, max-image-preview:large, max-video-preview:-1\" \/>\n<link rel=\"canonical\" href=\"https:\/\/www.e-wczasy.pl\/blog\/przeglad-wydarzen-w-karpaczu-i-szklarskiej-porebie-wrzesien-2018\/\" \/>\n<meta property=\"og:locale\" content=\"pl_PL\" \/>\n<meta property=\"og:type\" content=\"article\" \/>\n<meta property=\"og:title\" content=\"Przegl\u0105d wydarze\u0144 w Karpaczu i Szklarskiej Por\u0119bie: wrzesie\u0144 2018 - Blog E-wczasy.pl - Noclegi w Polsce. Atrakcje i porady\" \/>\n<meta property=\"og:description\" content=\"Przygotowali\u015bmy dla Was wrze\u015bniowy kalendarz imprez. Znajdziesz w nim ciekawe wydarzenia ze Szklarskiej Por\u0119by oraz Karpacza. Postaw na rozrywk\u0119 i wy\u015bmienit\u0105 zabaw\u0119! XV Przej\u015bcie Dooko\u0142a Kotliny Jeleniog\u00f3rskiej 2018 Przej\u015bcie Dooko\u0142a Kotliny Jeleniog\u00f3rskiej to impreza dedykowana dla wszystkich tych, kt\u00f3rzy nie boj\u0105 si\u0119 ekstremalnych wyzwa\u0144. Ca\u0142a trasa mierzy 137 km, a czas na jej przemierzenie to [&hellip;]\" \/>\n<meta property=\"og:url\" content=\"https:\/\/www.e-wczasy.pl\/blog\/przeglad-wydarzen-w-karpaczu-i-szklarskiej-porebie-wrzesien-2018\/\" \/>\n<meta property=\"og:site_name\" content=\"Blog E-wczasy.pl - Noclegi w Polsce. Atrakcje i porady\" \/>\n<meta property=\"article:published_time\" content=\"2018-09-05T13:23:54+00:00\" \/>\n<meta property=\"article:modified_time\" content=\"2020-01-31T18:53:03+00:00\" \/>\n<meta property=\"og:image\" content=\"https:\/\/www.e-wczasy.pl\/blog\/wp-content\/uploads\/2018\/09\/binoculars-3616333_1920-e1538555363591.jpg\" \/>\n\t<meta property=\"og:image:width\" content=\"1400\" \/>\n\t<meta property=\"og:image:height\" content=\"933\" \/>\n\t<meta property=\"og:image:type\" content=\"image\/jpeg\" \/>\n<meta name=\"author\" content=\"Dominika Kawczy\u0144ska\" \/>\n<meta name=\"twitter:card\" content=\"summary_large_image\" \/>\n<meta name=\"twitter:label1\" content=\"Napisane przez\" \/>\n\t<meta name=\"twitter:data1\" content=\"Dominika Kawczy\u0144ska\" \/>\n\t<meta name=\"twitter:label2\" content=\"Szacowany czas czytania\" \/>\n\t<meta name=\"twitter:data2\" content=\"2 minuty\" \/>\n<script type=\"application\/ld+json\" class=\"yoast-schema-graph\">{\"@context\":\"https:\/\/schema.org\",\"@graph\":[{\"@type\":\"WebPage\",\"@id\":\"https:\/\/www.e-wczasy.pl\/blog\/przeglad-wydarzen-w-karpaczu-i-szklarskiej-porebie-wrzesien-2018\/\",\"url\":\"https:\/\/www.e-wczasy.pl\/blog\/przeglad-wydarzen-w-karpaczu-i-szklarskiej-porebie-wrzesien-2018\/\",\"name\":\"Przegl\u0105d wydarze\u0144 w Karpaczu i Szklarskiej Por\u0119bie: wrzesie\u0144 2018 - Blog E-wczasy.pl - Noclegi w Polsce. Atrakcje i porady\",\"isPartOf\":{\"@id\":\"https:\/\/www.e-wczasy.pl\/blog\/#website\"},\"primaryImageOfPage\":{\"@id\":\"https:\/\/www.e-wczasy.pl\/blog\/przeglad-wydarzen-w-karpaczu-i-szklarskiej-porebie-wrzesien-2018\/#primaryimage\"},\"image\":{\"@id\":\"https:\/\/www.e-wczasy.pl\/blog\/przeglad-wydarzen-w-karpaczu-i-szklarskiej-porebie-wrzesien-2018\/#primaryimage\"},\"thumbnailUrl\":\"https:\/\/www.e-wczasy.pl\/blog\/wp-content\/uploads\/2018\/09\/binoculars-3616333_1920-e1538555363591.jpg\",\"datePublished\":\"2018-09-05T13:23:54+00:00\",\"dateModified\":\"2020-01-31T18:53:03+00:00\",\"author\":{\"@id\":\"https:\/\/www.e-wczasy.pl\/blog\/#\/schema\/person\/394bb11435caed9d0c3323e910bdee43\"},\"breadcrumb\":{\"@id\":\"https:\/\/www.e-wczasy.pl\/blog\/przeglad-wydarzen-w-karpaczu-i-szklarskiej-porebie-wrzesien-2018\/#breadcrumb\"},\"inLanguage\":\"pl-PL\",\"potentialAction\":[{\"@type\":\"ReadAction\",\"target\":[\"https:\/\/www.e-wczasy.pl\/blog\/przeglad-wydarzen-w-karpaczu-i-szklarskiej-porebie-wrzesien-2018\/\"]}]},{\"@type\":\"ImageObject\",\"inLanguage\":\"pl-PL\",\"@id\":\"https:\/\/www.e-wczasy.pl\/blog\/przeglad-wydarzen-w-karpaczu-i-szklarskiej-porebie-wrzesien-2018\/#primaryimage\",\"url\":\"https:\/\/www.e-wczasy.pl\/blog\/wp-content\/uploads\/2018\/09\/binoculars-3616333_1920-e1538555363591.jpg\",\"contentUrl\":\"https:\/\/www.e-wczasy.pl\/blog\/wp-content\/uploads\/2018\/09\/binoculars-3616333_1920-e1538555363591.jpg\",\"width\":1400,\"height\":933},{\"@type\":\"BreadcrumbList\",\"@id\":\"https:\/\/www.e-wczasy.pl\/blog\/przeglad-wydarzen-w-karpaczu-i-szklarskiej-porebie-wrzesien-2018\/#breadcrumb\",\"itemListElement\":[{\"@type\":\"ListItem\",\"position\":1,\"name\":\"Strona g\u0142\u00f3wna\",\"item\":\"https:\/\/www.e-wczasy.pl\/blog\/\"},{\"@type\":\"ListItem\",\"position\":2,\"name\":\"Przegl\u0105d wydarze\u0144 w Karpaczu i Szklarskiej Por\u0119bie: wrzesie\u0144 2018\"}]},{\"@type\":\"WebSite\",\"@id\":\"https:\/\/www.e-wczasy.pl\/blog\/#website\",\"url\":\"https:\/\/www.e-wczasy.pl\/blog\/\",\"name\":\"Blog E-wczasy.pl - Noclegi w Polsce. Atrakcje i porady\",\"description\":\"\",\"potentialAction\":[{\"@type\":\"SearchAction\",\"target\":{\"@type\":\"EntryPoint\",\"urlTemplate\":\"https:\/\/www.e-wczasy.pl\/blog\/?s={search_term_string}\"},\"query-input\":{\"@type\":\"PropertyValueSpecification\",\"valueRequired\":true,\"valueName\":\"search_term_string\"}}],\"inLanguage\":\"pl-PL\"},{\"@type\":\"Person\",\"@id\":\"https:\/\/www.e-wczasy.pl\/blog\/#\/schema\/person\/394bb11435caed9d0c3323e910bdee43\",\"name\":\"Dominika Kawczy\u0144ska\",\"image\":{\"@type\":\"ImageObject\",\"inLanguage\":\"pl-PL\",\"@id\":\"https:\/\/www.e-wczasy.pl\/blog\/#\/schema\/person\/image\/\",\"url\":\"https:\/\/secure.gravatar.com\/avatar\/4ef3d7b65152c0ba6b9f8f6fcda9d1b7d4f0c8ae78beb3143c37ffa19c0e5381?s=96&d=mm&r=g\",\"contentUrl\":\"https:\/\/secure.gravatar.com\/avatar\/4ef3d7b65152c0ba6b9f8f6fcda9d1b7d4f0c8ae78beb3143c37ffa19c0e5381?s=96&d=mm&r=g\",\"caption\":\"Dominika Kawczy\u0144ska\"},\"url\":\"https:\/\/www.e-wczasy.pl\/blog\/author\/dominika\/\"}]}<\/script>\n<!-- \/ Yoast SEO plugin. -->","yoast_head_json":{"title":"Przegl\u0105d wydarze\u0144 w Karpaczu i Szklarskiej Por\u0119bie: wrzesie\u0144 2018 - Blog E-wczasy.pl - Noclegi w Polsce. Atrakcje i porady","robots":{"index":"index","follow":"follow","max-snippet":"max-snippet:-1","max-image-preview":"max-image-preview:large","max-video-preview":"max-video-preview:-1"},"canonical":"https:\/\/www.e-wczasy.pl\/blog\/przeglad-wydarzen-w-karpaczu-i-szklarskiej-porebie-wrzesien-2018\/","og_locale":"pl_PL","og_type":"article","og_title":"Przegl\u0105d wydarze\u0144 w Karpaczu i Szklarskiej Por\u0119bie: wrzesie\u0144 2018 - Blog E-wczasy.pl - Noclegi w Polsce. Atrakcje i porady","og_description":"Przygotowali\u015bmy dla Was wrze\u015bniowy kalendarz imprez. Znajdziesz w nim ciekawe wydarzenia ze Szklarskiej Por\u0119by oraz Karpacza. Postaw na rozrywk\u0119 i wy\u015bmienit\u0105 zabaw\u0119! XV Przej\u015bcie Dooko\u0142a Kotliny Jeleniog\u00f3rskiej 2018 Przej\u015bcie Dooko\u0142a Kotliny Jeleniog\u00f3rskiej to impreza dedykowana dla wszystkich tych, kt\u00f3rzy nie boj\u0105 si\u0119 ekstremalnych wyzwa\u0144. Ca\u0142a trasa mierzy 137 km, a czas na jej przemierzenie to [&hellip;]","og_url":"https:\/\/www.e-wczasy.pl\/blog\/przeglad-wydarzen-w-karpaczu-i-szklarskiej-porebie-wrzesien-2018\/","og_site_name":"Blog E-wczasy.pl - Noclegi w Polsce. Atrakcje i porady","article_published_time":"2018-09-05T13:23:54+00:00","article_modified_time":"2020-01-31T18:53:03+00:00","og_image":[{"width":1400,"height":933,"url":"https:\/\/www.e-wczasy.pl\/blog\/wp-content\/uploads\/2018\/09\/binoculars-3616333_1920-e1538555363591.jpg","type":"image\/jpeg"}],"author":"Dominika Kawczy\u0144ska","twitter_card":"summary_large_image","twitter_misc":{"Napisane przez":"Dominika Kawczy\u0144ska","Szacowany czas czytania":"2 minuty"},"schema":{"@context":"https:\/\/schema.org","@graph":[{"@type":"WebPage","@id":"https:\/\/www.e-wczasy.pl\/blog\/przeglad-wydarzen-w-karpaczu-i-szklarskiej-porebie-wrzesien-2018\/","url":"https:\/\/www.e-wczasy.pl\/blog\/przeglad-wydarzen-w-karpaczu-i-szklarskiej-porebie-wrzesien-2018\/","name":"Przegl\u0105d wydarze\u0144 w Karpaczu i Szklarskiej Por\u0119bie: wrzesie\u0144 2018 - Blog E-wczasy.pl - Noclegi w Polsce. Atrakcje i porady","isPartOf":{"@id":"https:\/\/www.e-wczasy.pl\/blog\/#website"},"primaryImageOfPage":{"@id":"https:\/\/www.e-wczasy.pl\/blog\/przeglad-wydarzen-w-karpaczu-i-szklarskiej-porebie-wrzesien-2018\/#primaryimage"},"image":{"@id":"https:\/\/www.e-wczasy.pl\/blog\/przeglad-wydarzen-w-karpaczu-i-szklarskiej-porebie-wrzesien-2018\/#primaryimage"},"thumbnailUrl":"https:\/\/www.e-wczasy.pl\/blog\/wp-content\/uploads\/2018\/09\/binoculars-3616333_1920-e1538555363591.jpg","datePublished":"2018-09-05T13:23:54+00:00","dateModified":"2020-01-31T18:53:03+00:00","author":{"@id":"https:\/\/www.e-wczasy.pl\/blog\/#\/schema\/person\/394bb11435caed9d0c3323e910bdee43"},"breadcrumb":{"@id":"https:\/\/www.e-wczasy.pl\/blog\/przeglad-wydarzen-w-karpaczu-i-szklarskiej-porebie-wrzesien-2018\/#breadcrumb"},"inLanguage":"pl-PL","potentialAction":[{"@type":"ReadAction","target":["https:\/\/www.e-wczasy.pl\/blog\/przeglad-wydarzen-w-karpaczu-i-szklarskiej-porebie-wrzesien-2018\/"]}]},{"@type":"ImageObject","inLanguage":"pl-PL","@id":"https:\/\/www.e-wczasy.pl\/blog\/przeglad-wydarzen-w-karpaczu-i-szklarskiej-porebie-wrzesien-2018\/#primaryimage","url":"https:\/\/www.e-wczasy.pl\/blog\/wp-content\/uploads\/2018\/09\/binoculars-3616333_1920-e1538555363591.jpg","contentUrl":"https:\/\/www.e-wczasy.pl\/blog\/wp-content\/uploads\/2018\/09\/binoculars-3616333_1920-e1538555363591.jpg","width":1400,"height":933},{"@type":"BreadcrumbList","@id":"https:\/\/www.e-wczasy.pl\/blog\/przeglad-wydarzen-w-karpaczu-i-szklarskiej-porebie-wrzesien-2018\/#breadcrumb","itemListElement":[{"@type":"ListItem","position":1,"name":"Strona g\u0142\u00f3wna","item":"https:\/\/www.e-wczasy.pl\/blog\/"},{"@type":"ListItem","position":2,"name":"Przegl\u0105d wydarze\u0144 w Karpaczu i Szklarskiej Por\u0119bie: wrzesie\u0144 2018"}]},{"@type":"WebSite","@id":"https:\/\/www.e-wczasy.pl\/blog\/#website","url":"https:\/\/www.e-wczasy.pl\/blog\/","name":"Blog E-wczasy.pl - Noclegi w Polsce. Atrakcje i porady","description":"","potentialAction":[{"@type":"SearchAction","target":{"@type":"EntryPoint","urlTemplate":"https:\/\/www.e-wczasy.pl\/blog\/?s={search_term_string}"},"query-input":{"@type":"PropertyValueSpecification","valueRequired":true,"valueName":"search_term_string"}}],"inLanguage":"pl-PL"},{"@type":"Person","@id":"https:\/\/www.e-wczasy.pl\/blog\/#\/schema\/person\/394bb11435caed9d0c3323e910bdee43","name":"Dominika Kawczy\u0144ska","image":{"@type":"ImageObject","inLanguage":"pl-PL","@id":"https:\/\/www.e-wczasy.pl\/blog\/#\/schema\/person\/image\/","url":"https:\/\/secure.gravatar.com\/avatar\/4ef3d7b65152c0ba6b9f8f6fcda9d1b7d4f0c8ae78beb3143c37ffa19c0e5381?s=96&d=mm&r=g","contentUrl":"https:\/\/secure.gravatar.com\/avatar\/4ef3d7b65152c0ba6b9f8f6fcda9d1b7d4f0c8ae78beb3143c37ffa19c0e5381?s=96&d=mm&r=g","caption":"Dominika Kawczy\u0144ska"},"url":"https:\/\/www.e-wczasy.pl\/blog\/author\/dominika\/"}]}},"modified_by":"Redakcja E-WCZASY","_links":{"self":[{"href":"https:\/\/www.e-wczasy.pl\/blog\/wp-json\/wp\/v2\/posts\/1143","targetHints":{"allow":["GET"]}}],"collection":[{"href":"https:\/\/www.e-wczasy.pl\/blog\/wp-json\/wp\/v2\/posts"}],"about":[{"href":"https:\/\/www.e-wczasy.pl\/blog\/wp-json\/wp\/v2\/types\/post"}],"author":[{"embeddable":true,"href":"https:\/\/www.e-wczasy.pl\/blog\/wp-json\/wp\/v2\/users\/2"}],"replies":[{"embeddable":true,"href":"https:\/\/www.e-wczasy.pl\/blog\/wp-json\/wp\/v2\/comments?post=1143"}],"version-history":[{"count":12,"href":"https:\/\/www.e-wczasy.pl\/blog\/wp-json\/wp\/v2\/posts\/1143\/revisions"}],"predecessor-version":[{"id":4622,"href":"https:\/\/www.e-wczasy.pl\/blog\/wp-json\/wp\/v2\/posts\/1143\/revisions\/4622"}],"wp:featuredmedia":[{"embeddable":true,"href":"https:\/\/www.e-wczasy.pl\/blog\/wp-json\/wp\/v2\/media\/1179"}],"wp:attachment":[{"href":"https:\/\/www.e-wczasy.pl\/blog\/wp-json\/wp\/v2\/media?parent=1143"}],"wp:term":[{"taxonomy":"category","embeddable":true,"href":"https:\/\/www.e-wczasy.pl\/blog\/wp-json\/wp\/v2\/categories?post=1143"},{"taxonomy":"post_tag","embeddable":true,"href":"https:\/\/www.e-wczasy.pl\/blog\/wp-json\/wp\/v2\/tags?post=1143"}],"curies":[{"name":"wp","href":"https:\/\/api.w.org\/{rel}","templated":true}]}}